{"id":14753,"date":"2026-06-05T22:19:09","date_gmt":"2026-06-05T19:19:09","guid":{"rendered":"https:\/\/imgist.ru\/aktery-seriala-baffi-istrebitelnicza-vampirov-otdali-dan-pamyati-entoni-hedu-posle-ego-smerti-v-vozraste-72-let-on-byl-luchshim-iz-nas\/"},"modified":"2026-08-29T12:14:17","modified_gmt":"2026-08-29T09:14:17","slug":"o-ator-seria-um-istrebitelnicza-%d0%b2%d0%b0%d0%bc%d0%bf%d0%b8%d1%80%d0%be%d0%b2-%d0%be%d1%82%d0%b4%d0%b0%d0%bb%d0%b8-%d0%b4%d0%b0%d0%bd-%d0%bf%d0%b0%d0%bc%d1%8f%d1%82%d0%b8-%d0%b5%d0%bd%d1%82%d0%be","status":"publish","type":"post","link":"https:\/\/imgist.ru\/pt\/aktery-seriala-baffi-istrebitelnicza-vampirov-otdali-dan-pamyati-entoni-hedu-posle-ego-smerti-v-vozraste-72-let-on-byl-luchshim-iz-nas\/","title":{"rendered":"O elenco de Buffy, a Ca\u00e7a-Vampiros, prestou homenagem a Anthony Head ap\u00f3s sua morte aos 72 anos: &quot;Ele era o melhor de n\u00f3s.&quot;."},"content":{"rendered":"<h3>PRECISA SABER<\/h3>\n<ul>\n<li>\n<p> As filhas de Anthony Head confirmaram sua morte, aos 72 anos, na sexta-feira, 5 de junho, e compartilharam uma mensagem sobre seu legado e impacto.<\/p>\n<\/li>\n<li>\n<p> Estrelas <em>Buffy, a Ca\u00e7a-Vampiros\u00ab<\/em> James Marsters, David Boreanaz e Clare Kramer compartilharam homenagens emocionantes ao seu falecido colega de elenco.<\/p>\n<\/li>\n<li>\n<p> O ator Brett Goldstein, que interpretou <em>Ted Lasso<\/em> , e o criador <em>S\u00e9rie de TV &quot;Pequena Gr\u00e3-Bretanha&quot;\u00ab<\/em> Matt Lucas tamb\u00e9m lembrou da gentileza, do talento e do impacto duradouro de Head.<\/p>\n<\/li>\n<\/ul>\n<p> Atores da s\u00e9rie <em>\u00abBuffy, a Ca\u00e7a-Vampiros\u00bb<\/em> Homenagens est\u00e3o sendo prestadas a Anthony Head ap\u00f3s a not\u00edcia de sua morte, aos 72 anos, na sexta-feira, 5 de junho.<\/p>\n<p> James Marsters, que interpretou Spike na adorada s\u00e9rie sobrenatural, lembrou-se de Head como algu\u00e9m que o orientou tanto dentro quanto fora das telas.<\/p>\n<p> \u00ab&quot;H\u00e1 um vazio no mundo. Anthony Head faleceu&quot;, escreveu Marsters no Instagram. &quot;Ele era uma pessoa sempre gentil e confi\u00e1vel no set de filmagem.&quot; <em>\u00abBuffy\u00bb<\/em> , E o melhor ator do elenco. Ele era o melhor de n\u00f3s. Tive a sorte de conhec\u00ea-lo e aprender com ele. Ele tornou o mundo um lugar melhor simplesmente por estar presente. Obrigado, Tony, por tudo que voc\u00ea nos deu.&quot;.<\/p>\n<p> Clare Kramer, que interpretou Glory na s\u00e9rie, tamb\u00e9m compartilhou uma homenagem emocionante.<\/p>\n<p> \u00ab&quot;Descanse em paz, Anthony. Foi um prazer te conhecer. Foi uma honra trabalhar com voc\u00ea&quot;, escreveu ela no Instagram. &quot;Atrav\u00e9s de Giles, voc\u00ea nos deu coragem sem medo e compaix\u00e3o sem fraqueza \u2014 uma atua\u00e7\u00e3o exemplar (e uma de muitas). Meus sentimentos \u00e0s suas filhas, \u00e0 sua fam\u00edlia e a todos que tiveram o prazer de te amar. Descanse em paz, Observador.&quot;.<\/p>\n<p> David Boreanaz, que interpretou Angel na s\u00e9rie, prestou homenagem ao seu antigo colega de elenco nos Stories do Instagram.<\/p>\n<p> \u00ab&quot;Descanse em paz. Ele era um homem t\u00e3o gentil e generoso&quot;, escreveu Boreanaz. <\/p>\n<p> O elenco de Buffy, a Ca\u00e7a-Vampiros, em 1998. Foto: Getty.<\/p>\n<p> Brett Goldstein, colega de elenco de Head <em>\u00abTed Lasso,<\/em> Tamb\u00e9m destacaram a simpatia e o talento do ator.<\/p>\n<p> \u00ab&quot;Anthony Head era um ator brilhante que interpretou o pior homem do mundo, o que era incr\u00edvel porque ele era, na verdade, o melhor&quot;, escreveu Goldstein nos Stories do Instagram. &quot;Infinitamente charmoso, gentil, engra\u00e7ado e cheio de vida. Sentiremos muito a sua falta. Nossos sentimentos \u00e0 fam\u00edlia.&quot;.<\/p>\n<p> Entretanto, o criador da s\u00e9rie <em>\u00abPequena Gr\u00e3-Bretanha\u00bb<\/em> Matt Lucas lembrou-se de ter convidado Head para participar do programa de esquetes.<\/p>\n<p> \u00ab&quot;Fiquei muito triste ao saber do falecimento de Tony Head&quot;, escreveu Lucas no X. &quot;Quando est\u00e1vamos escalando o elenco de Little Britain, procur\u00e1vamos o &#039;t\u00edpico Tony Head&#039;, porque jamais imaginamos que ele pr\u00f3prio se interessaria, mas ele se interessou.&quot;.<\/p>\n<p> As filhas de Head, Daisy e Emily, confirmaram sua morte em um comunicado \u00e0 Press Association, de acordo com... <em>BBC<\/em> \u0438 <em>O jornal The Independent<\/em> . &quot;\u00c9 com profunda tristeza que anunciamos o falecimento de nosso querido pai&quot;, disseram eles. &quot;Ele faleceu em paz, em decorr\u00eancia de complica\u00e7\u00f5es de uma pneumonia, cercado por sua fam\u00edlia.&quot;.<\/p>\n<p> Sua morte ocorreu seis meses ap\u00f3s o falecimento de sua companheira de longa data, Sarah Fisher, que morreu aos 61 anos.<\/p>\n<p> Elas continuaram: &quot;Foi e sempre ser\u00e1 uma honra e um privil\u00e9gio sermos suas filhas e testemunharmos em primeira m\u00e3o o impacto que ele e seu trabalho tiveram em tantas pessoas.&quot; Sua fam\u00edlia acrescentou que &quot;seu legado viver\u00e1&quot; e disse que tiveram a sorte de v\u00ea-lo perseguir sua paix\u00e3o ao longo de sua carreira.<\/p>\n<p> Head tornou-se famoso no Reino Unido na d\u00e9cada de 1980 como o rosto dos comerciais de televis\u00e3o da Nescaf\u00e9 e, posteriormente, ficou conhecido por seus pap\u00e9is em s\u00e9ries de televis\u00e3o. <em>\u00abBuffy, a Ca\u00e7a-Vampiros\u00bb<\/em> , <em>\u00abTed Lasso\u00bb<\/em> \u0438 <em>\u00abMerlin\u00bb<\/em> . Ele tamb\u00e9m teve uma longa carreira teatral, participando de in\u00fameras produ\u00e7\u00f5es. <em>\u00abO Show de Horrores de Rocky\u00bb<\/em> , bem como em musicais como <em>\u00abFeiti\u00e7o de Deus\u00bb<\/em> \u0438 <em>\u00abXadrez\u00bb<\/em> . <\/p>\n<p> Anthony Head e Sarah Michelle Gellar em &quot;Buffy, a Ca\u00e7a-Vampiros&quot; em 1997. Foto: James Sorenson\/20th Century Fox TV\/Kobal\/Shutterstock<\/p>\n<p> \u0412 <em>a s\u00e9rie de TV &quot;Buffy&quot;<\/em> \u00bbHead interpretou Rupert Giles, o Observador, mentor e figura paterna da personagem de Sarah Michelle Gellar, Buffy Summers. Ele apareceu em 121 epis\u00f3dios durante a exibi\u00e7\u00e3o da s\u00e9rie, de 1997 a 2003.<\/p>\n<p> Ao longo dos anos, Head manteve rela\u00e7\u00f5es pr\u00f3ximas com muitos de seus colegas de elenco. <em>\u00abBuffy\u00bb<\/em> . Suas filhas disseram que sabiam &quot;o quanto ele far\u00e1 falta aos seus amigos, colegas e f\u00e3s dos programas em que atuou&quot;, acrescentando que ele &quot;amava muito o seu trabalho&quot; e &quot;sempre se considerou incrivelmente sortudo&quot;.<\/p>\n<p> <strong>N\u00e3o perca nenhuma novidade - inscreva-se!<\/strong> <strong>newsletter di\u00e1ria gratuita PEOPLE<\/strong> <strong>, Para ficar por dentro do melhor que a revista PEOPLE tem a oferecer, desde not\u00edcias sobre celebridades at\u00e9 hist\u00f3rias humanas inspiradoras.<\/strong><\/p>\n<p> Os trabalhos mais recentes de Head como ator incluem uma participa\u00e7\u00e3o especial na segunda temporada da s\u00e9rie. <em>\u00abBridgerton\u00bb<\/em> Em 2022. Seu \u00faltimo papel nas telas foi na com\u00e9dia rom\u00e2ntica <em>\u00abAtualizado\u00bb<\/em> Em 2024, ele estrelou ao lado de Camila Mendes e Marisa Tomei.<\/p>\n<p> Leia o artigo original na revista People.<\/p>","protected":false},"excerpt":{"rendered":"<p>\u00c9 PRECISO SABER: As filhas de Anthony Head confirmaram sua morte aos 72 anos na sexta-feira, 5 de junho, e compartilharam uma mensagem sobre seu legado e impacto. Estrelas\u2026<\/p>","protected":false},"author":1,"featured_media":14754,"comment_status":"open","ping_status":"closed","sticky":false,"template":"","format":"standard","meta":{"footnotes":""},"categories":[5],"tags":[],"class_list":["post-14753","post","type-post","status-publish","format-standard","has-post-thumbnail","hentry","category-selebriti","hvn-theme-has-thumbnail"],"_links":{"self":[{"href":"https:\/\/imgist.ru\/pt\/wp-json\/wp\/v2\/posts\/14753","targetHints":{"allow":["GET"]}}],"collection":[{"href":"https:\/\/imgist.ru\/pt\/wp-json\/wp\/v2\/posts"}],"about":[{"href":"https:\/\/imgist.ru\/pt\/wp-json\/wp\/v2\/types\/post"}],"author":[{"embeddable":true,"href":"https:\/\/imgist.ru\/pt\/wp-json\/wp\/v2\/users\/1"}],"replies":[{"embeddable":true,"href":"https:\/\/imgist.ru\/pt\/wp-json\/wp\/v2\/comments?post=14753"}],"version-history":[{"count":2,"href":"https:\/\/imgist.ru\/pt\/wp-json\/wp\/v2\/posts\/14753\/revisions"}],"predecessor-version":[{"id":158077,"href":"https:\/\/imgist.ru\/pt\/wp-json\/wp\/v2\/posts\/14753\/revisions\/158077"}],"wp:featuredmedia":[{"embeddable":true,"href":"https:\/\/imgist.ru\/pt\/wp-json\/wp\/v2\/media\/14754"}],"wp:attachment":[{"href":"https:\/\/imgist.ru\/pt\/wp-json\/wp\/v2\/media?parent=14753"}],"wp:term":[{"taxonomy":"category","embeddable":true,"href":"https:\/\/imgist.ru\/pt\/wp-json\/wp\/v2\/categories?post=14753"},{"taxonomy":"post_tag","embeddable":true,"href":"https:\/\/imgist.ru\/pt\/wp-json\/wp\/v2\/tags?post=14753"}],"curies":[{"name":"wp","href":"https:\/\/api.w.org\/{rel}","templated":true}]}}