{"id":14895,"date":"2026-06-05T23:20:25","date_gmt":"2026-06-05T20:20:25","guid":{"rendered":"https:\/\/imgist.ru\/na-novyh-fotografiyah-eppl-martin-podrazhaet-svoej-mame-gvinet-peltrou-rezvo-rezvyas\/"},"modified":"2026-08-29T12:14:45","modified_gmt":"2026-08-29T09:14:45","slug":"em-novas-fotos-apple-martin-brinca-com-sua-mae-gvinet-peltrou-e-com-rezvo-rezvyas","status":"publish","type":"post","link":"https:\/\/imgist.ru\/pt\/na-novyh-fotografiyah-eppl-martin-podrazhaet-svoej-mame-gvinet-peltrou-rezvo-rezvyas\/","title":{"rendered":"Em novas fotos, Apple Martin imita sua m\u00e3e, Gwyneth Paltrow, &quot;brincando por a\u00ed&quot;."},"content":{"rendered":"<h3>PRECISA SABER<\/h3>\n<ul>\n<li>\n<p> Apple Martin homenageou sua m\u00e3e, Gwyneth Paltrow, e ficou a cara da vencedora do Oscar em uma s\u00e9rie de fotos de ver\u00e3o postadas no Instagram.<\/p>\n<\/li>\n<li>\n<p> Em maio, a jovem de 22 anos comemorou sua formatura na Universidade Vanderbilt.<\/p>\n<\/li>\n<li>\n<p> Foi anunciado recentemente que Martin far\u00e1 sua estreia no cinema na pr\u00f3xima com\u00e9dia de Nancy Meyers.<\/p>\n<\/li>\n<\/ul>\n<p> Apple Martin \u00e9 a c\u00f3pia exata de sua m\u00e3e, Gwyneth Paltrow.<\/p>\n<p> A filha de 22 anos da atriz e de Chris Martin compartilhou algumas fotos de ver\u00e3o no Instagram na quinta-feira, 4 de junho.<\/p>\n<p> Nas fotos, Apple aparece encostada em uma parede rochosa, vestindo um vestido curto branco estilo boneca. Ela tamb\u00e9m carrega uma bolsa de couro marrom e \u00f3culos de sol pretos. Seu cabelo loiro est\u00e1 penteado para o lado, emoldurando seu rosto.<\/p>\n<p> \u00abMe divertindo \u2600\ufe0f\u2728\u2728\u2728\u2728\u00bb, escreveu ela na legenda da publica\u00e7\u00e3o.<\/p>\n<p> Foi anunciado recentemente que a modelo, rec\u00e9m-formada pela Universidade Vanderbilt, far\u00e1 sua estreia no cinema na pr\u00f3xima com\u00e9dia de Nancy Meyers. O filme, dirigido por <em>\u00abArmadilhas<\/em> Para <em>pais&quot;\u00bb<\/em> , tem natureza semi-autobiogr\u00e1fica.<\/p>\n<p> Na segunda-feira, 18 de maio, o Deadline noticiou que ela havia conseguido um papel ao lado de Tony Hale na s\u00e9rie. <em>\u00abDesenvolvimento interrompido<\/em> \u00bb&quot;e Beverly D&#039;Angelo, estrela <em>filme &quot;F\u00e9rias Frustradas da National Lampoon&quot;\u00ab<\/em> .<\/p>\n<p> Este foi o primeiro papel de Apple depois de sua participa\u00e7\u00e3o em um epis\u00f3dio da s\u00e9rie. <em>\u00abGalo\u00bb<\/em> na HBO. Ela j\u00e1 trabalhou como modelo para marcas como Chlo\u00e9 e Gap.<\/p>\n<p> A estreia do filme, que ser\u00e1 o primeiro trabalho de Myers ap\u00f3s <em>\u00ab&quot;Um Senhor Estagi\u00e1rio&quot; 2015,<\/em> Agendado para 25 de dezembro de 2027.<\/p>\n<p> O filme tamb\u00e9m conta com Pen\u00e9lope Cruz, Kieran Culkin, Erin Doherty, Jude Law e Owen Wilson no elenco. Como em muitos de seus filmes, Myers ser\u00e1 o roteirista e diretor. <\/p>\n<p> Gwyneth Paltrow e Apple Martin. Foto: Neil Rasmus\/BFA.com\/Shutterstock<\/p>\n<p> Martin havia planejado cursar Direito, mas em fevereiro, em uma entrevista <em>Voga<\/em> Ela disse que agora quer seguir os passos da m\u00e3e, tendo superado seu &quot;per\u00edodo rebelde, quando dizia: &#039;N\u00e3o quero ser como meus pais&#039;&quot;.<\/p>\n<p> \u00ab&quot;N\u00e3o quero ser cantora&quot;, disse ela, embora tenha mencionado que gosta de cantar, assim como seu pai, o vocalista do Coldplay. &quot;Adoro teatro musical, mas subir ao palco sozinha para cantar \u00e9 muito assustador.&quot;.<\/p>\n<p> \u00ab&quot;Eu adoro dan\u00e7ar e adoro atuar&quot;, continuou ela. &quot;Meu sonho \u00e9 me tornar atriz.&quot;.<\/p>\n<p> <strong>N\u00e3o perca nenhuma novidade - inscreva-se!<\/strong> <strong>newsletter di\u00e1ria gratuita PEOPLE<\/strong> <strong>, Para ficar por dentro do melhor que a revista PEOPLE tem a oferecer, desde not\u00edcias sobre celebridades at\u00e9 hist\u00f3rias humanas inspiradoras.<\/strong><\/p>\n<p> Em mar\u00e7o, Apple celebrou sua estreia como diretora de um musical na Universidade Vanderbilt em uma publica\u00e7\u00e3o no Instagram Stories, compartilhando fotos do set de filmagem.<\/p>\n<p> \u00ab&quot;Melhor fim de semana, melhores pessoas, melhor organiza\u00e7\u00e3o, melhores lembran\u00e7as \u2764\ufe0f&quot;, escreveu ela acima das fotos, marcando o grupo de teatro de cabar\u00e9 da sua escola na publica\u00e7\u00e3o.<\/p>\n<p> O grupo de teatro da escola republicou a postagem da Apple, acrescentando sua pr\u00f3pria mensagem agradecendo ao diretor e homenageando o momento.<\/p>\n<p> \u00ab&quot;A diretora n\u00e3o poderia ter dito melhor \u2764\ufe0f&quot;, acrescentaram.<\/p>\n<p> Leia o artigo original na revista People.<\/p>","protected":false},"excerpt":{"rendered":"<p>\u00c9 preciso saber: Apple Martin herdou os tra\u00e7os da m\u00e3e, Gwyneth Paltrow, e \u00e9 a cara da vencedora do Oscar em uma s\u00e9rie de fotos de ver\u00e3o publicadas em\u2026<\/p>","protected":false},"author":1,"featured_media":14896,"comment_status":"open","ping_status":"closed","sticky":false,"template":"","format":"standard","meta":{"footnotes":""},"categories":[5],"tags":[],"class_list":["post-14895","post","type-post","status-publish","format-standard","has-post-thumbnail","hentry","category-selebriti","hvn-theme-has-thumbnail"],"_links":{"self":[{"href":"https:\/\/imgist.ru\/pt\/wp-json\/wp\/v2\/posts\/14895","targetHints":{"allow":["GET"]}}],"collection":[{"href":"https:\/\/imgist.ru\/pt\/wp-json\/wp\/v2\/posts"}],"about":[{"href":"https:\/\/imgist.ru\/pt\/wp-json\/wp\/v2\/types\/post"}],"author":[{"embeddable":true,"href":"https:\/\/imgist.ru\/pt\/wp-json\/wp\/v2\/users\/1"}],"replies":[{"embeddable":true,"href":"https:\/\/imgist.ru\/pt\/wp-json\/wp\/v2\/comments?post=14895"}],"version-history":[{"count":1,"href":"https:\/\/imgist.ru\/pt\/wp-json\/wp\/v2\/posts\/14895\/revisions"}],"predecessor-version":[{"id":158314,"href":"https:\/\/imgist.ru\/pt\/wp-json\/wp\/v2\/posts\/14895\/revisions\/158314"}],"wp:featuredmedia":[{"embeddable":true,"href":"https:\/\/imgist.ru\/pt\/wp-json\/wp\/v2\/media\/14896"}],"wp:attachment":[{"href":"https:\/\/imgist.ru\/pt\/wp-json\/wp\/v2\/media?parent=14895"}],"wp:term":[{"taxonomy":"category","embeddable":true,"href":"https:\/\/imgist.ru\/pt\/wp-json\/wp\/v2\/categories?post=14895"},{"taxonomy":"post_tag","embeddable":true,"href":"https:\/\/imgist.ru\/pt\/wp-json\/wp\/v2\/tags?post=14895"}],"curies":[{"name":"wp","href":"https:\/\/api.w.org\/{rel}","templated":true}]}}