{"id":14998,"date":"2026-06-06T00:18:59","date_gmt":"2026-06-05T21:18:59","guid":{"rendered":"https:\/\/imgist.ru\/ilona-maher-otvetila-kritikam-kotorye-nazvali-ee-obraz-dlya-podiuma-sports-illustrated-swimsuit-neudachnym\/"},"modified":"2026-08-29T12:14:56","modified_gmt":"2026-08-29T09:14:56","slug":"ilona-maher-respondeu-as-criticas-de-quem-considerou-seu-look-para-a-edicao-de-maio-da-sports-illustrated-um-fracasso","status":"publish","type":"post","link":"https:\/\/imgist.ru\/pt\/ilona-maher-otvetila-kritikam-kotorye-nazvali-ee-obraz-dlya-podiuma-sports-illustrated-swimsuit-neudachnym\/","title":{"rendered":"Ilona Maher respondeu \u00e0s cr\u00edticas de quem considerou seu look para a revista Sports Illustrated Swimsuit um &quot;fracasso&quot;."},"content":{"rendered":"<h3>PRECISA SABER<\/h3>\n<ul>\n<li>\n<p> Ilona Maher respondeu \u00e0s cr\u00edticas de quem comentou sobre seu visual no programa. <em>Sports Illustrated Swimsuit<\/em> \u00ab&quot;Sem sucesso.&quot;.<\/p>\n<\/li>\n<li>\n<p> Em um v\u00eddeo do TikTok, a estrela do rugby falou abertamente sobre a rea\u00e7\u00e3o ao mai\u00f4 listrado azul e branco que usou durante a Semana de Trajes de Banho de Miami.<\/p>\n<\/li>\n<li>\n<p> \u00ab&quot;\u00c9 feio, ou \u00e9 s\u00f3 uma quest\u00e3o de tamanho que cabe no terno?&quot;, perguntou ela no v\u00eddeo.<\/p>\n<\/li>\n<\/ul>\n<p> Ilona Maher tem uma mensagem para os cr\u00edticos de sua apari\u00e7\u00e3o na passarela. <em>Sports Illustrated Swimsuit<\/em> .<\/p>\n<p> Em um v\u00eddeo postado no TikTok na quinta-feira, 4 de junho, a estrela do rugby de 29 anos comentou sobre a rea\u00e7\u00e3o a um dos mai\u00f4s que exibiu recentemente durante a Miami Swimsuit Week.<\/p>\n<p> \u00abAcabei de ter a oportunidade de participar do programa.\u201d <em>Trajes de banho da Sports Illustrated<\/em> , &quot;E meu desfile na passarela foi postado no Instagram&quot;, come\u00e7ou Maher no v\u00eddeo, antes de acrescentar em tom de brincadeira: &quot;E voc\u00eas deixam os melhores coment\u00e1rios. Voc\u00eas t\u00eam uma maneira maravilhosa de se expressar.&quot;.<\/p>\n<p> A atleta ent\u00e3o compartilhou uma foto do mai\u00f4 listrado azul e branco que usou na passarela em 30 de maio. O mai\u00f4 apresentava um decote profundo que chegava at\u00e9 o umbigo de Maher e recortes nas laterais. <\/p>\n<p> Ilona Maher. Foto: Hoo-me.com\/MediaPunch\/Shutterstock.<\/p>\n<p> \u00abAlguns dos coment\u00e1rios foram mais ou menos assim:\u201e <em>SI<\/em> &quot;A trataram injustamente.&quot; &quot;Na verdade, eu mesma escolhi esta foto&quot;, esclareceu ela. &quot;Eu mesma escolhi esta. Eu gostei dela. Gostei que minhas costas inteiras estivessem vis\u00edveis, um pouco do meu peito de lado. Ent\u00e3o eu entendo, mas foi tudo ideia minha.&quot;.<\/p>\n<p> Maher respondeu aos coment\u00e1rios que consideravam o visual &quot;sem sucesso&quot;.<\/p>\n<p> \u00ab&quot;Quanto \u00e0 express\u00e3o &#039;n\u00e3o muito lisonjeiro&#039;, eu entendo. N\u00e3o acho que tenha sido meu melhor look ou meu melhor terno de todos os tempos&quot;, disse ela. &quot;N\u00e3o \u00e9 muito lisonjeiro, ou apenas parece que tenho um corpo mais cheio de terno? N\u00e3o sei, voc\u00ea decide.&quot;.<\/p>\n<p> Mais tarde, o campe\u00e3o ol\u00edmpico brincou: &quot;Quero agradecer, porque esses v\u00eddeos s\u00e3o muito populares. Sabe de uma coisa? Vamos come\u00e7ar um di\u00e1logo.&quot;.<\/p>\n<p> \u00ab&quot;Respeito todas as suas opini\u00f5es porque talvez n\u00e3o tenha sido o meu melhor look de sempre, mas mesmo assim desfilei na passarela&quot;, continuou ela. &quot;Mesmo assim, desfilei na passarela. Acho que inspirei muita gente que... mesmo quando n\u00e3o est\u00e1 na melhor forma, ainda assim vai l\u00e1 mostrar o seu melhor e at\u00e9 um pouco de decote lateral. Ent\u00e3o continuem assistindo, continuem comentando, voc\u00eas s\u00e3o demais. E usem um biqu\u00edni. Se voc\u00eas t\u00eam um corpo, t\u00eam um corpo para biqu\u00edni.&quot;.<\/p>\n<p> Maher fez sua primeira apari\u00e7\u00e3o na capa. <em>mai\u00f4 da Sports Illustrated<\/em> Na edi\u00e7\u00e3o digital de 2024, e sua estreia na edi\u00e7\u00e3o impressa da revista cult ocorreu em 2025.<\/p>\n<p> Em maio, ela concedeu uma entrevista exclusiva \u00e0 revista PEOPLE ap\u00f3s ser nomeada Revela\u00e7\u00e3o do Ano. <em>De acordo com a Sports Illustrated Swimsuit.<\/em> 2025 na festa de lan\u00e7amento da revista no Hard Rock Hotel em Nova York.<\/p>\n<p> Logo ap\u00f3s receber a feliz not\u00edcia, Maher comemorou no tapete vermelho com suas colegas do concurso SI Swimsuit. Transbordando de emo\u00e7\u00e3o, a campe\u00e3 ol\u00edmpica compartilhou seus sentimentos sinceros com a revista PEOPLE ao erguer o trof\u00e9u.<\/p>\n<p> \u00ab&quot;Est\u00e1 no mesmo n\u00edvel da minha medalha ol\u00edmpica, pessoal&quot;, brincou o atleta em entrevista \u00e0 revista PEOPLE, fingindo se emocionar e apontando orgulhosamente para o trof\u00e9u. <\/p>\n<p> Ilona Makher. Foto: Alexander Tamargo\/Getty<\/p>\n<p> Maher conquistou uma medalha de bronze ol\u00edmpica como parte da sele\u00e7\u00e3o feminina de rugby sevens dos Estados Unidos nos Jogos Ol\u00edmpicos de Paris de 2024, garantindo uma emocionante vit\u00f3ria por 14 a 12 sobre a Austr\u00e1lia.<\/p>\n<p> <strong>N\u00e3o perca nenhuma novidade - inscreva-se!<\/strong> <strong>newsletter di\u00e1ria gratuita PEOPLE<\/strong> <strong>, Para ficar por dentro do melhor que a revista PEOPLE tem a oferecer, desde not\u00edcias sobre celebridades at\u00e9 hist\u00f3rias humanas inspiradoras.<\/strong><\/p>\n<p> Este ano, para uma sess\u00e3o de fotos para <em>SI Swim<\/em> Maher posou na praia de Loreto, Baja California Sur, M\u00e9xico, usando uma variedade de trajes de banho de grife de marcas como Heidi Fish Swimwear, Andi Bagus, Bond-eye Australia e outras.<\/p>\n<p> Essa atleta \u00e9 uma defensora de longa data da positividade corporal e do amor pr\u00f3prio, frequentemente abordando o tema abertamente em suas redes sociais. Em um v\u00eddeo, ela exibiu sua silhueta definida e explicou que ser forte \u00e9 muito melhor do que ser &quot;magra&quot;.<\/p>\n<p> Leia o artigo original na revista People.<\/p>","protected":false},"excerpt":{"rendered":"<p>\u00c9 PRECISO SABER: Ilona Maher respondeu \u00e0s cr\u00edticas de quem considerou seu look para a Sports Illustrated Swimsuit um fracasso. Em um v\u00eddeo do TikTok, a estrela do rugby falou abertamente sobre\u2026<\/p>","protected":false},"author":1,"featured_media":14999,"comment_status":"open","ping_status":"closed","sticky":false,"template":"","format":"standard","meta":{"footnotes":""},"categories":[5],"tags":[],"class_list":["post-14998","post","type-post","status-publish","format-standard","has-post-thumbnail","hentry","category-selebriti","hvn-theme-has-thumbnail"],"_links":{"self":[{"href":"https:\/\/imgist.ru\/pt\/wp-json\/wp\/v2\/posts\/14998","targetHints":{"allow":["GET"]}}],"collection":[{"href":"https:\/\/imgist.ru\/pt\/wp-json\/wp\/v2\/posts"}],"about":[{"href":"https:\/\/imgist.ru\/pt\/wp-json\/wp\/v2\/types\/post"}],"author":[{"embeddable":true,"href":"https:\/\/imgist.ru\/pt\/wp-json\/wp\/v2\/users\/1"}],"replies":[{"embeddable":true,"href":"https:\/\/imgist.ru\/pt\/wp-json\/wp\/v2\/comments?post=14998"}],"version-history":[{"count":2,"href":"https:\/\/imgist.ru\/pt\/wp-json\/wp\/v2\/posts\/14998\/revisions"}],"predecessor-version":[{"id":158413,"href":"https:\/\/imgist.ru\/pt\/wp-json\/wp\/v2\/posts\/14998\/revisions\/158413"}],"wp:featuredmedia":[{"embeddable":true,"href":"https:\/\/imgist.ru\/pt\/wp-json\/wp\/v2\/media\/14999"}],"wp:attachment":[{"href":"https:\/\/imgist.ru\/pt\/wp-json\/wp\/v2\/media?parent=14998"}],"wp:term":[{"taxonomy":"category","embeddable":true,"href":"https:\/\/imgist.ru\/pt\/wp-json\/wp\/v2\/categories?post=14998"},{"taxonomy":"post_tag","embeddable":true,"href":"https:\/\/imgist.ru\/pt\/wp-json\/wp\/v2\/tags?post=14998"}],"curies":[{"name":"wp","href":"https:\/\/api.w.org\/{rel}","templated":true}]}}