{"id":15130,"date":"2026-06-06T01:20:34","date_gmt":"2026-06-05T22:20:34","guid":{"rendered":"https:\/\/imgist.ru\/kristina-agilera-v-smelom-atlasnom-plate-s-glubokim-dekolte-do-samyh-reber\/"},"modified":"2026-08-29T12:15:16","modified_gmt":"2026-08-29T09:15:16","slug":"kristina-agilera-em-um-ousado-vestido-de-cetim-com-um-decote-profundo-ate-as-costelas","status":"publish","type":"post","link":"https:\/\/imgist.ru\/pt\/kristina-agilera-v-smelom-atlasnom-plate-s-glubokim-dekolte-do-samyh-reber\/","title":{"rendered":"Christina Aguilera em um ousado vestido de cetim com um decote profundo que chega at\u00e9 as costelas."},"content":{"rendered":"<h3>A ess\u00eancia<\/h3>\n<ul>\n<li>\n<p> Christina Aguilera compareceu a um evento em Los Angeles no dia 4 de junho.<\/p>\n<\/li>\n<li>\n<p> Ela escolheu um vestido Tom Ford com decote profundo e uma fenda que ia at\u00e9 a coxa.<\/p>\n<\/li>\n<li>\n<p> Aguilera contou com a ajuda de seu estilista de longa data, Chris Horan.<\/p>\n<\/li>\n<\/ul>\n<p> Duas fendas s\u00e3o melhores que uma \u2014 basta perguntar \u00e0 Christina Aguilera. No dia 4 de junho, a cantora apareceu em Los Angeles com um vestido de cetim de decote profundo que tamb\u00e9m deixava bastante espa\u00e7o para as pernas.<\/p>\n<p> Em um v\u00eddeo publicado nos Stories do Instagram de seu estilista Chris Horan, Aguilera exibiu um vestido justo da Tom Ford, desenhado pelo novo diretor criativo da marca, Haider Ackermann. O vestido de mangas compridas tinha um decote que ia at\u00e9 a altura das costelas de Aguilera e uma fenda acima do joelho. Ela completou o look com sapatos de salto agulha met\u00e1licos. <\/p>\n<p> Christina Aguilera em 4 de junho de 2026. Foto: Chris Horan\/Instagram<\/p>\n<p> A cantora de &quot;Beautiful&quot; usava o cabelo platinado em ondas que chegavam \u00e0 cintura e a maquiagem consistia em sombra lil\u00e1s e blush rosa.<\/p>\n<p> Aguilera compareceu a um evento promovido pela marca de cuidados capilares Nexxus. Em abril, ela se tornou o rosto da linha Keraphix, que trata danos causados por colora\u00e7\u00e3o, frizz e pontas duplas. <\/p>\n<p> Christina Aguilera em 18 de abril de 2026. Foto: Jesse Grant\/Getty Images<\/p>\n<p> Em entrevista \u00e0 publica\u00e7\u00e3o <em>WWD<\/em> Aguilera, que tem cabelos naturalmente castanhos, explicou por que prefere o cabelo loiro.<\/p>\n<p> \u00ab&quot;Desde a adolesc\u00eancia, me sinto mais confiante e natural como loira. Combina comigo. Quando fico muito escura, n\u00e3o gosto da minha pele&quot;, disse ela. &quot;Definitivamente gosto de mudan\u00e7as, como voc\u00eas viram ao longo dos anos, em diferentes projetos, v\u00eddeos e tudo mais, mas o loiro \u00e9 o meu cl\u00e1ssico.&quot;. <\/p>\n<p> Christina Aguilera em 21 de julho de 2025. Foto: Getty<\/p>\n<p> Dito isso, Aguilera entende a import\u00e2ncia de manter seus cabelos descoloridos em boas condi\u00e7\u00f5es, especialmente devido \u00e0 sua agenda lotada.<\/p>\n<p> \u00ab&quot;N\u00f3s, mulheres, precisamos de produtos que ajudem a combater a quebra e os danos&quot;, acrescentou. &quot;Meu cabelo fica muito seco por causa das viagens constantes, voos, hot\u00e9is e a varia\u00e7\u00e3o da qualidade do ar ao redor do mundo. Preciso de hidrata\u00e7\u00e3o. Preciso de produtos que ajudem a reter a umidade e deixem meu cabelo macio ao toque.&quot;.<\/p>\n<p> Leia o artigo original na InStyle.<\/p>","protected":false},"excerpt":{"rendered":"<p>Christina Aguilera compareceu a um evento em Los Angeles no dia 4 de junho. Ela escolheu um vestido Tom Ford com decote profundo e uma fenda na coxa. Aguilera foi assistida por\u2026<\/p>","protected":false},"author":1,"featured_media":15131,"comment_status":"open","ping_status":"closed","sticky":false,"template":"","format":"standard","meta":{"footnotes":""},"categories":[5],"tags":[],"class_list":["post-15130","post","type-post","status-publish","format-standard","has-post-thumbnail","hentry","category-selebriti","hvn-theme-has-thumbnail"],"_links":{"self":[{"href":"https:\/\/imgist.ru\/pt\/wp-json\/wp\/v2\/posts\/15130","targetHints":{"allow":["GET"]}}],"collection":[{"href":"https:\/\/imgist.ru\/pt\/wp-json\/wp\/v2\/posts"}],"about":[{"href":"https:\/\/imgist.ru\/pt\/wp-json\/wp\/v2\/types\/post"}],"author":[{"embeddable":true,"href":"https:\/\/imgist.ru\/pt\/wp-json\/wp\/v2\/users\/1"}],"replies":[{"embeddable":true,"href":"https:\/\/imgist.ru\/pt\/wp-json\/wp\/v2\/comments?post=15130"}],"version-history":[{"count":3,"href":"https:\/\/imgist.ru\/pt\/wp-json\/wp\/v2\/posts\/15130\/revisions"}],"predecessor-version":[{"id":158584,"href":"https:\/\/imgist.ru\/pt\/wp-json\/wp\/v2\/posts\/15130\/revisions\/158584"}],"wp:featuredmedia":[{"embeddable":true,"href":"https:\/\/imgist.ru\/pt\/wp-json\/wp\/v2\/media\/15131"}],"wp:attachment":[{"href":"https:\/\/imgist.ru\/pt\/wp-json\/wp\/v2\/media?parent=15130"}],"wp:term":[{"taxonomy":"category","embeddable":true,"href":"https:\/\/imgist.ru\/pt\/wp-json\/wp\/v2\/categories?post=15130"},{"taxonomy":"post_tag","embeddable":true,"href":"https:\/\/imgist.ru\/pt\/wp-json\/wp\/v2\/tags?post=15130"}],"curies":[{"name":"wp","href":"https:\/\/api.w.org\/{rel}","templated":true}]}}