{"id":15346,"date":"2026-06-06T04:13:36","date_gmt":"2026-06-06T01:13:36","guid":{"rendered":"https:\/\/imgist.ru\/raspisanie-vyhoda-seriala-mys-straha-novye-serii-filma-budut-vyhodit-do-iyulya\/"},"modified":"2026-06-06T04:13:36","modified_gmt":"2026-06-06T01:13:36","slug":"cronograma-de-lancamento-da-serie-mys-straha-novos-episodios-da-serie-serao-lancados-ate-julho","status":"publish","type":"post","link":"https:\/\/imgist.ru\/pt\/raspisanie-vyhoda-seriala-mys-straha-novye-serii-filma-budut-vyhodit-do-iyulya\/","title":{"rendered":"Cronograma de lan\u00e7amento de Cape Fear: novos epis\u00f3dios ser\u00e3o exibidos at\u00e9 julho."},"content":{"rendered":"<p>Thriller psicol\u00f3gico <em>\u00abCabo do Medo\u00bb<\/em> retorna, desta vez como uma s\u00e9rie para plataformas de streaming, estrelada por Amy Adams, Javier Bardem e Patrick Wilson.<\/p>\n<p> A s\u00e9rie Cabo do Medo, baseada no romance de 1957 de John D. MacDonald. <em>\u00abOs Carrascos\u00bb<\/em> e cen\u00e1rios para a vers\u00e3o &quot;\u00ab <em>Cabo do Medo&quot;\u00bb<\/em> 1962 (estrelado por Robert Mitchum, Gregory Peck e Polly Bergen) e seu remake de 1991 (estrelado por Robert De Niro, Nick Nolte e Jessica Lange) <em>principal<\/em> elenco), foi lan\u00e7ado na Apple TV na sexta-feira.<\/p>\n<p> FORBES | Tim Lammers: Bilheteria de &#039;Behind the Scenes&#039; deve cair 67% no segundo fim de semana.<\/p>\n<p> Na s\u00e9rie, o passado volta para assombrar o casal de advogados Tom e Anna Bowden (Wilson e Adams) quando Max Cady (Bardem), o psicopata violento que eles ajudaram a colocar na pris\u00e3o h\u00e1 17 anos, consegue escapar. Ao encontrar os Bowdens, Cady come\u00e7a a aterrorizar o casal e seus dois filhos, mas o faz de uma maneira que lhe permite escapar da lei a cada passo.<\/p>\n<p> Na primeira temporada da s\u00e9rie <em>\u00abCabo do Medo\u00bb<\/em> O elenco tamb\u00e9m conta com Lily Colias e Joe Anders como os filhos de Bowden, Natalie e Zach, e C.C. Pounder como Noah Toussaint, colega de trabalho de Anna.<\/p>\n<p> Em entrevista \u00e0 publica\u00e7\u00e3o <em>USA Today,<\/em> Ao falar sobre interpretar Cady na s\u00e9rie de filmes Cabo do Medo, Bardem admitiu que inicialmente hesitou antes de aceitar o papel, que ficou famoso com Robert Mitchum em 1962 e foi levado a um novo patamar por De Niro tr\u00eas d\u00e9cadas depois.<\/p>\n<p> FORBES | Tim Lammers: Por que a hist\u00f3ria de He-Man n\u00e3o vai ajudar o fim de semana de estreia de Mestres do Universo<\/p>\n<p> \u00abA princ\u00edpio pensei: \u201eNem vou tocar nisso\u201c\u201d, disse Bardem \u00e0 publica\u00e7\u00e3o. <em>USA Today<\/em> . &quot;\u00c9 um visual t\u00e3o ic\u00f4nico e atemporal.&quot;.<\/p>\n<p> No entanto, depois de assistir ao document\u00e1rio <em>\u00abA Cria\u00e7\u00e3o de Cabo do Medo\u00bb<\/em> , Ao falar sobre a vers\u00e3o de 1991 do filme, dirigida por Martin Scorsese, Bardem levou a s\u00e9rio as palavras do lend\u00e1rio cineasta. &quot;Ele disse: &#039;A cada 30 anos, essa hist\u00f3ria precisa ser refeita para uma nova gera\u00e7\u00e3o&#039;&quot;, relembra Bardem em uma entrevista. <em>USA Today<\/em> . &quot;E eu pensei: &#039;Nossa, j\u00e1 se passaram exatamente 30 anos. Esta \u00e9 uma vers\u00e3o completamente nova.&#039; Ent\u00e3o eu concordei.&quot;.<\/p>\n<h2> A s\u00e9rie &quot;Cabo do Medo&quot; estreia com dois epis\u00f3dios.<\/h2>\n<p> S\u00e9rie <em>\u00abCabo do Medo,<\/em> Criada por Nick Antosca e produzida por Martin Scorsese e Steven Spielberg, a s\u00e9rie ter\u00e1 seus dois primeiros epis\u00f3dios, de um total de 10, estreando na sexta-feira na Apple TV.<\/p>\n<p> Novos epis\u00f3dios ser\u00e3o lan\u00e7ados semanalmente \u00e0s sextas-feiras at\u00e9 31 de julho. Incluindo as estreias de sexta-feira, aqui est\u00e1 a programa\u00e7\u00e3o de lan\u00e7amento dos epis\u00f3dios. <em>s\u00e9rie &quot;Cabo do Medo&quot;\u00ab<\/em> :<\/p>\n<ul>\n<li>\n<p> Epis\u00f3dio 1: <em>Dedos das m\u00e3os e dos p\u00e9s<\/em> - 5 de junho<\/p>\n<\/li>\n<li>\n<p> Epis\u00f3dio 2: <em>Por que eu deveria te machucar?<\/em> - 5 de junho<\/p>\n<\/li>\n<li>\n<p> Epis\u00f3dio 3 <em>Sensa\u00e7\u00f5es fantasmag\u00f3ricas<\/em> - 12 de junho<\/p>\n<\/li>\n<li>\n<p> Epis\u00f3dio 4: T\u00edtulo a ser anunciado - 19 de junho<\/p>\n<\/li>\n<li>\n<p> Epis\u00f3dio 5: T\u00edtulo a ser anunciado - 26 de junho<\/p>\n<\/li>\n<\/ul>\n<p> FORBES | Tim Lammers: A data de lan\u00e7amento em streaming de Whiplash foi cancelada em favor de um intervalo maior entre o lan\u00e7amento nos cinemas e a disponibilidade sob demanda (PVOD).<\/p>\n<ul>\n<li>\n<p> Epis\u00f3dio 6: T\u00edtulo a ser anunciado posteriormente \u2013 3 de julho<\/p>\n<\/li>\n<li>\n<p> Epis\u00f3dio 7: T\u00edtulo a ser anunciado - 10 de julho<\/p>\n<\/li>\n<li>\n<p> Epis\u00f3dio 8: T\u00edtulo a ser anunciado posteriormente \u2013 17 de julho<\/p>\n<\/li>\n<li>\n<p> Epis\u00f3dio 9: T\u00edtulo a ser anunciado - 24 de julho<\/p>\n<\/li>\n<li>\n<p> Epis\u00f3dio 10: T\u00edtulo a ser anunciado - 31 de julho<\/p>\n<\/li>\n<\/ul>\n<p> Novos epis\u00f3dios da primeira temporada da s\u00e9rie <em>\u00abCabo do Medo\u00bb<\/em> Ser\u00e1 exibido todas as sextas-feiras \u00e0s 3h da manh\u00e3 (hor\u00e1rio do leste dos EUA) \/ 17h (hor\u00e1rio do Pac\u00edfico).<\/p>\n<p> FORBES | Tim Lammers | &quot;Nos bastidores: Streaming. Por que as grandes bilheterias de filmes provavelmente mudar\u00e3o a estrat\u00e9gia de PVOD da A24.&quot;.<\/p>\n<p> <em>Este artigo foi originalmente publicado em Forbes.com.<\/em><\/p>","protected":false},"excerpt":{"rendered":"<p>O thriller psicol\u00f3gico Cabo do Medo est\u00e1 de volta, desta vez como uma s\u00e9rie para plataformas de streaming, estrelada por Amy Adams, Javier Bardem e Patrick Wilson.<\/p>","protected":false},"author":1,"featured_media":15347,"comment_status":"open","ping_status":"closed","sticky":false,"template":"","format":"standard","meta":{"footnotes":""},"categories":[6],"tags":[],"class_list":["post-15346","post","type-post","status-publish","format-standard","has-post-thumbnail","hentry","category-kinoindustriya","hvn-theme-has-thumbnail"],"_links":{"self":[{"href":"https:\/\/imgist.ru\/pt\/wp-json\/wp\/v2\/posts\/15346","targetHints":{"allow":["GET"]}}],"collection":[{"href":"https:\/\/imgist.ru\/pt\/wp-json\/wp\/v2\/posts"}],"about":[{"href":"https:\/\/imgist.ru\/pt\/wp-json\/wp\/v2\/types\/post"}],"author":[{"embeddable":true,"href":"https:\/\/imgist.ru\/pt\/wp-json\/wp\/v2\/users\/1"}],"replies":[{"embeddable":true,"href":"https:\/\/imgist.ru\/pt\/wp-json\/wp\/v2\/comments?post=15346"}],"version-history":[{"count":0,"href":"https:\/\/imgist.ru\/pt\/wp-json\/wp\/v2\/posts\/15346\/revisions"}],"wp:featuredmedia":[{"embeddable":true,"href":"https:\/\/imgist.ru\/pt\/wp-json\/wp\/v2\/media\/15347"}],"wp:attachment":[{"href":"https:\/\/imgist.ru\/pt\/wp-json\/wp\/v2\/media?parent=15346"}],"wp:term":[{"taxonomy":"category","embeddable":true,"href":"https:\/\/imgist.ru\/pt\/wp-json\/wp\/v2\/categories?post=15346"},{"taxonomy":"post_tag","embeddable":true,"href":"https:\/\/imgist.ru\/pt\/wp-json\/wp\/v2\/tags?post=15346"}],"curies":[{"name":"wp","href":"https:\/\/api.w.org\/{rel}","templated":true}]}}