{"id":15352,"date":"2026-06-06T04:14:13","date_gmt":"2026-06-06T01:14:13","guid":{"rendered":"https:\/\/imgist.ru\/anna-faris-vspominaet-kak-ej-pokazalos-neumestnym-uchastvovat-v-gruppovyh-obyatiyah-akterov-seriala-druzya-rebyata-eto-kak-to-nepravilno\/"},"modified":"2026-08-29T12:15:47","modified_gmt":"2026-08-29T09:15:47","slug":"anna-faris-relembra-como-achou-inapropriado-participar-de-um-abraco-coletivo-com-os-atores-da-serie-friends-de-alguma-forma-era-errado","status":"publish","type":"post","link":"https:\/\/imgist.ru\/pt\/anna-faris-vspominaet-kak-ej-pokazalos-neumestnym-uchastvovat-v-gruppovyh-obyatiyah-akterov-seriala-druzya-rebyata-eto-kak-to-nepravilno\/","title":{"rendered":"Anna Faris relembra ter se sentido &quot;inadequada&quot; ao participar de um abra\u00e7o coletivo com o elenco de Friends: &quot;Gente, simplesmente n\u00e3o me senti bem nisso.&quot;."},"content":{"rendered":"<h3>Disposi\u00e7\u00f5es b\u00e1sicas<\/h3>\n<ul>\n<li>\n<p> Anna Faris compartilha suas impress\u00f5es sobre sua participa\u00e7\u00e3o na temporada final da s\u00e9rie &quot;\u00ab <em>Amigos&quot;\u00bb<\/em> .<\/p>\n<\/li>\n<li>\n<p> Atriz <em>do filme &quot;Todo Mundo em P\u00e2nico 6&quot;<\/em> \u00bbEla admitiu que estava hesitante em participar do &quot;abra\u00e7o coletivo sentimental&quot; dos atores.<\/p>\n<\/li>\n<li>\n<p> Faris interpretou Erica, uma mulher gr\u00e1vida que d\u00e1 \u00e0 luz g\u00eameos, os quais s\u00e3o adotados por Chandler (Matthew Perry) e Monica (Courteney Cox).<\/p>\n<\/li>\n<\/ul>\n<p> Anna Faris relembra ter se sentido um pouco desconfort\u00e1vel por estar &quot;presente&quot; com o elenco da s\u00e9rie. <em>\u00ab&quot;Amigos<\/em> \u00ab&quot;.<\/p>\n<p> Em uma entrevista <em>Variedade<\/em> estrela <em>filme &quot;Todo Mundo em P\u00e2nico 6&quot;\u00ab<\/em> Ela relembrou seu papel na sitcom cult, onde atuou em quatro epis\u00f3dios da temporada final em 2004. Faris interpretou Erica, uma mulher gr\u00e1vida que d\u00e1 \u00e0 luz g\u00eameos, os quais Chandler (Matthew Perry) e Monica (Courteney Cox) adotam depois que Monica n\u00e3o consegue engravidar naturalmente.<\/p>\n<p> Faris lembrou-se de ter se sentido constrangida quando lhe pediram para participar do &quot;abra\u00e7o coletivo sentimental&quot; do elenco.<\/p>\n<p> \u00ab&quot;Est\u00e1vamos terminando o ensaio, de p\u00e9 no ch\u00e3o, e eu era o \u00fanico a uns sessenta cent\u00edmetros do abra\u00e7o coletivo deles&quot;, disse Faris \u00e0 publica\u00e7\u00e3o. &quot;Eles estavam dizendo &#039;Vamos l\u00e1, vamos l\u00e1&#039;, o que tamb\u00e9m me pareceu inapropriado.&quot;. <\/p>\n<p> Anna Faris em &quot;Friends&quot; com Lisa Kudrow, Matt LeBlanc, Matthew Perry e Courteney Cox. Foto: NBCUniversal via Getty<\/p>\n<p> Faris disse que, embora inicialmente tenha se sentido &quot;errada&quot; em participar dos abra\u00e7os com seus queridos colegas de elenco nos epis\u00f3dios finais da s\u00e9rie de TV de grande sucesso, ela tamb\u00e9m entendeu o qu\u00e3o &quot;especial&quot; foi estar envolvida.<\/p>\n<p> Atriz <em>do filme &quot;Um Salto para a Felicidade&quot;\u00ab<\/em> Acrescentou ainda o qu\u00e3o significativo foi filmar diante de uma plateia ao vivo que &quot;realmente entendeu o que significava testemunhar a conclus\u00e3o deste espet\u00e1culo incr\u00edvel&quot;. <\/p>\n<p> O elenco de &quot;Friends&quot; (Foto: NBCUniversal via Getty)<\/p>\n<p> <strong><em>Receba sua dose di\u00e1ria de not\u00edcias de entretenimento, atualiza\u00e7\u00f5es sobre celebridades e recomenda\u00e7\u00f5es de filmes e s\u00e9ries com o nosso servi\u00e7o.<\/em><\/strong> <strong><em>Boletins informativos EW Dispatch<\/em><\/strong> <strong><em>.<\/em><\/strong><\/p>\n<p> Em uma entrevista de 2024 para a revista PEOPLE, Faris revelou que Perry a sugeriu para o papel depois de v\u00ea-la em <em>no filme &quot;Encontros e Desencontros&quot;\u00ab<\/em> .<\/p>\n<p> \u00abFoi assim que eu entendi na \u00e9poca. Ele disse que me viu em <em>no filme &quot;Encontros e Desencontros&quot;\u00ab<\/em> &quot;E ele adorou&quot;, disse Faris. &quot;Trabalhei principalmente com Courtney e Matthew, e eles foram incrivelmente gentis comigo. Eles foram maravilhosos. Era uma ideia t\u00e3o assustadora. Imagine ter um beb\u00ea em...&quot; <em>\u00abAmigos\u00bb<\/em> \u2026 <em>\u00ab&quot;Amigos&quot;\u00bb<\/em> Na \u00faltima temporada?\u00bb<\/p>\n<p> Perry faleceu em outubro de 2023, aos 54 anos de idade.<\/p>\n<p> Faris disse que foi uma &quot;honra&quot; trabalhar com Perry, a quem descreveu como &quot;uma pessoa incr\u00edvel&quot;, acrescentando que o resto do elenco - incluindo Jennifer Aniston, Lisa Kudrow, David Schwimmer e Matt LeBlanc - foi &quot;muito gentil&quot;.<\/p>\n<p> Entrevista completa de Anna Faris para <em>Variedade<\/em> Veja acima.<\/p>\n<p> Leia o artigo original na Entertainment Weekly.<\/p>","protected":false},"excerpt":{"rendered":"<p>Anna Faris compartilha suas impress\u00f5es sobre sua participa\u00e7\u00e3o na temporada final de Friends. A atriz de Scary Movie 6 admitiu\u2026<\/p>","protected":false},"author":1,"featured_media":15353,"comment_status":"open","ping_status":"closed","sticky":false,"template":"","format":"standard","meta":{"footnotes":""},"categories":[6],"tags":[],"class_list":["post-15352","post","type-post","status-publish","format-standard","has-post-thumbnail","hentry","category-kinoindustriya","hvn-theme-has-thumbnail"],"_links":{"self":[{"href":"https:\/\/imgist.ru\/pt\/wp-json\/wp\/v2\/posts\/15352","targetHints":{"allow":["GET"]}}],"collection":[{"href":"https:\/\/imgist.ru\/pt\/wp-json\/wp\/v2\/posts"}],"about":[{"href":"https:\/\/imgist.ru\/pt\/wp-json\/wp\/v2\/types\/post"}],"author":[{"embeddable":true,"href":"https:\/\/imgist.ru\/pt\/wp-json\/wp\/v2\/users\/1"}],"replies":[{"embeddable":true,"href":"https:\/\/imgist.ru\/pt\/wp-json\/wp\/v2\/comments?post=15352"}],"version-history":[{"count":2,"href":"https:\/\/imgist.ru\/pt\/wp-json\/wp\/v2\/posts\/15352\/revisions"}],"predecessor-version":[{"id":158778,"href":"https:\/\/imgist.ru\/pt\/wp-json\/wp\/v2\/posts\/15352\/revisions\/158778"}],"wp:featuredmedia":[{"embeddable":true,"href":"https:\/\/imgist.ru\/pt\/wp-json\/wp\/v2\/media\/15353"}],"wp:attachment":[{"href":"https:\/\/imgist.ru\/pt\/wp-json\/wp\/v2\/media?parent=15352"}],"wp:term":[{"taxonomy":"category","embeddable":true,"href":"https:\/\/imgist.ru\/pt\/wp-json\/wp\/v2\/categories?post=15352"},{"taxonomy":"post_tag","embeddable":true,"href":"https:\/\/imgist.ru\/pt\/wp-json\/wp\/v2\/tags?post=15352"}],"curies":[{"name":"wp","href":"https:\/\/api.w.org\/{rel}","templated":true}]}}