{"id":15399,"date":"2026-06-06T05:14:20","date_gmt":"2026-06-06T02:14:20","guid":{"rendered":"http:\/\/imgist.ru\/sara-mishel-gellar-otdala-dan-pamyati-pokojnomu-kollege-po-serialu-baffi-entoni-hedu\/"},"modified":"2026-08-29T12:15:53","modified_gmt":"2026-08-29T09:15:53","slug":"sara-mishel-gellar-otdalah-e-pamyati-pokojnomu-faculdade-po-serialu-baffi-entoni-hedu","status":"publish","type":"post","link":"https:\/\/imgist.ru\/pt\/sara-mishel-gellar-otdala-dan-pamyati-pokojnomu-kollege-po-serialu-baffi-entoni-hedu\/","title":{"rendered":"Sarah Michelle Gellar prestou homenagem ao seu falecido colega de elenco de Buffy, Anthony Head."},"content":{"rendered":"<p>O artigo original foi publicado no site E! Online.<\/p>\n<p> <strong>Sarah Michelle Gellar<\/strong> Ela lamenta a perda do pai, que era como um pai para ela.<\/p>\n<p> Estrela <em>Buffy, a Ca\u00e7a-Vampiros\u00ab<\/em> compartilhou uma homenagem emocionante \u00e0 sua colega de elenco. <strong>Anthony Head<\/strong> , conhecido por seu papel como Rupert Giles na amada s\u00e9rie, em homenagem \u00e0s suas filhas <strong>Emily Head<\/strong> \u0438 <strong>Cabe\u00e7a de Margarida<\/strong> Foi confirmado que ele faleceu aos 72 anos devido a complica\u00e7\u00f5es de pneumonia.<\/p>\n<p> \u00ab&quot;&#039;Diga ao Giles que eu j\u00e1 resolvi tudo e que estou bem&#039;&quot;, come\u00e7ou Gellar em sua postagem no Instagram em 5 de junho. &quot;Mas eu n\u00e3o resolvi tudo e n\u00e3o estou bem.&quot;.<\/p>\n<p> \u00ab&quot;Mas sei que tive sorte de te conhecer&quot;, acrescentou a mulher de 49 anos, acompanhando a publica\u00e7\u00e3o com v\u00e1rias fotos antigas. &quot;Obrigada, Daisy e Emily, por compartilharem o pai delas n\u00e3o s\u00f3 comigo, mas com o mundo todo.&quot;.<\/p>\n<p> Head, que estrelou a s\u00e9rie <em>\u00abBuffy\u00bb<\/em> De 1997 a 2003, tamb\u00e9m foi mencionado pelo ator. <strong>James Marsters,<\/strong> Conhecida da s\u00e9rie de TV &quot;Spike&quot;.<\/p>\n<p> \u00ab&quot;H\u00e1 um vazio no mundo. Anthony Head faleceu. Ele era um homem sempre gentil e confi\u00e1vel no set de Buffy, e o melhor ator do elenco&quot;, escreveu o ator de 63 anos no Instagram. &quot;Ele era o melhor de n\u00f3s. Tive a sorte de conhec\u00ea-lo e aprender com ele. Ele tornou o mundo um lugar melhor com sua presen\u00e7a. Obrigado, Tony, por tudo que voc\u00ea nos deu.&quot;.<\/p>\n<p> <strong>Mais not\u00edcias do E! Online<\/strong><\/p>\n<ul>\n<li>\n<p> O ator James Handy, <em>conhecido pelo filme &quot;Top Gun&quot;,<\/em> Supostamente, ele foi esfaqueado at\u00e9 a morte pelo filho de sua namorada.<\/p>\n<\/li>\n<li>\n<p> O YouTuber Jesse Ridgeway e sua esposa, Ashley Ridgeway, interromperam a gravidez ap\u00f3s o beb\u00ea ser diagnosticado com s\u00edndrome de Down.<\/p>\n<\/li>\n<li>\n<p> Anthony Head, estrela de s\u00e9rie de TV <em>\u00abBuffy\u00bb<\/em> \u0438 <em>\u00abTed Lasso\u00bb<\/em> , morreu 5 meses ap\u00f3s a morte de sua companheira de longa data.<\/p>\n<\/li>\n<\/ul>\n<p> Al\u00e9m do papel em <em>\u00abBuffy\u00bb<\/em> , Head tamb\u00e9m estrelou em s\u00e9ries de TV. <em>\u00abMerlin\u00bb<\/em> , <em>\u00abPequena Gr\u00e3-Bretanha\u00bb<\/em> , e mais recentemente - em <em>\u00abTed Lasso\u00bb<\/em> .<\/p>\n<p> <strong>Brett Goldstein,<\/strong> int\u00e9rprete do papel <em>Ted Lasso,<\/em> Compartilhou lembran\u00e7as emocionantes do ator, publicando em seus Stories do Instagram: &quot;Anthony Head era um ator brilhante que interpretou o pior homem do mundo, o que foi uma fa\u00e7anha incr\u00edvel porque ele era o melhor homem. Infinitamente charmoso, gentil, engra\u00e7ado e cheio de vida. Sentiremos muito a sua falta. Nossos sentimentos \u00e0 sua fam\u00edlia.&quot;. <\/p>\n<p> James Sorenson\/20th Century Fox TV\/Kobal\/Shutterstock<\/p>\n<p> A morte de Head foi confirmada por suas filhas em 5 de junho, que disseram \u00e0 BBC: &quot;Foi e sempre ser\u00e1 uma honra e um privil\u00e9gio sermos suas filhas e vermos em primeira m\u00e3o o impacto que ele e seu trabalho tiveram em tantas pessoas.&quot;.<\/p>\n<p> \u00ab&quot;Sabemos o quanto ele far\u00e1 falta aos seus amigos, colegas e f\u00e3s das s\u00e9ries em que atuou&quot;, acrescentaram. &quot;Ele amava o seu trabalho.&quot;.<\/p>\n<p> Antes da morte de Head, seu parceiro de longa data faleceu. <strong>Sarah Fisher<\/strong> , uma ativista dos direitos dos animais que morreu repentinamente em dezembro, aos 61 anos.<\/p>\n<p> Para ficar por dentro das \u00faltimas not\u00edcias, clique aqui para baixar o aplicativo E! News.<\/p>","protected":false},"excerpt":{"rendered":"<p>O artigo original foi publicado no E! Online. Sarah Michelle Gellar est\u00e1 de luto pela perda de seu pai, que era como um pai para ela. A estrela de Buffy, a Ca\u00e7adora\u2026<\/p>","protected":false},"author":1,"featured_media":15400,"comment_status":"open","ping_status":"closed","sticky":false,"template":"","format":"standard","meta":{"footnotes":""},"categories":[6],"tags":[],"class_list":["post-15399","post","type-post","status-publish","format-standard","has-post-thumbnail","hentry","category-kinoindustriya","hvn-theme-has-thumbnail"],"_links":{"self":[{"href":"https:\/\/imgist.ru\/pt\/wp-json\/wp\/v2\/posts\/15399","targetHints":{"allow":["GET"]}}],"collection":[{"href":"https:\/\/imgist.ru\/pt\/wp-json\/wp\/v2\/posts"}],"about":[{"href":"https:\/\/imgist.ru\/pt\/wp-json\/wp\/v2\/types\/post"}],"author":[{"embeddable":true,"href":"https:\/\/imgist.ru\/pt\/wp-json\/wp\/v2\/users\/1"}],"replies":[{"embeddable":true,"href":"https:\/\/imgist.ru\/pt\/wp-json\/wp\/v2\/comments?post=15399"}],"version-history":[{"count":1,"href":"https:\/\/imgist.ru\/pt\/wp-json\/wp\/v2\/posts\/15399\/revisions"}],"predecessor-version":[{"id":158831,"href":"https:\/\/imgist.ru\/pt\/wp-json\/wp\/v2\/posts\/15399\/revisions\/158831"}],"wp:featuredmedia":[{"embeddable":true,"href":"https:\/\/imgist.ru\/pt\/wp-json\/wp\/v2\/media\/15400"}],"wp:attachment":[{"href":"https:\/\/imgist.ru\/pt\/wp-json\/wp\/v2\/media?parent=15399"}],"wp:term":[{"taxonomy":"category","embeddable":true,"href":"https:\/\/imgist.ru\/pt\/wp-json\/wp\/v2\/categories?post=15399"},{"taxonomy":"post_tag","embeddable":true,"href":"https:\/\/imgist.ru\/pt\/wp-json\/wp\/v2\/tags?post=15399"}],"curies":[{"name":"wp","href":"https:\/\/api.w.org\/{rel}","templated":true}]}}