{"id":15409,"date":"2026-06-06T05:19:14","date_gmt":"2026-06-06T02:19:14","guid":{"rendered":"https:\/\/imgist.ru\/tomas-doerti-govorit-chto-rabota-s-erikom-dejnom-nad-odnoj-iz-ego-poslednih-rolej-okazala-na-nego-neveroyatnoe-vliyanie\/"},"modified":"2026-08-29T12:15:53","modified_gmt":"2026-08-29T09:15:53","slug":"thomas-doherty-afirma-que-trabalhar-com-eric-dean-em-um-de-seus-ultimos-papeis-teve-um-impacto-incrivel-sobre-ele","status":"publish","type":"post","link":"https:\/\/imgist.ru\/pt\/tomas-doerti-govorit-chto-rabota-s-erikom-dejnom-nad-odnoj-iz-ego-poslednih-rolej-okazala-na-nego-neveroyatnoe-vliyanie\/","title":{"rendered":"Thomas Doherty afirma que trabalhar com Eric Dane em um de seus \u00faltimos pap\u00e9is teve um &quot;impacto incr\u00edvel&quot; sobre ele."},"content":{"rendered":"<h3>PRECISA SABER<\/h3>\n<ul>\n<li>\n<p> Thomas Doherty falou abertamente sobre sua experi\u00eancia trabalhando com Eric Dane em um de seus \u00faltimos pap\u00e9is no cinema antes de sua morte em fevereiro.<\/p>\n<\/li>\n<\/ul>\n<ul>\n<li>\n<p> Filme &quot;\u00ab <em>Segredos de Fam\u00edlia&quot;\u00bb<\/em> \u2014 um dos \u00faltimos projetos que Dane filmou antes de sua morte em fevereiro de 2026, aos 53 anos.<\/p>\n<\/li>\n<li>\n<p> O filme conta a hist\u00f3ria de um jovem, interpretado por Tyreke Withers, que se infiltra em um casamento para se vingar do chefe da fam\u00edlia, interpretado por Dane.<\/p>\n<\/li>\n<\/ul>\n<p> Thomas Doherty falou abertamente sobre sua experi\u00eancia trabalhando com Eric Dane em um de seus \u00faltimos pap\u00e9is no cinema antes de sua morte em fevereiro.<\/p>\n<p> Estrela do filme &quot;\u00ab <em>Para\u00edso&quot;\u00bb<\/em> falou sobre o encontro com Dane e a colabora\u00e7\u00e3o no pr\u00f3ximo thriller &quot;\u00ab <em>Segredos de Fam\u00edlia&quot;\u00bb<\/em> em uma entrevista <em>O Hollywood Reporter,<\/em> Publicado na sexta-feira, 5 de junho. Doherty disse que a oportunidade surgiu em um &quot;momento bastante desafiador&quot; de sua vida pessoal.<\/p>\n<p> \u00ab&quot;Eric, sem me conhecer muito bem, percebeu isso&quot;, compartilhou Doherty, de 31 anos. &quot;Jantei com ele algumas vezes e ele teve um papel fundamental em me ajudar a superar uma certa fase da minha vida e a chegar onde estou hoje. N\u00e3o vou fingir que \u00e9ramos melhores amigos, mas est\u00e1vamos filmando na S\u00e9rvia e ele me levava para jantar, conversava comigo, e isso realmente teve um impacto incr\u00edvel em quem sou hoje.&quot;.<\/p>\n<p> \u00ab&quot;Ele foi provavelmente a primeira pessoa que me guiou rumo a uma vida mais feliz e tranquila&quot;, continuou o ator. &quot;E serei eternamente grato a ele por isso. Al\u00e9m disso, ele era muito engra\u00e7ado. \u00c9 uma verdadeira trag\u00e9dia.&quot;. <\/p>\n<p> Thomas Doherty; Eric Dane. Foto: Michael Buckner\/Variety via Getty; Frazer Harrison\/Getty<\/p>\n<p> O ator de 53 anos, conhecido por seus pap\u00e9is na s\u00e9rie de TV &quot;\u00ab <em>Grey&#039;s Anatomy\u00bb<\/em> \u0438 <em>\u00ab&quot;Euforia&quot;\u00bb<\/em> , que anunciou em abril de 2025 ter sido diagnosticado com esclerose lateral amiotr\u00f3fica (ELA), morreu de insufici\u00eancia respirat\u00f3ria em fevereiro de 2026.<\/p>\n<p> <em>O filme &quot;Segredos de Fam\u00edlia&quot;\u00ab<\/em> Tornou-se um de seus \u00faltimos projetos no cinema e na televis\u00e3o. Como relatado pelo Deadline no final de 2023, Dane estrelou o filme ao lado de Doherty, Tyreke Withers, Maia Mitchell e Hannah Dodd.<\/p>\n<p> De acordo com a sinopse oficial, Withers interpreta um &quot;jovem charmoso&quot; que vai a um casamento ex\u00f3tico para se vingar do patriarca da fam\u00edlia (Dane), seduzindo sua rica afilhada, interpretada por Mitchell, e fazendo amizade com o noivo, interpretado por Doherty.<\/p>\n<p> <strong>N\u00e3o perca nenhuma novidade - inscreva-se!<\/strong> <strong>newsletter di\u00e1ria gratuita PEOPLE<\/strong> <strong>, Para ficar por dentro do melhor que a revista PEOPLE tem a oferecer, desde not\u00edcias sobre celebridades at\u00e9 hist\u00f3rias humanas inspiradoras.<\/strong><\/p>\n<p> \u00ab&quot;\u00c0 medida que o relacionamento deles se torna mais apaixonado, a verdade vem \u00e0 tona, deixando voc\u00ea se perguntando quem est\u00e1 seguro... e quem est\u00e1 enganando quem?&quot;, diz a sinopse.<\/p>\n<p> data de lan\u00e7amento do filme <em>\u00abSegredos de Fam\u00edlia\u00bb<\/em> Ainda n\u00e3o foi anunciado. <\/p>\n<p> Eric Dane em setembro de 2025. Foto: Marvin Joseph\/The Washington Post via Getty<\/p>\n<p> A primeira apari\u00e7\u00e3o p\u00f3stuma de Dane na televis\u00e3o aconteceu em abril, quando seu personagem Cal, da s\u00e9rie <em>\u00ab&quot;Euforia&quot;\u00bb<\/em> Apareceu no segundo epis\u00f3dio da terceira e \u00faltima temporada da s\u00e9rie da HBO.<\/p>\n<p> Quando em 2025 a estrela da s\u00e9rie <em>\u00abGrey&#039;s Anatomy\u00bb<\/em> Ao falar sobre seu diagn\u00f3stico de ELA (esclerose lateral amiotr\u00f3fica) \u00e0 revista PEOPLE, ele enfatizou seus planos de participar da terceira temporada. <em>\u00abEuforia\u00bb<\/em> . \u00abTenho sorte de poder continuar trabalhando e estou ansioso para voltar ao set de filmagem.\u201d <em>\u00abEuforia\u00bb<\/em> &quot;Na pr\u00f3xima semana&quot;, disse ele ent\u00e3o.<\/p>\n<p> Criador <em>S\u00e9rie de TV &quot;Euphoria&quot;\u00ab<\/em> Sam Levinson em uma entrevista recente <em>Extra<\/em> Ele disse que Dane &quot;me ligou antes de come\u00e7armos a filmar e me contou que havia sido diagnosticado com esclerose lateral amiotr\u00f3fica&quot;. Levinson ent\u00e3o fez ajustes na hist\u00f3ria de seu personagem.<\/p>\n<p> \u00ab&quot;Conversamos muito sobre a vida e o seu significado. Eu o amava muito e disse: &#039;Eric, n\u00e3o importa em que situa\u00e7\u00e3o voc\u00ea esteja, vamos superar isso. Acredito que tudo vai dar certo&#039;&quot;, disse Levinson, de 41 anos.<\/p>\n<p> Dane deixa esposa, Rebecca Gayheart, e dois filhos: Billie Beatrice, de 15 anos, e Georgia Geraldine, de 13 anos.<\/p>\n<p> Antes de falecer, Dane gravou uma comovente mensagem de despedida para Billy e Georgia como parte da s\u00e9rie. <em>\u00ab\u00daltimas Palavras Famosas\u00bb<\/em> na Netflix. A entrevista foi conduzida em segredo e publicada postumamente.<\/p>\n<p> \u00ab&quot;Billy e Georgia, estas palavras s\u00e3o para voc\u00eas&quot;, come\u00e7ou a estrela. &quot;Eu tentei. \u00c0s vezes tropecei, mas tentei. No geral, nos divertimos muito, n\u00e3o \u00e9?&quot;\u00bb<\/p>\n<p> Leia o artigo original na revista People.<\/p>","protected":false},"excerpt":{"rendered":"<p>\u00c9 PRECISO SABER: Thomas Doherty falou sobre trabalhar com Eric Dane em um de seus \u00faltimos pap\u00e9is no cinema antes de sua morte em fevereiro. O filme &quot;...<\/p>","protected":false},"author":1,"featured_media":15410,"comment_status":"open","ping_status":"closed","sticky":false,"template":"","format":"standard","meta":{"footnotes":""},"categories":[5],"tags":[],"class_list":["post-15409","post","type-post","status-publish","format-standard","has-post-thumbnail","hentry","category-selebriti","hvn-theme-has-thumbnail"],"_links":{"self":[{"href":"https:\/\/imgist.ru\/pt\/wp-json\/wp\/v2\/posts\/15409","targetHints":{"allow":["GET"]}}],"collection":[{"href":"https:\/\/imgist.ru\/pt\/wp-json\/wp\/v2\/posts"}],"about":[{"href":"https:\/\/imgist.ru\/pt\/wp-json\/wp\/v2\/types\/post"}],"author":[{"embeddable":true,"href":"https:\/\/imgist.ru\/pt\/wp-json\/wp\/v2\/users\/1"}],"replies":[{"embeddable":true,"href":"https:\/\/imgist.ru\/pt\/wp-json\/wp\/v2\/comments?post=15409"}],"version-history":[{"count":2,"href":"https:\/\/imgist.ru\/pt\/wp-json\/wp\/v2\/posts\/15409\/revisions"}],"predecessor-version":[{"id":158834,"href":"https:\/\/imgist.ru\/pt\/wp-json\/wp\/v2\/posts\/15409\/revisions\/158834"}],"wp:featuredmedia":[{"embeddable":true,"href":"https:\/\/imgist.ru\/pt\/wp-json\/wp\/v2\/media\/15410"}],"wp:attachment":[{"href":"https:\/\/imgist.ru\/pt\/wp-json\/wp\/v2\/media?parent=15409"}],"wp:term":[{"taxonomy":"category","embeddable":true,"href":"https:\/\/imgist.ru\/pt\/wp-json\/wp\/v2\/categories?post=15409"},{"taxonomy":"post_tag","embeddable":true,"href":"https:\/\/imgist.ru\/pt\/wp-json\/wp\/v2\/tags?post=15409"}],"curies":[{"name":"wp","href":"https:\/\/api.w.org\/{rel}","templated":true}]}}