{"id":16257,"date":"2026-06-06T22:14:02","date_gmt":"2026-06-06T19:14:02","guid":{"rendered":"https:\/\/imgist.ru\/posvyashhenie-sary-mishel-gellar-svoemu-kollege-po-serialu-baffi-entoni-hedu-trogaet-do-glubiny-dushi\/"},"modified":"2026-08-29T12:17:22","modified_gmt":"2026-08-29T09:17:22","slug":"a-dedicacao-de-sari-mishel-gellar-ao-seu-colega-de-elenco-de-buffy-anthony-hedu-toca-as-profundezas-de-sua-alma","status":"publish","type":"post","link":"https:\/\/imgist.ru\/pt\/posvyashhenie-sary-mishel-gellar-svoemu-kollege-po-serialu-baffi-entoni-hedu-trogaet-do-glubiny-dushi\/","title":{"rendered":"A homenagem de Sarah Michelle Gellar ao seu colega de elenco de Buffy, Anthony Head, \u00e9 de partir o cora\u00e7\u00e3o."},"content":{"rendered":"<h2>F\u00e3s e telespectadores de Buffy, a Ca\u00e7a-Vampiros, em todo o mundo, lamentam a perda do ator Anthony Head, que faleceu no in\u00edcio desta semana aos 72 anos. <\/h2>\n<p> \u00a920thCentFox\/Cortesia da Everett Collection<\/p>\n<h2> As filhas do ator brit\u00e2nico, adorado pelos f\u00e3s de Buffy por seu papel como Giles na cl\u00e1ssica s\u00e9rie de TV, disseram esta semana que a causa da morte foram complica\u00e7\u00f5es decorrentes de uma pneumonia. <\/h2>\n<p> Gareth Cattermole \/ Getty Images<\/p>\n<h2> \u00ab&quot;Ele faleceu em paz devido a complica\u00e7\u00f5es de uma pneumonia, cercado por sua fam\u00edlia&quot;, disseram Emily e Daisy Head em um comunicado. &quot;\u00c9 com profunda tristeza que anunciamos o falecimento de nosso not\u00e1vel pai... Foi, e sempre ser\u00e1, uma honra e um privil\u00e9gio sermos suas filhas e testemunharmos o impacto que ele e seu trabalho tiveram em tantas pessoas.&quot;. <\/h2>\n<p> VALERIE HASH \/ AFP via Getty Images<\/p>\n<p> <strong>Veja tamb\u00e9m: &quot;Meu marido \u00e9 um homem adulto&quot;: 37 celebridades que compartilharam, de forma chocante e franca, suas vidas sexuais com outras pessoas famosas.<\/strong><\/p>\n<h2> Em um comunicado, a fam\u00edlia de Anthony tamb\u00e9m observou &quot;o quanto ele far\u00e1 falta aos seus amigos, colegas e f\u00e3s da s\u00e9rie em que atuava&quot;, acrescentando que ele &quot;amava muito o seu trabalho&quot; e &quot;sempre se considerou incrivelmente sortudo&quot;. <\/h2>\n<p> \u00a9ABC Family\/Cortesia da Everett Collection<\/p>\n<h2> Ap\u00f3s a not\u00edcia da morte de Anthony, o elenco de Buffy come\u00e7ou a expressar suas condol\u00eancias. David Boreanaz, que interpretou Angel, escreveu em seu Instagram Stories (via THR): &quot;Descanse em paz. Ele era um homem t\u00e3o gentil e generoso.&quot;. <\/h2>\n<p> \u00a920thCentFox\/Cortesia da Everett Collection<\/p>\n<h2> James Marsters, que interpretou Spike, tamb\u00e9m escreveu no Instagram: &quot;H\u00e1 um vazio no mundo. Anthony Head faleceu. Ele era um homem sempre gentil e confi\u00e1vel no set de Buffy, e o melhor ator do elenco. Ele era o melhor de n\u00f3s. Tive a sorte de conhec\u00ea-lo e aprender com ele. Ele tornou o mundo um lugar melhor com sua presen\u00e7a. Obrigado, Tony, por tudo que voc\u00ea nos deu.&quot;. <\/h2>\n<p> 20th Century Fox\/Cole\u00e7\u00e3o Everett<\/p>\n<p> <strong>Veja tamb\u00e9m: 14 atores que disseram &quot;N\u00e3o, eu n\u00e3o farei isso&quot; sobre o enredo de um filme.<\/strong><\/p>\n<h2> A atriz Sarah Michelle Gellar, estrela da s\u00e9rie Buffy, se pronunciou em mem\u00f3ria de seu falecido colega de elenco. <\/h2>\n<p> Stefan Cardinale - Corbis \/ Corbis via Getty Images<\/p>\n<h2> \u00ab&quot;Diga ao Giles que eu descobri tudo e que estou bem&quot;, ela escreveu no Instagram. &quot;Bem, eu n\u00e3o descobri tudo e n\u00e3o estou bem. Mas sei que tenho sorte porque te conheci.&quot;. <\/h2>\n<p> 20th Century Fox\/Cole\u00e7\u00e3o Everett<\/p>\n<h2> \u00ab&quot;Agrade\u00e7o a Daisy e Emily por compartilharem seu pai n\u00e3o apenas comigo, mas com o mundo todo.&quot;. <\/h2>\n<p> James Sorenson \/ 20th Century Fox \/ Cole\u00e7\u00e3o Everett<\/p>\n<p> <strong>Sobre o assunto: Com qual celebridade essa crian\u00e7a, nascida em uma fam\u00edlia sem liga\u00e7\u00f5es com o meio art\u00edstico, mais se parece?<\/strong><\/p>\n<h2> Os coment\u00e1rios estavam repletos de amor e apoio: <\/h2>\n<p> @sarahmgellar \/ Via instagram.com @sarahmgellar \/ Via instagram.com @sarahmgellar \/ Via instagram.com<\/p>\n<p> <strong>Mudando de assunto: ficarei muito impressionado se voc\u00ea conseguir nomear esses \u00edcones da m\u00fasica dos anos 80 em menos de 60 segundos.<\/strong> <\/p>\n<p> @sarahmgellar \/ Via instagram.com @sarahmgellar \/ Via instagram.com @sarahmgellar \/ Via instagram.com<\/p>\n<h2> Nossos sentimentos \u00e0 fam\u00edlia de Anthony neste momento dif\u00edcil.<\/h2>\n<p> <strong>Seu exerc\u00edcio cerebral di\u00e1rio: a maioria das pessoas n\u00e3o conseguir\u00e1 completar a sequ\u00eancia de palavras complexas neste fim de semana \u2014 voc\u00ea consegue?<\/strong><\/p>\n<p> <strong>Ainda na se\u00e7\u00e3o Celebridades: Vamos l\u00e1, voc\u00ea sabe que est\u00e1 curioso para saber quem s\u00e3o as celebridades da sua idade.<\/strong><\/p>\n<p> <strong>Tamb\u00e9m na se\u00e7\u00e3o Celebridades: 75 dos tweets de celebridades mais constrangedores ou engra\u00e7ados de todos os tempos.<\/strong><\/p>\n<p> <strong>Leia mais sobre isso no BuzzFeed.com<\/strong><\/p>","protected":false},"excerpt":{"rendered":"<p>F\u00e3s e espectadores de Buffy, a Ca\u00e7a-Vampiros, em todo o mundo, lamentam a perda do ator Anthony Head, que faleceu no in\u00edcio desta semana aos\u2026<\/p>","protected":false},"author":1,"featured_media":16258,"comment_status":"open","ping_status":"closed","sticky":false,"template":"","format":"standard","meta":{"footnotes":""},"categories":[6],"tags":[],"class_list":["post-16257","post","type-post","status-publish","format-standard","has-post-thumbnail","hentry","category-kinoindustriya","hvn-theme-has-thumbnail"],"_links":{"self":[{"href":"https:\/\/imgist.ru\/pt\/wp-json\/wp\/v2\/posts\/16257","targetHints":{"allow":["GET"]}}],"collection":[{"href":"https:\/\/imgist.ru\/pt\/wp-json\/wp\/v2\/posts"}],"about":[{"href":"https:\/\/imgist.ru\/pt\/wp-json\/wp\/v2\/types\/post"}],"author":[{"embeddable":true,"href":"https:\/\/imgist.ru\/pt\/wp-json\/wp\/v2\/users\/1"}],"replies":[{"embeddable":true,"href":"https:\/\/imgist.ru\/pt\/wp-json\/wp\/v2\/comments?post=16257"}],"version-history":[{"count":15,"href":"https:\/\/imgist.ru\/pt\/wp-json\/wp\/v2\/posts\/16257\/revisions"}],"predecessor-version":[{"id":159632,"href":"https:\/\/imgist.ru\/pt\/wp-json\/wp\/v2\/posts\/16257\/revisions\/159632"}],"wp:featuredmedia":[{"embeddable":true,"href":"https:\/\/imgist.ru\/pt\/wp-json\/wp\/v2\/media\/16258"}],"wp:attachment":[{"href":"https:\/\/imgist.ru\/pt\/wp-json\/wp\/v2\/media?parent=16257"}],"wp:term":[{"taxonomy":"category","embeddable":true,"href":"https:\/\/imgist.ru\/pt\/wp-json\/wp\/v2\/categories?post=16257"},{"taxonomy":"post_tag","embeddable":true,"href":"https:\/\/imgist.ru\/pt\/wp-json\/wp\/v2\/tags?post=16257"}],"curies":[{"name":"wp","href":"https:\/\/api.w.org\/{rel}","templated":true}]}}