{"id":162618,"date":"2026-09-01T10:03:42","date_gmt":"2026-09-01T07:03:42","guid":{"rendered":"https:\/\/imgist.ru\/kak-proyavlyaetsya-gipertimeziya\/"},"modified":"2026-09-01T10:03:48","modified_gmt":"2026-09-01T07:03:48","slug":"como-se-manifesta-o-hipertireoidismo","status":"publish","type":"post","link":"https:\/\/imgist.ru\/pt\/kak-proyavlyaetsya-gipertimeziya\/","title":{"rendered":"Como se manifesta a hipertimesia?"},"content":{"rendered":"<p>WhatsAppRedditCompartilharEmailTweetFixar0 Compartilhamentos<\/p>\n<p> Daniel McCartney nasceu em 1817. Quase cego, passou por diversas cirurgias oculares e conseguia ler letras grandes em papel se o segurasse a cerca de 60 cent\u00edmetros de dist\u00e2ncia. Apesar disso, aos 52 anos, concedeu uma entrevista na qual demonstrou se lembrar de cada dia de sua vida em detalhes minuciosos, desde os nove anos e meio at\u00e9 o dia da entrevista.<\/p>\n<p> Bastava dar a McCartney qualquer data aleat\u00f3ria e ele rapidamente apontava o dia da semana e a previs\u00e3o do tempo. Ele confirmava essas informa\u00e7\u00f5es usando artigos antigos de jornais. Em certo momento, ele chegou a corrigir um erro jornal\u00edstico de muitos anos atr\u00e1s.<\/p>\n<p> Todas as informa\u00e7\u00f5es eram filtradas pela lente de sua pr\u00f3pria experi\u00eancia, ent\u00e3o ele sabia o que comia todos os dias, sabia o que fazia todos os dias, fosse levar o jantar para o pai enquanto ele coletava carv\u00e3o, vender o cavalo do tio ou tomar o Forte Sumter.<\/p>\n<p> McCartney era uma daquelas raras pessoas que s\u00e3o aben\u00e7oadas ou amaldi\u00e7oadas com hipertimesia. Essas pessoas se lembram de quase tudo o que acontece em suas vidas, por mais insignificante que seja. Elas conseguem se lembrar de qual correspond\u00eancia chegou em uma determinada ter\u00e7a-feira, vinte anos atr\u00e1s. Isso significa que elas nunca se esquecem de nada, por mais terr\u00edvel que seja.<\/p>\n<h2> O que \u00e9 hipertimesia?<\/h2>\n<p><img loading=\"lazy\" decoding=\"async\" src=\"https:\/\/imgist.ru\/wp-content\/uploads\/2026\/09\/kak-proyavlyaetsya-gipertimeziya_6a9678d0c2ca4.jpeg\" alt=\"\" width=\"640\" height=\"480\"><\/p>\n<p> A hipertimesia, tamb\u00e9m chamada de mem\u00f3ria autobiogr\u00e1fica altamente avan\u00e7ada (HAAM), \u00e9 um tipo de mem\u00f3ria quase perfeita que alguns de n\u00f3s poder\u00edamos chamar de mem\u00f3ria fotogr\u00e1fica, embora n\u00e3o seja exatamente a mesma coisa.<\/p>\n<p> Oficialmente, esse fen\u00f4meno existe apenas desde 2006, pois antes disso n\u00e3o tinha nome, embora, como vimos com o Sr. McCartney, j\u00e1 existisse h\u00e1 bastante tempo. Ganhou notoriedade gra\u00e7as \u00e0 atriz Marilu Henner, que h\u00e1 alguns anos era uma das apenas 12 pessoas no mundo que se acreditava terem a condi\u00e7\u00e3o, enquanto agora o n\u00famero est\u00e1 entre 50 e 100.<\/p>\n<p> A mem\u00f3ria dessas pessoas difere do que voc\u00ea poderia considerar como mem\u00f3ria fotogr\u00e1fica. Elas n\u00e3o conseguem se lembrar de todas as informa\u00e7\u00f5es gerais que encontram; lembram-se apenas de informa\u00e7\u00f5es pessoais, coisas que se relacionam a elas pessoalmente, da\u00ed a parte &quot;autobiogr\u00e1fica&quot; do nome. Se voc\u00ea perguntar a elas quando Os Vingadores foi lan\u00e7ado ou quando ocorreu o desastre nuclear de Fukushima, \u00e9 improv\u00e1vel que se lembrem melhor do que voc\u00ea.<\/p>\n<p> Pessoas com hipertimesia n\u00e3o s\u00e3o necessariamente g\u00eanios, capazes de executar e recordar tudo com facilidade. Assim como McCartney, o homem conhecido como HK tamb\u00e9m sofria de cegueira e hipertimesia. Sua intelig\u00eancia era considerada mediana; apenas sua mem\u00f3ria era significativamente melhorada. Ele conseguia se lembrar de quase toda a sua vida, desde a inf\u00e2ncia, com detalhes minuciosos, mesmo sem pistas visuais devido \u00e0 sua cegueira.<\/p>\n<p> Para determinar a natureza dessa habilidade not\u00e1vel, ele foi submetido a uma tomografia cerebral, que revelou que sua am\u00edgdala era 20% maior que a m\u00e9dia. Conex\u00f5es mais fortes entre a am\u00edgdala e o hipocampo tamb\u00e9m foram observadas. A resson\u00e2ncia magn\u00e9tica funcional revela uma atividade \u00fanica no c\u00e9rebro de pessoas com hipertimesia, ausente no c\u00e9rebro de pessoas normais, durante a evoca\u00e7\u00e3o de mem\u00f3rias.<\/p>\n<p> Acredita-se que a am\u00edgdala seja o centro de controle do processamento emocional e tamb\u00e9m est\u00e1 associada \u00e0 mem\u00f3ria e ao aprendizado. O hipocampo tamb\u00e9m \u00e9 o principal respons\u00e1vel pelo aprendizado e pela mem\u00f3ria.<\/p>\n<p> A maioria de n\u00f3s forma mem\u00f3rias de maneira diferente das pessoas com hipertimesia. Nossas experi\u00eancias cotidianas s\u00e3o armazenadas na mem\u00f3ria de curto prazo e, geralmente, algo significativo precisa acontecer para que essas mem\u00f3rias se consolidem na mem\u00f3ria de longo prazo. Essas mem\u00f3rias s\u00e3o formadas e armazenadas em diferentes partes do c\u00e9rebro.<\/p>\n<p> A mem\u00f3ria de curto prazo come\u00e7a no c\u00f3rtex pr\u00e9-frontal. Se a informa\u00e7\u00e3o for importante para a mem\u00f3ria, ela pode ser formada e armazenada de diversas maneiras: na am\u00edgdala, no cerebelo, no neoc\u00f3rtex, nos g\u00e2nglios da base e em outras \u00e1reas. Muitas regi\u00f5es cerebrais podem auxiliar na memoriza\u00e7\u00e3o ap\u00f3s a forma\u00e7\u00e3o da informa\u00e7\u00e3o para a mem\u00f3ria de longo prazo. No entanto, isso requer memoriza\u00e7\u00e3o pr\u00e9via.<\/p>\n<p> Voc\u00ea j\u00e1 ficou parado na cozinha sem se lembrar do que comeu no caf\u00e9 da manh\u00e3 da noite anterior? Eis o motivo. Nada de significativo aconteceu no caf\u00e9 da manh\u00e3 para ser lembrado para sempre. Se voc\u00ea pensar bem, talvez se lembre, talvez n\u00e3o. E quanto ao caf\u00e9 da manh\u00e3 de uma semana atr\u00e1s? \u00c9 quase certo que voc\u00ea j\u00e1 se esqueceu.<\/p>\n<p> A hipertimesia armazena informa\u00e7\u00f5es de forma diferente. A mem\u00f3ria de curto prazo come\u00e7a da mesma maneira, mas depois tudo parece ser armazenado como um banco de dados, onde tudo \u00e9 organizado e registrado, por mais insignificante que seja. Se acontece, fica registrado. Pelo menos na maior parte dos casos. Algumas pessoas, como Joey DeGrandis, t\u00eam dificuldade em se lembrar de detalhes banais, como onde colocaram as chaves. Ele tem uma mem\u00f3ria de curto prazo deficiente, mas d\u00ea a ele alguns dias, semanas ou meses, e ele consegue se lembrar de coisas com detalhes minuciosos.<\/p>\n<p> Curiosamente, ao contr\u00e1rio da mem\u00f3ria t\u00edpica, pessoas com hipertimesia apresentam melhora na mem\u00f3ria e na precis\u00e3o ap\u00f3s um per\u00edodo mais longo, quando as mem\u00f3rias geralmente se perdem ou se tornam confusas. Acredita-se que isso ocorra porque pessoas com hipertimesia se concentram excessivamente em seus pensamentos e, por serem t\u00e3o precisas, conseguem focar em detalhes repetidamente, aprimorando sua mem\u00f3ria.<\/p>\n<h2> Qual \u00e9 o motivo disso?<\/h2>\n<p><img decoding=\"async\" loading=\"lazy\" src=\"https:\/\/imgist.ru\/wp-content\/uploads\/2026\/09\/kak-proyavlyaetsya-gipertimeziya_6a9678d1bfa7e.jpeg\" alt=\"\" width=\"640\" height=\"427\"><\/p>\n<p> As causas da s\u00edndrome da amn\u00e9sia hiperativa (SAH) ainda n\u00e3o s\u00e3o totalmente compreendidas. No entanto, sugere-se que a tend\u00eancia desses indiv\u00edduos a ruminar constantemente sobre suas mem\u00f3rias e o passado possa ser um fator contribuinte.<\/p>\n<p> Semelhante a um tipo de transtorno obsessivo-compulsivo de mem\u00f3ria, o fato de n\u00e3o conseguirem parar de repetir mem\u00f3rias fortalece sua capacidade de memoriza\u00e7\u00e3o. Isso \u00e9 refor\u00e7ado pelo fato de que pessoas com hipertimesia tendem a ter pouca mem\u00f3ria de eventos recentes, mas conseguem recordar eventos de um passado mais distante com maior detalhe. Trata-se de algo que deve ser formado em sua consci\u00eancia. Mas, novamente, isso \u00e9 apenas uma hip\u00f3tese e n\u00e3o foi comprovado definitivamente.<\/p>\n<p> As causas podem ser psicol\u00f3gicas, mas tamb\u00e9m podem ser biol\u00f3gicas ou gen\u00e9ticas. Simplesmente n\u00e3o h\u00e1 pesquisas suficientes para chegar a uma conclus\u00e3o definitiva.<\/p>\n<h2> Ser\u00e1 isto uma maldi\u00e7\u00e3o?<\/h2>\n<p><img decoding=\"async\" loading=\"lazy\" src=\"https:\/\/imgist.ru\/wp-content\/uploads\/2026\/09\/kak-proyavlyaetsya-gipertimeziya_6a9678d29e01b.jpeg\" alt=\"\" width=\"640\" height=\"427\"><\/p>\n<p> Voc\u00ea certamente consegue pensar em in\u00fameras raz\u00f5es pelas quais essa habilidade seria incr\u00edvel. Lembrar-se de tudo o que j\u00e1 viveu, at\u00e9 o menor detalhe? Imagine quantos momentos incr\u00edveis voc\u00ea poderia reviver em sua mente. Com certeza seriam muitos, n\u00e3o \u00e9?<\/p>\n<p> Mas pense no pior dia da sua vida. Todos t\u00eam dias piores, n\u00e3o importa o qu\u00e3o piores tenham sido em compara\u00e7\u00e3o com os outros. Algu\u00e9m com a s\u00edndrome de Howson-Meyer (HASM) se lembrar\u00e1 do pior dia da sua vida em detalhes minuciosos. E, como j\u00e1 discutimos, essas pessoas tendem a remoer esses pensamentos. Portanto, voc\u00ea n\u00e3o conseguir\u00e1 ignor\u00e1-los. Voc\u00ea n\u00e3o conseguir\u00e1 se for\u00e7ar a esquecer. Na verdade, o oposto acontecer\u00e1. Voc\u00ea sempre se lembrar\u00e1 perfeitamente do pior dia da sua vida. Ele se tornar\u00e1 mais v\u00edvido e real em sua mente a cada dia que passa.<\/p>\n<p> Dependendo da trag\u00e9dia que lhe aconteceu naquele dia, pode se tornar um verdadeiro pesadelo do qual voc\u00ea jamais escapar\u00e1. Pessoas que sofrem dessa condi\u00e7\u00e3o relatam que um t\u00e9rmino doloroso, a morte de um ente querido ou a morte de um animal de estima\u00e7\u00e3o s\u00e3o sempre sentidos com a mesma intensidade do momento. N\u00e3o se trata apenas da lembran\u00e7a do evento; s\u00e3o os sentimentos. Voc\u00ea jamais esquecer\u00e1 como se sentiu.<\/p>\n<p> Jill Price tornou-se a primeira pessoa oficialmente diagnosticada com HSAM (mem\u00f3ria sensorial hipofisiol\u00f3gica). Ela descreveu suas mem\u00f3rias como &quot;incessantes, incontrol\u00e1veis e totalmente debilitantes&quot;. Ela vive cada dia pensando em cada decis\u00e3o que n\u00e3o tomou, em tudo o que sabe que poderia ter feito, mas n\u00e3o fez, e no que poderia ter acontecido se tivesse feito essas escolhas. Sua mem\u00f3ria \u00e9 como uma f\u00e1brica de arrependimentos.<\/p>\n<p> Outros dizem que \u00e9 como um cinejornal de suas pr\u00f3prias vidas, do momento em que acordam ao momento em que adormecem \u2014 uma repeti\u00e7\u00e3o intermin\u00e1vel de eventos. De muitas maneiras, eles se tornam ref\u00e9ns de suas pr\u00f3prias mem\u00f3rias.<\/p>\n<p> Rebecca Sharrock concedeu uma entrevista na qual explicou como problemas de mem\u00f3ria levam \u00e0 depress\u00e3o e ao aumento da ansiedade. Pessoas com hipertimesia tendem a associar o presente ao passado. Por exemplo, se hoje \u00e9 1\u00ba de outubro, elas podem acordar e se lembrar de 1\u00ba de outubro de 17 anos atr\u00e1s.<\/p>\n<p> Para Sharrock, isso significa que, se ela se lembra de algo da sua inf\u00e2ncia, ela se lembra da mesma forma que se lembrava quando crian\u00e7a. Ou seja, se algo ruim lhe aconteceu naquela \u00e9poca, ela experimenta a rea\u00e7\u00e3o emocional t\u00edpica de uma crian\u00e7a. Algo que os adultos conseguem lidar pode ser traum\u00e1tico para ela porque ela vivenciou aquilo com a mentalidade infantil, e sua mem\u00f3ria perfeita s\u00f3 reproduz emo\u00e7\u00f5es da inf\u00e2ncia.<\/p>\n<h2> Benef\u00edcios da memoriza\u00e7\u00e3o<\/h2>\n<p><img decoding=\"async\" loading=\"lazy\" src=\"https:\/\/imgist.ru\/wp-content\/uploads\/2026\/09\/kak-proyavlyaetsya-gipertimeziya_6a9678d373ffd.jpeg\" alt=\"\" width=\"640\" height=\"479\"><\/p>\n<p> A hipertimesia n\u00e3o \u00e9 apenas uma condi\u00e7\u00e3o sombria e desesperadora para quem sofre com ela. Sim, pode ser estressante, mas tamb\u00e9m tem aspectos positivos. O autor Frank Healy, que tem mais de 58 anos de mem\u00f3ria, explicou em um podcast que lutou contra isso na juventude, mas depois de aprender a lidar com a condi\u00e7\u00e3o, descobriu que existem aspectos positivos na vida.<\/p>\n<p> Se Healy conhecer algu\u00e9m novo, com certeza o bajular\u00e1 no pr\u00f3ximo encontro, lembrando-se do nome, profiss\u00e3o, c\u00f4njuge, filhos e hobbies da pessoa. Essa pessoa ficar\u00e1 convencida de que \u00e9 incrivelmente atraente por causa da condi\u00e7\u00e3o de Healy. Pode parecer um detalhe pequeno ou insignificante, mas imagine o que isso significaria para voc\u00ea se trabalhasse com vendas ou qualquer outro ramo. Ou se fosse um golpista.<\/p>\n<p> Para muitos, como Frank, concentrar-se em lembrar de coisas banais \u00e9 f\u00e1cil. Isso torna o estudo muito mais simples. Voc\u00ea nunca mais esquecer\u00e1 anivers\u00e1rios ou datas comemorativas se conseguir associ\u00e1-los a si mesmo e \u00e0 sua vida.<\/p>\n<p> Nas \u00e1reas da ci\u00eancia, hist\u00f3ria e direito, uma excelente mem\u00f3ria desempenha um papel fundamental no sucesso profissional. Bob Petrella aprendeu a conviver com a hipertimesia e, embora tenha tido que lidar com o estresse de reviver suas piores lembran\u00e7as, tamb\u00e9m encontrou aspectos positivos. Por se lembrar com precis\u00e3o de seus sentimentos ap\u00f3s cada erro, ele compreende muito melhor por que deveria t\u00ea-los evitado. Ele demonstra claramente a import\u00e2ncia de aprender com os pr\u00f3prios erros.<\/p>\n<h2> Diferen\u00e7as entre mem\u00f3ria eid\u00e9tica e mem\u00f3ria fotogr\u00e1fica<\/h2>\n<p><img decoding=\"async\" loading=\"lazy\" src=\"https:\/\/imgist.ru\/wp-content\/uploads\/2026\/09\/kak-proyavlyaetsya-gipertimeziya_6a9678d4522f9.png\" alt=\"\" width=\"640\" height=\"494\"><\/p>\n<p> Mencionamos anteriormente que a hipertimesia e a mem\u00f3ria fotogr\u00e1fica n\u00e3o s\u00e3o a mesma coisa. Pessoas com mem\u00f3ria fotogr\u00e1fica ou eid\u00e9tica conseguem vivenciar algo brevemente e depois record\u00e1-lo com precis\u00e3o quase perfeita. No entanto, essa \u00e9 uma habilidade de curto prazo. Algu\u00e9m com mem\u00f3ria eid\u00e9tica, por exemplo, n\u00e3o se lembrar\u00e1 desses detalhes daqui a 10 anos. Ou mesmo daqui a uma semana. Na maioria dos casos, dura apenas alguns minutos. Al\u00e9m disso, esse fen\u00f4meno \u00e9 observado quase que exclusivamente em crian\u00e7as, embora alguns adultos tamb\u00e9m apresentem essa capacidade.<\/p>\n<p> A mem\u00f3ria fotogr\u00e1fica seria algo semelhante \u00e0 mem\u00f3ria eid\u00e9tica de longo prazo da hipertimesia, por\u00e9m generalizada. Ou seja, em vez de mem\u00f3ria eid\u00e9tica de curto prazo, seria uma mem\u00f3ria que abrangeria toda a vida, ou pelo menos muitos anos. E, diferentemente da hipertimesia, incluiria n\u00e3o apenas informa\u00e7\u00f5es autobiogr\u00e1ficas, mas todas as informa\u00e7\u00f5es com as quais a pessoa teve contato.<\/p>\n<p> Embora a cultura pop nos tenha fornecido exemplos de personagens com mem\u00f3ria fotogr\u00e1fica, n\u00e3o h\u00e1 evid\u00eancias convincentes de que essa habilidade seja real. Claro, existem pessoas com mem\u00f3rias incr\u00edveis, mas n\u00e3o a ponto de atender aos crit\u00e9rios que imaginamos quando ouvimos a palavra &quot;fotogr\u00e1fica&quot;.<\/p>\n<p> Outros artigos que podem lhe interessar<\/p>","protected":false},"excerpt":{"rendered":"<p>Daniel McCartney nasceu em 1817. Quase cego, ele passou por diversas cirurgias oculares e conseguia ler letras grandes em papel se segurasse\u2026<\/p>","protected":false},"author":1,"featured_media":0,"comment_status":"open","ping_status":"closed","sticky":false,"template":"","format":"standard","meta":{"footnotes":""},"categories":[20],"tags":[],"class_list":["post-162618","post","type-post","status-publish","format-standard","hentry","category-interesnye-fakty"],"_links":{"self":[{"href":"https:\/\/imgist.ru\/pt\/wp-json\/wp\/v2\/posts\/162618","targetHints":{"allow":["GET"]}}],"collection":[{"href":"https:\/\/imgist.ru\/pt\/wp-json\/wp\/v2\/posts"}],"about":[{"href":"https:\/\/imgist.ru\/pt\/wp-json\/wp\/v2\/types\/post"}],"author":[{"embeddable":true,"href":"https:\/\/imgist.ru\/pt\/wp-json\/wp\/v2\/users\/1"}],"replies":[{"embeddable":true,"href":"https:\/\/imgist.ru\/pt\/wp-json\/wp\/v2\/comments?post=162618"}],"version-history":[{"count":1,"href":"https:\/\/imgist.ru\/pt\/wp-json\/wp\/v2\/posts\/162618\/revisions"}],"predecessor-version":[{"id":162624,"href":"https:\/\/imgist.ru\/pt\/wp-json\/wp\/v2\/posts\/162618\/revisions\/162624"}],"wp:attachment":[{"href":"https:\/\/imgist.ru\/pt\/wp-json\/wp\/v2\/media?parent=162618"}],"wp:term":[{"taxonomy":"category","embeddable":true,"href":"https:\/\/imgist.ru\/pt\/wp-json\/wp\/v2\/categories?post=162618"},{"taxonomy":"post_tag","embeddable":true,"href":"https:\/\/imgist.ru\/pt\/wp-json\/wp\/v2\/tags?post=162618"}],"curies":[{"name":"wp","href":"https:\/\/api.w.org\/{rel}","templated":true}]}}