{"id":162832,"date":"2026-09-01T10:13:37","date_gmt":"2026-09-01T07:13:37","guid":{"rendered":"https:\/\/imgist.ru\/chto-na-samom-dele-proizojdyot-esli-ne-spat-neskolko-dnej\/"},"modified":"2026-09-01T10:13:42","modified_gmt":"2026-09-01T07:13:42","slug":"o-que-realmente-acontece-se-voce-nao-dormir-por-varios-dias","status":"publish","type":"post","link":"https:\/\/imgist.ru\/pt\/chto-na-samom-dele-proizojdyot-esli-ne-spat-neskolko-dnej\/","title":{"rendered":"O que realmente acontece se voc\u00ea n\u00e3o dormir por alguns dias?"},"content":{"rendered":"<p>PinRedditCompartilharTweetEmailWhatsApp0 Compartilhamentos<\/p>\n<p> Dormir. \u00c9 onde todos n\u00f3s somos vikings. Ou donuts. O que voc\u00ea imaginar. \u00c9 a posi\u00e7\u00e3o mais horizontal que voc\u00ea pode assumir durante o dia, e geralmente \u00e9 bem relaxante. Quem n\u00e3o gosta de uma boa noite de sono? Mas o que acontece se voc\u00ea n\u00e3o dormir o suficiente?<\/p>\n<p> Com certeza, todos j\u00e1 passaram a noite em claro pelo menos uma vez na vida, seja a trabalho ou a lazer. Voc\u00ea fica acordado a noite toda, chega a manh\u00e3 e voc\u00ea pensa: &quot;Bem, j\u00e1 que fiquei acordado at\u00e9 t\u00e3o tarde, por que n\u00e3o dormir o dia todo?&quot;\u00ab<\/p>\n<p> No entanto, em algum momento isso se torna cansativo. Normalmente, n\u00e3o aguentamos mais do que um ou dois dias. E \u00e9 bastante conhecido que, mais cedo ou mais tarde, a priva\u00e7\u00e3o de sono come\u00e7ar\u00e1 a afetar o seu bem-estar.<\/p>\n<p> No entanto, os mecanismos por tr\u00e1s desse processo s\u00e3o menos compreendidos. Tamb\u00e9m nem sempre fica claro o que exatamente acontece de errado quando n\u00e3o dormimos o suficiente, ou qu\u00e3o s\u00e9rias podem ser as consequ\u00eancias. Ent\u00e3o, vamos analisar o que a ci\u00eancia m\u00e9dica nos diz sobre o sono, a quantidade necess\u00e1ria e os riscos de n\u00e3o dormir o suficiente.<\/p>\n<h2> De quantas horas de sono voc\u00ea precisa?<\/h2>\n<p><img loading=\"lazy\" decoding=\"async\" src=\"https:\/\/imgist.ru\/wp-content\/uploads\/2026\/09\/chto-na-samom-dele-proizojdyot-esli-ne-spat-neskolko-dnej_6a967b22cb7ef.jpeg\" alt=\"\" width=\"640\" height=\"427\"><\/p>\n<p> Na maioria dos pa\u00edses do mundo, a cren\u00e7a predominante parece ser a de que precisamos de oito horas de sono por dia. Adultos em pa\u00edses ocidentais dividem suas 24 horas em blocos de oito horas. Trabalham oito horas, dormem oito horas e depois dedicam as oito horas restantes a outras atividades.<\/p>\n<p> Na realidade, as coisas n\u00e3o s\u00e3o t\u00e3o simples. Do ponto de vista m\u00e9dico, um adulto precisa de pelo menos 7 horas de sono por dia. Quanto mais jovem a pessoa, mais sono ela precisa. Beb\u00eas prosperam com as 16 horas de sono di\u00e1rias recomendadas. Essencialmente, eles se comportam como gatos at\u00e9 completarem um ano de idade.<\/p>\n<p> No entanto, a quantidade de horas de sono n\u00e3o \u00e9 um conceito universal. Cada pessoa \u00e9 diferente e \u00e9 imposs\u00edvel afirmar com certeza que todos precisam de uma quantidade espec\u00edfica. Algumas pessoas conseguem funcionar normalmente com menos horas de sono, enquanto outras precisam de mais. Em geral, voc\u00ea deve se preocupar com a qualidade do seu sono, e n\u00e3o com a quantidade.<\/p>\n<p> A qualidade do sono est\u00e1 relacionada \u00e0 qualidade do seu sono, e n\u00e3o \u00e0 dura\u00e7\u00e3o. H\u00e1 noites em que voc\u00ea vai para a cama, dorme profundamente e acorda com o despertador. Idealmente, voc\u00ea se sente revigorado e pronto para come\u00e7ar o dia. Isso foi um sono bom e de qualidade.<\/p>\n<p> Por outro lado, \u00e0s vezes voc\u00ea vai para a cama e fica olhando para o teto, para o rel\u00f3gio; se revira na cama; acorda tr\u00eas vezes para fazer xixi e, de alguma forma, acorda se sentindo pior do que na noite anterior. Voc\u00ea poderia dormir a mesma quantidade de horas, mas n\u00e3o seria um sono de qualidade.<\/p>\n<p> Se voc\u00ea estiver dormindo o suficiente, um adulto provavelmente n\u00e3o precisa de mais de 9 horas de sono. Isso n\u00e3o significa que algo de ruim acontecer\u00e1 se voc\u00ea dormir das 12h \u00e0s 12h de domingo, mas provavelmente n\u00e3o obter\u00e1 muitos benef\u00edcios dessas horas extras.<\/p>\n<h2> Quanto tempo voc\u00ea consegue ficar sem dormir?<\/h2>\n<p><img decoding=\"async\" loading=\"lazy\" src=\"https:\/\/imgist.ru\/wp-content\/uploads\/2026\/09\/chto-na-samom-dele-proizojdyot-esli-ne-spat-neskolko-dnej_6a967b23a8266.jpeg\" alt=\"\" width=\"640\" height=\"427\"><\/p>\n<p> Em 1986, Robert McDonald quebrou o recorde mundial ao permanecer acordado por quase 19 dias consecutivos. No total, ele passou pouco menos de 454 horas acordado. Este \u00e9 um per\u00edodo incrivelmente longo e geralmente n\u00e3o \u00e9 recomendado. Ele foi monitorado constantemente e, como era de se esperar, havia pessoas o observando o tempo todo para garantir que ele n\u00e3o adormecesse.<\/p>\n<p> Os efeitos da priva\u00e7\u00e3o de sono podem come\u00e7ar a ser sentidos em 24 horas. A priva\u00e7\u00e3o de sono tem sido comparada \u00e0 embriaguez. A priva\u00e7\u00e3o completa de sono equivale a um n\u00edvel de \u00e1lcool no sangue de 0,1%. Na maioria dos pa\u00edses, isso est\u00e1 acima do limite legal. Isso significa que voc\u00ea sofrer\u00e1 de comprometimento cognitivo, lentid\u00e3o nos reflexos, confus\u00e3o mental e outros sintomas. Os sintomas s\u00e3o muito semelhantes aos da embriaguez.<\/p>\n<p> Al\u00e9m dessas diversas perturba\u00e7\u00f5es, a produ\u00e7\u00e3o de horm\u00f4nios do estresse come\u00e7a a aumentar. Voc\u00ea come\u00e7ar\u00e1 a produzir mais cortisol e adrenalina. Isso acontece porque seu corpo reconhece que voc\u00ea est\u00e1 privado de sono e est\u00e1 tentando ajudar.<\/p>\n<p> Ap\u00f3s 36 horas sem dormir, voc\u00ea come\u00e7ar\u00e1 a sentir sintomas f\u00edsicos. Eles podem n\u00e3o ser \u00f3bvios externamente, mas voc\u00ea estar\u00e1 sofrendo com desequil\u00edbrios hormonais. Seu apetite e temperatura corporal podem diminuir, e seu estado mental continuar\u00e1 a se deteriorar. Irritabilidade \u00e9 um sintoma muito comum.<\/p>\n<p> Ap\u00f3s dois dias sem dormir, voc\u00ea pode experimentar o que \u00e9 conhecido como microssono. Isso acontece quando voc\u00ea ainda est\u00e1 tentando se manter acordado, mas seu c\u00e9rebro est\u00e1 cansado de todas as suas atividades e desliga por alguns segundos. Voc\u00ea pode nem perceber, e \u00e9 como um pequeno bot\u00e3o de reinicializa\u00e7\u00e3o que dura menos de um minuto.<\/p>\n<p> Dentro de tr\u00eas a quatro dias de priva\u00e7\u00e3o de sono, voc\u00ea come\u00e7ar\u00e1 a notar sintomas graves. Estes podem incluir alucina\u00e7\u00f5es, paranoia e at\u00e9 psicose. Curiosamente, h\u00e1 pouca pesquisa sobre o que acontece quando uma pessoa permanece acordada por per\u00edodos t\u00e3o longos, j\u00e1 que for\u00e7ar algu\u00e9m a fazer isso \u00e9 considerado anti\u00e9tico. Atualmente, a priva\u00e7\u00e3o de sono \u00e9 essencialmente tortura, e o m\u00e9dico m\u00e9dio n\u00e3o gostaria de submet\u00ea-la a um paciente. Pelo menos, n\u00e3o de uma forma que valesse a pena escrever em uma revista cient\u00edfica.<\/p>\n<p> Sabemos que, nesse n\u00edvel, suas alucina\u00e7\u00f5es podem se tornar mais prolongadas e complexas. A fala arrastada torna-se dif\u00edcil e at\u00e9 mesmo andar sem trope\u00e7ar se torna um desafio. E ap\u00f3s 120 horas, voc\u00ea pode apresentar surtos psic\u00f3ticos.<\/p>\n<p> Mas, assim como acontece com a priva\u00e7\u00e3o de sono, nem todos precisam da mesma quantidade de sono, e cada pessoa ter\u00e1 experi\u00eancias diferentes. O recordista mundial de maior per\u00edodo de priva\u00e7\u00e3o de sono praticamente n\u00e3o apresentou efeitos negativos, ent\u00e3o seus resultados podem variar. No entanto, como regra geral, voc\u00ea provavelmente n\u00e3o deveria tentar isso em si mesmo.<\/p>\n<h2> Falta e priva\u00e7\u00e3o de sono<\/h2>\n<p><img decoding=\"async\" loading=\"lazy\" src=\"\" alt=\"\" width=\"640\" height=\"427\"><\/p>\n<p> A falta de sono adequado pode se manifestar como d\u00e9bito de sono ou priva\u00e7\u00e3o de sono. Esses termos s\u00e3o suficientemente semelhantes para serem usados como sin\u00f4nimos, mas existe uma diferen\u00e7a t\u00e9cnica entre eles. O d\u00e9bito de sono pode ser considerado um problema mais agudo, enquanto a priva\u00e7\u00e3o de sono \u00e9 um fen\u00f4meno mais cr\u00f4nico. A priva\u00e7\u00e3o de sono \u00e9 um dos fatores ou sintomas do d\u00e9bito de sono.<\/p>\n<p> Al\u00e9m disso, a priva\u00e7\u00e3o de sono pode incluir dist\u00farbios do sono que afetam a qualidade do sono, a incapacidade de adormecer quando se deseja ou um sono de m\u00e1 qualidade constante.<\/p>\n<p> Aproximadamente um em cada cinco americanos dorme menos de cinco horas por noite, o que se qualifica como priva\u00e7\u00e3o de sono. \u00c9 praticamente uma epidemia. A m\u00e1 qualidade do sono pode ser causada por diversos fatores, alguns dos quais voc\u00ea pode controlar e outros n\u00e3o.<\/p>\n<p> Cochilos durante o dia podem dificultar o sono \u00e0 noite, interrompendo o ciclo natural do sono. Da mesma forma, o uso de dispositivos como celulares antes de dormir tamb\u00e9m prejudica o sono. Cafe\u00edna e outras drogas podem interferir na capacidade de ter um sono de qualidade e consistente. Tudo isso contribui para a priva\u00e7\u00e3o de sono que, se persistir, pode levar \u00e0 d\u00edvida de sono.<\/p>\n<h2> O que acontece com o seu corpo quando voc\u00ea n\u00e3o dorme o suficiente?<\/h2>\n<p><img decoding=\"async\" loading=\"lazy\" src=\"https:\/\/imgist.ru\/wp-content\/uploads\/2026\/09\/chto-na-samom-dele-proizojdyot-esli-ne-spat-neskolko-dnej_6a967b251f649.jpeg\" alt=\"\" width=\"640\" height=\"427\"><\/p>\n<p> J\u00e1 abordamos brevemente o que acontece quando voc\u00ea n\u00e3o dorme o suficiente, pelo menos em termos gerais. Agora, vamos nos aprofundar no que acontece com sua mente e seu corpo se voc\u00ea sofrer de priva\u00e7\u00e3o de sono por muito tempo.<\/p>\n<p> Quando voc\u00ea est\u00e1 privado de sono (e isso n\u00e3o significa que voc\u00ea n\u00e3o est\u00e1 dormindo nada, mas simplesmente que n\u00e3o est\u00e1 conseguindo a quantidade necess\u00e1ria de sono de qualidade), pode esperar que isso afete seu humor no dia seguinte. \u00c9 prov\u00e1vel que voc\u00ea fique mais irrit\u00e1vel e experimente outros sentimentos negativos que normalmente n\u00e3o o afetam. Voc\u00ea tamb\u00e9m se sentir\u00e1 mais estressado.<\/p>\n<p> Pessoas que n\u00e3o tinham depress\u00e3o antes de desenvolverem dist\u00farbios do sono t\u00eam quase o dobro da probabilidade de desenvolver depress\u00e3o em compara\u00e7\u00e3o com aquelas que n\u00e3o apresentavam esses dist\u00farbios. Entre 80% e 90% das pessoas com depress\u00e3o sofrem de ins\u00f4nia. O impacto da depress\u00e3o na sa\u00fade mental \u00e9 ineg\u00e1vel.<\/p>\n<p> Dormir mal tamb\u00e9m afeta a mem\u00f3ria e a capacidade de aprendizado. Na verdade, sua capacidade de absorver novas informa\u00e7\u00f5es pode diminuir em at\u00e9 40% se voc\u00ea n\u00e3o dormir o suficiente. Isso, paradoxalmente, contradiz a ideia de que um estudante pode passar a noite em claro estudando para uma prova, pois, nesse caso, ele est\u00e1, na verdade, sabotando o pr\u00f3prio aprendizado.<\/p>\n<p> Mesmo uma \u00fanica noite sem dormir pode afetar seu equil\u00edbrio e coordena\u00e7\u00e3o, deixando voc\u00ea desajeitado e com reflexos lentos durante o dia. Voc\u00ea literalmente anda de forma diferente quando est\u00e1 com priva\u00e7\u00e3o de sono.<\/p>\n<p> A falta de sono tamb\u00e9m tem consequ\u00eancias f\u00edsicas percept\u00edveis. Seu sistema imunol\u00f3gico sofre com a priva\u00e7\u00e3o de sono, o que significa que voc\u00ea tem maior probabilidade de ficar doente e permanecer doente por mais tempo. Mesmo um resfriado comum ser\u00e1 mais grave e durar\u00e1 mais tempo se voc\u00ea estiver com priva\u00e7\u00e3o de sono.<\/p>\n<p> Provavelmente todos n\u00f3s j\u00e1 vimos algu\u00e9m com apar\u00eancia cansada, e h\u00e1 um motivo para isso. Quando voc\u00ea n\u00e3o dorme o suficiente, sua apar\u00eancia muda, literalmente. \u00c9 mais prov\u00e1vel que voc\u00ea apresente incha\u00e7o, vermelhid\u00e3o ou p\u00e1lpebras ca\u00eddas. Voc\u00ea tamb\u00e9m nota olheiras, pele p\u00e1lida e cantos da boca ca\u00eddos. E como o sono afeta os n\u00edveis de cortisol, a falta de sono pode levar ao aparecimento de rugas.<\/p>\n<p> A falta de sono tamb\u00e9m est\u00e1 ligada ao ganho de peso. As mesmas \u00e1reas do c\u00e9rebro estimuladas pela maconha, que aumenta o apetite, tamb\u00e9m s\u00e3o ativadas pela priva\u00e7\u00e3o de sono. Isso significa que a priva\u00e7\u00e3o de sono pode levar ao aumento da ingest\u00e3o de alimentos, o que pode levar \u00e0 obesidade.<\/p>\n<p> A falta de sono na terceira idade tamb\u00e9m pode levar \u00e0 dem\u00eancia e \u00e0 doen\u00e7a de Alzheimer. Al\u00e9m disso, pode aumentar o risco de desenvolver hipertens\u00e3o. No geral, a priva\u00e7\u00e3o de sono \u00e9 prejudicial \u00e0 sa\u00fade. Poucos aspectos da sua sa\u00fade melhorar\u00e3o se voc\u00ea n\u00e3o dormir o suficiente, e muitos piorar\u00e3o.<\/p>\n<p> Talvez o aspecto mais insidioso disso tudo seja que se trata de um jogo de cent\u00edmetros. Cada um desses fatores cresce lentamente. Assim, a princ\u00edpio, nada \u00e9 afetado seriamente; acontece que uma infinidade de pequenos fatores vai minando gradualmente sua sa\u00fade geral, piorando seu bem-estar de maneiras que, a princ\u00edpio, s\u00e3o dif\u00edceis at\u00e9 de perceber.<\/p>\n<h2> A falta de sono pode levar \u00e0 morte?<\/h2>\n<p><img decoding=\"async\" loading=\"lazy\" src=\"https:\/\/imgist.ru\/wp-content\/uploads\/2026\/09\/chto-na-samom-dele-proizojdyot-esli-ne-spat-neskolko-dnej_6a967b253e6c9.jpeg\" alt=\"\" width=\"640\" height=\"427\"><\/p>\n<p> Existem duas maneiras de encarar essa quest\u00e3o. Se voc\u00ea n\u00e3o consegue dormir por muito tempo, isso n\u00e3o significa que seu corpo simplesmente entrar\u00e1 em colapso e voc\u00ea sufocar\u00e1. A priva\u00e7\u00e3o de sono n\u00e3o \u00e9 como um ferimento \u00e0 bala. At\u00e9 onde sabemos, a priva\u00e7\u00e3o de sono nunca causou morte diretamente. No entanto, a priva\u00e7\u00e3o cr\u00f4nica de sono pode levar a acidentes e morte prematura. E h\u00e1 evid\u00eancias de que a priva\u00e7\u00e3o de sono \u00e9 letal para animais.<\/p>\n<p> Existe uma doen\u00e7a gen\u00e9tica chamada ins\u00f4nia familiar fatal que pode se desenvolver ao longo do tempo e piorar com a persist\u00eancia. Conforme progride, deteriora as fun\u00e7\u00f5es mentais e f\u00edsicas, incluindo a disfun\u00e7\u00e3o do sistema nervoso aut\u00f4nomo. A capacidade de regular a respira\u00e7\u00e3o e os batimentos card\u00edacos pode ficar comprometida, o que pode levar \u00e0 morte. Isso, \u00e9 claro, \u00e9 diferente da simples priva\u00e7\u00e3o de sono, que pode ser fatal.<\/p>\n<p> Outros artigos que podem lhe interessar<\/p>","protected":false},"excerpt":{"rendered":"<p>Dormir. \u00c9 onde todos n\u00f3s somos vikings. Ou donuts. O que voc\u00ea imaginar. \u00c9 a posi\u00e7\u00e3o mais horizontal que existe\u2026<\/p>","protected":false},"author":1,"featured_media":0,"comment_status":"open","ping_status":"closed","sticky":false,"template":"","format":"standard","meta":{"footnotes":""},"categories":[20],"tags":[],"class_list":["post-162832","post","type-post","status-publish","format-standard","hentry","category-interesnye-fakty"],"_links":{"self":[{"href":"https:\/\/imgist.ru\/pt\/wp-json\/wp\/v2\/posts\/162832","targetHints":{"allow":["GET"]}}],"collection":[{"href":"https:\/\/imgist.ru\/pt\/wp-json\/wp\/v2\/posts"}],"about":[{"href":"https:\/\/imgist.ru\/pt\/wp-json\/wp\/v2\/types\/post"}],"author":[{"embeddable":true,"href":"https:\/\/imgist.ru\/pt\/wp-json\/wp\/v2\/users\/1"}],"replies":[{"embeddable":true,"href":"https:\/\/imgist.ru\/pt\/wp-json\/wp\/v2\/comments?post=162832"}],"version-history":[{"count":1,"href":"https:\/\/imgist.ru\/pt\/wp-json\/wp\/v2\/posts\/162832\/revisions"}],"predecessor-version":[{"id":162837,"href":"https:\/\/imgist.ru\/pt\/wp-json\/wp\/v2\/posts\/162832\/revisions\/162837"}],"wp:attachment":[{"href":"https:\/\/imgist.ru\/pt\/wp-json\/wp\/v2\/media?parent=162832"}],"wp:term":[{"taxonomy":"category","embeddable":true,"href":"https:\/\/imgist.ru\/pt\/wp-json\/wp\/v2\/categories?post=162832"},{"taxonomy":"post_tag","embeddable":true,"href":"https:\/\/imgist.ru\/pt\/wp-json\/wp\/v2\/tags?post=162832"}],"curies":[{"name":"wp","href":"https:\/\/api.w.org\/{rel}","templated":true}]}}