{"id":163835,"date":"2026-09-01T17:46:20","date_gmt":"2026-09-01T14:46:20","guid":{"rendered":"https:\/\/imgist.ru\/12-veshhej-kotorye-vas-vsegda-interesovali-s-obyasneniem\/"},"modified":"2026-09-01T17:46:25","modified_gmt":"2026-09-01T14:46:25","slug":"12-coisas-que-sempre-te-interessaram-com-explicacoes","status":"publish","type":"post","link":"https:\/\/imgist.ru\/pt\/12-veshhej-kotorye-vas-vsegda-interesovali-s-obyasneniem\/","title":{"rendered":"12 coisas que voc\u00ea sempre quis saber, explicadas."},"content":{"rendered":"<p>Somos uma esp\u00e9cie inteligente que sempre buscou explica\u00e7\u00f5es para tudo. Exploramos os oceanos e o espa\u00e7o e encontramos respostas para muitas perguntas complexas. Mas nossa curiosidade n\u00e3o se limita, e n\u00e3o deveria se limitar, a coisas complexas. \u00c0s vezes, t\u00f3picos simples e corriqueiros despertam nossa curiosidade, exigindo uma explica\u00e7\u00e3o. Por isso, explicamos 12 coisas aleat\u00f3rias sobre as quais voc\u00ea provavelmente sempre teve curiosidade.<\/p>\n<h4> <strong>1. Por que os avi\u00f5es precisam voar t\u00e3o alto?<\/strong><\/h4>\n<h4> <strong>\u00c0 medida que o avi\u00e3o ganha altitude, o ar torna-se mais rarefeito. Isso reduz o arrasto, permitindo que a aeronave voe com mais efici\u00eancia.<\/strong><\/h4>\n<figure><img loading=\"lazy\" decoding=\"async\" title=\"Por que os avi\u00f5es precisam voar t\u00e3o alto?\" src=\"https:\/\/imgist.ru\/wp-content\/uploads\/2026\/09\/12-veshhej-kotorye-vas-vsegda-interesovali-s-obyasneniem_6a96e53d910e6.jpeg\" alt=\"Por que os avi\u00f5es precisam voar t\u00e3o alto?\" width=\"750\" height=\"396\"><figcaption> O avi\u00e3o est\u00e1 voando alto.<\/figcaption><\/figure>\n<p> Ao enfrentar turbul\u00eancia durante um voo, voc\u00ea provavelmente desejaria que o avi\u00e3o voasse mais baixo, mais perto do solo. Embora tecnicamente os avi\u00f5es possam voar mais perto do solo do que o normal, isso aumentar\u00e1 o consumo de combust\u00edvel devido \u00e0 diminui\u00e7\u00e3o da efici\u00eancia do mesmo.<\/p>\n<p> Eis como fazer:<\/p>\n<p> A atmosfera torna-se mais rarefeita \u00e0 medida que se sobe em rela\u00e7\u00e3o ao solo. Quando um avi\u00e3o voa em uma atmosfera mais rarefeita, ele experimenta menos resist\u00eancia devido ao menor n\u00famero de mol\u00e9culas de ar. Menos resist\u00eancia significa que menos energia \u00e9 necess\u00e1ria para se mover para frente, o que leva a um menor consumo de combust\u00edvel. Isso reduz os custos de combust\u00edvel e, consequentemente, as despesas operacionais das companhias a\u00e9reas, ajudando-as a maximizar seus lucros. <em>(fonte)<\/em><\/p>\n<h4> <strong>2. Por que sons como unhas arranhando um quadro-negro, e at\u00e9 mesmo a imagina\u00e7\u00e3o desses sons, causam uma sensa\u00e7\u00e3o t\u00e3o desagrad\u00e1vel?<\/strong><\/h4>\n<h4> <strong>Uma das raz\u00f5es pelas quais o som de unhas arranhando um quadro-negro e outros sons semelhantes s\u00e3o t\u00e3o irritantes \u00e9 que eles desencadeiam a resposta de luta ou fuga do nosso corpo. H\u00e1 tamb\u00e9m a hip\u00f3tese de que esses sons irritantes se assemelham aos chamados de predadores no in\u00edcio da evolu\u00e7\u00e3o humana.<\/strong><\/h4>\n<figure><img loading=\"lazy\" decoding=\"async\" title=\"O som de unhas arranhando um quadro-negro\" src=\"https:\/\/imgist.ru\/wp-content\/uploads\/2026\/09\/12-veshhej-kotorye-vas-vsegda-interesovali-s-obyasneniem_6a96e53e4c4e0.jpeg\" alt=\"Som de unhas arranhando um quadro-negro\" width=\"750\" height=\"396\"><figcaption> O som de unhas arranhando um quadro-negro.<\/figcaption><\/figure>\n<p> O som de unhas arranhando um quadro-negro d\u00e1 vontade de arrancar os cabelos. Numerosos estudos foram realizados para identificar a causa dessa rea\u00e7\u00e3o espont\u00e2nea e incontrol\u00e1vel, e a comunidade cient\u00edfica chegou a conclus\u00f5es diversas.<\/p>\n<p> H\u00e1 duas conclus\u00f5es que apontam para a evolu\u00e7\u00e3o humana. Primeiro, esses sons desencadeiam uma resposta emocional em nossos corpos, que por sua vez desencadeia a rea\u00e7\u00e3o de luta ou fuga. Esse \u00e9 o mecanismo de defesa do nosso corpo, desenvolvido ao longo da evolu\u00e7\u00e3o.<\/p>\n<p> A segunda conclus\u00e3o \u00e9 que, em tempos antigos, no in\u00edcio da evolu\u00e7\u00e3o humana, os predadores produziam sons semelhantes ao arranhar de nossas unhas. Assim, estamos programados para responder de maneira similar. <em>(fonte)<\/em><\/p>\n<h4> <strong>3. Por que os recipientes de pl\u00e1stico nunca secam na m\u00e1quina de lavar lou\u00e7a?<\/strong><\/h4>\n<h4> <strong>O principal motivo pelo qual os recipientes de pl\u00e1stico permanecem \u00famidos na m\u00e1quina de lavar lou\u00e7a \u00e9 que, ao contr\u00e1rio da cer\u00e2mica ou do metal, o pl\u00e1stico esfria rapidamente. Isso impede que as gotas de \u00e1gua evaporem.<\/strong><\/h4>\n<figure><img loading=\"lazy\" decoding=\"async\" title=\"Os recipientes de pl\u00e1stico nunca secam na m\u00e1quina de lavar lou\u00e7a.\" src=\"https:\/\/imgist.ru\/wp-content\/uploads\/2026\/09\/12-veshhej-kotorye-vas-vsegda-interesovali-s-obyasneniem_6a96e53eab49b.jpeg\" alt=\"Recipientes de pl\u00e1stico nunca secam na m\u00e1quina de lavar lou\u00e7a.\" width=\"750\" height=\"396\"><figcaption> Os recipientes de pl\u00e1stico nunca secam na m\u00e1quina de lavar lou\u00e7a.<\/figcaption><\/figure>\n<p> Encontrar lou\u00e7a molhada ao descarregar a m\u00e1quina de lavar lou\u00e7a \u00e9 uma experi\u00eancia desagrad\u00e1vel, e copos e recipientes de pl\u00e1stico costumam ser os culpados. Existem dois motivos para isso:<\/p>\n<p> Em primeiro lugar, o pl\u00e1stico tem baixa in\u00e9rcia t\u00e9rmica. Isso faz com que os objetos de pl\u00e1stico esfriem mais rapidamente, o que retarda a evapora\u00e7\u00e3o da umidade residual. Como resultado, os utens\u00edlios ficam molhados e escorregadios.<\/p>\n<p> O segundo motivo s\u00e3o as &quot;liga\u00e7\u00f5es de baixa energia&quot; do polipropileno, o pl\u00e1stico mais comum usado em utens\u00edlios de cozinha. A \u00e1gua tamb\u00e9m possui &quot;baixa energia superficial&quot;, o que resulta em uma distribui\u00e7\u00e3o uniforme de \u00e1gua sobre a superf\u00edcie do pl\u00e1stico. Consequentemente, grandes gotas de \u00e1gua se formam nos produtos pl\u00e1sticos, exigindo mais calor e tempo para evaporar. <em>(1, 2)<\/em><\/p>\n<h4> <strong>4. Como os rastreadores de atividade f\u00edsica sabem que voc\u00ea est\u00e1 realmente dormindo e n\u00e3o apenas deitado descansando?<\/strong><\/h4>\n<h4> <strong>Os rastreadores de atividade f\u00edsica usam aceler\u00f4metros para medir o sono. O sensor detecta os movimentos do usu\u00e1rio e rastreia a dire\u00e7\u00e3o e a velocidade desses movimentos. Esses dados s\u00e3o ent\u00e3o processados por um algoritmo sofisticado desenvolvido por especialistas para determinar se o usu\u00e1rio estava realmente dormindo ou apenas descansando.<\/strong><\/h4>\n<figure><img decoding=\"async\" loading=\"lazy\" title=\"rastreadores de fitness\" src=\"https:\/\/imgist.ru\/wp-content\/uploads\/2026\/09\/12-veshhej-kotorye-vas-vsegda-interesovali-s-obyasneniem_6a96e53f691af.jpeg\" alt=\"rastreadores de fitness\" width=\"750\" height=\"396\"><figcaption> Rastreador de atividades f\u00edsicas.<\/figcaption><\/figure>\n<p> Aplicativos e dispositivos de monitoramento do sono ganharam popularidade porque nossos estilos de vida modernos nos exp\u00f5em ao estresse e \u00e0 ansiedade. Uma boa noite de sono \u00e9 essencial para neutralizar os efeitos do estresse em nossa mente e corpo durante o dia.<\/p>\n<p> Para nos ajudar a ter uma noite de sono melhor, muitos rastreadores de atividades f\u00edsicas s\u00e3o equipados com sensores que monitoram a quantidade e a qualidade do nosso sono. Embora a capacidade de um simples rastreador de sono medir a qualidade do sono seja question\u00e1vel e contestada por cientistas do sono, ele faz um trabalho razo\u00e1vel ao medir a quantidade e a dura\u00e7\u00e3o do sono de uma pessoa.<\/p>\n<p> Para medir a dura\u00e7\u00e3o do sono, esses dispositivos precisam distinguir entre quando uma pessoa est\u00e1 realmente dormindo e quando est\u00e1 apenas descansando ou acordada. Isso \u00e9 feito usando um aceler\u00f4metro de tr\u00eas eixos, que rastreia todos os movimentos do usu\u00e1rio. Os dados coletados s\u00e3o ent\u00e3o analisados usando algoritmos estabelecidos para par\u00e2metros do sono, a fim de determinar se a pessoa est\u00e1 realmente dormindo ou n\u00e3o. <em>(1, 2)<\/em><\/p>\n<h4> <strong>5. Por que as latas de refrigerante t\u00eam dois furos?<\/strong><\/h4>\n<h4> <strong>Para tornar a experi\u00eancia de beber ainda mais agrad\u00e1vel, o segundo furo na lingueta da lata de refrigerante foi projetado para acoplar um canudo. Basta virar e girar a lingueta para alinhar o furo com a abertura da lata e inserir o canudo pelos furos.<\/strong><\/h4>\n<figure><img decoding=\"async\" loading=\"lazy\" title=\"Furos em latas de refrigerante\" src=\"https:\/\/imgist.ru\/wp-content\/uploads\/2026\/09\/12-veshhej-kotorye-vas-vsegda-interesovali-s-obyasneniem_6a96e540039b7.jpeg\" alt=\"Furos em latas de refrigerante\" width=\"750\" height=\"396\"><figcaption> Furos em latas de refrigerante.<\/figcaption><\/figure>\n<p> A lingueta de um abridor de latas de refrigerante tem dois furos. A fun\u00e7\u00e3o do furo maior \u00e9 \u00f3bvia: serve como apoio para o dedo ao abrir a lata. A utilidade do segundo furo \u00e9 frequentemente discutida, mas raramente abordada.<\/p>\n<figure><img decoding=\"async\" loading=\"lazy\" title=\"Furos em latas de refrigerante\" src=\"https:\/\/imgist.ru\/wp-content\/uploads\/2026\/09\/12-veshhej-kotorye-vas-vsegda-interesovali-s-obyasneniem_6a96e54093a86.jpeg\" alt=\"Furos em latas de refrigerante\" width=\"750\" height=\"396\"><figcaption> Furos em latas de refrigerante.<\/figcaption><\/figure>\n<p> Ent\u00e3o, esse orif\u00edcio, muitas vezes ignorado, serve para facilitar o uso. Ele foi projetado para manter o canudo perfeitamente no lugar enquanto voc\u00ea bebe. Basta girar a etiqueta para que o orif\u00edcio se alinhe com o orif\u00edcio da lata, inserir o canudo pelo orif\u00edcio na lata e beber. <em>(fonte)<\/em><\/p>\n<h4> <strong>6. Por que os v\u00eddeos dos anos 70 geralmente parecem melhores do que os v\u00eddeos dos anos 90 quando os assistimos?<\/strong><\/h4>\n<h4> <strong>Na d\u00e9cada de 1970, os v\u00eddeos eram gravados em pel\u00edcula anal\u00f3gica, que possui uma resolu\u00e7\u00e3o maior do que os v\u00eddeos gravados em fita magn\u00e9tica e as c\u00e2meras digitais da d\u00e9cada de 1990.<\/strong><\/h4>\n<\/p>\n<p> A tecnologia avan\u00e7ou a cada ano que passa, e passamos a esperar um desempenho melhor dos dispositivos em per\u00edodos mais recentes da hist\u00f3ria. Portanto, \u00e9 um tanto alarmante ver imagens de v\u00eddeo de qualidade superior criadas na d\u00e9cada de 1970 em compara\u00e7\u00e3o com as filmadas na d\u00e9cada de 1990.<\/p>\n<p> Bem, os v\u00eddeos dos anos 70 que encontramos online foram gravados em pel\u00edcula anal\u00f3gica. A pel\u00edcula anal\u00f3gica tem gr\u00e3os mais finos do que os pixels, resultando em imagens n\u00edtidas e de alta resolu\u00e7\u00e3o.<\/p>\n<p> As c\u00e2meras digitais surgiram na d\u00e9cada de 1990. Como a tecnologia ainda estava em seus est\u00e1gios iniciais, a qualidade dos v\u00eddeos e fotos digitais n\u00e3o era muito alta.<\/p>\n<p> Al\u00e9m disso, mesmo hoje, as fotografias em filme s\u00e3o melhores em capturar os detalhes mais sutis que as c\u00e2meras digitais provavelmente n\u00e3o conseguiriam. <em>(fonte)<\/em><\/p>","protected":false},"excerpt":{"rendered":"<p>Somos uma esp\u00e9cie inteligente que sempre buscou explica\u00e7\u00f5es para tudo. Exploramos os oceanos e o espa\u00e7o e encontramos respostas para muitas quest\u00f5es complexas. Mas nossa curiosidade n\u00e3o para\u2026<\/p>","protected":false},"author":1,"featured_media":163836,"comment_status":"open","ping_status":"closed","sticky":false,"template":"","format":"standard","meta":{"footnotes":""},"categories":[20],"tags":[62],"class_list":["post-163835","post","type-post","status-publish","format-standard","has-post-thumbnail","hentry","category-interesnye-fakty","tag-katalog-faktov","hvn-theme-has-thumbnail"],"_links":{"self":[{"href":"https:\/\/imgist.ru\/pt\/wp-json\/wp\/v2\/posts\/163835","targetHints":{"allow":["GET"]}}],"collection":[{"href":"https:\/\/imgist.ru\/pt\/wp-json\/wp\/v2\/posts"}],"about":[{"href":"https:\/\/imgist.ru\/pt\/wp-json\/wp\/v2\/types\/post"}],"author":[{"embeddable":true,"href":"https:\/\/imgist.ru\/pt\/wp-json\/wp\/v2\/users\/1"}],"replies":[{"embeddable":true,"href":"https:\/\/imgist.ru\/pt\/wp-json\/wp\/v2\/comments?post=163835"}],"version-history":[{"count":1,"href":"https:\/\/imgist.ru\/pt\/wp-json\/wp\/v2\/posts\/163835\/revisions"}],"predecessor-version":[{"id":163843,"href":"https:\/\/imgist.ru\/pt\/wp-json\/wp\/v2\/posts\/163835\/revisions\/163843"}],"wp:featuredmedia":[{"embeddable":true,"href":"https:\/\/imgist.ru\/pt\/wp-json\/wp\/v2\/media\/163836"}],"wp:attachment":[{"href":"https:\/\/imgist.ru\/pt\/wp-json\/wp\/v2\/media?parent=163835"}],"wp:term":[{"taxonomy":"category","embeddable":true,"href":"https:\/\/imgist.ru\/pt\/wp-json\/wp\/v2\/categories?post=163835"},{"taxonomy":"post_tag","embeddable":true,"href":"https:\/\/imgist.ru\/pt\/wp-json\/wp\/v2\/tags?post=163835"}],"curies":[{"name":"wp","href":"https:\/\/api.w.org\/{rel}","templated":true}]}}