{"id":163904,"date":"2026-09-01T17:47:32","date_gmt":"2026-09-01T14:47:32","guid":{"rendered":"https:\/\/imgist.ru\/10-chastej-tela-o-nazvaniyah-kotoryh-vy-ne-znali\/"},"modified":"2026-09-01T17:47:40","modified_gmt":"2026-09-01T14:47:40","slug":"10-partes-do-corpo-cujos-nomes-voce-nao-sabia","status":"publish","type":"post","link":"https:\/\/imgist.ru\/pt\/10-chastej-tela-o-nazvaniyah-kotoryh-vy-ne-znali\/","title":{"rendered":"10 partes do corpo cujos nomes voc\u00ea n\u00e3o sabia."},"content":{"rendered":"<p>O corpo humano \u00e9 uma cole\u00e7\u00e3o de muitos tipos diferentes de c\u00e9lulas que formam tecidos e, consequentemente, sistemas org\u00e2nicos. Assim, o corpo humano \u00e9 composto por partes que variam dos menores aos maiores \u00f3rg\u00e3os, dos mais conhecidos aos menos conhecidos. \u00c9 prov\u00e1vel que ningu\u00e9m preste muita aten\u00e7\u00e3o \u00e0s partes do corpo aparentemente menos importantes. No entanto, \u00e9 realmente surpreendente saber que quase cada cent\u00edmetro do corpo humano tem um nome \u00fanico. Al\u00e9m disso, essas partes desempenham fun\u00e7\u00f5es muito importantes, e algumas at\u00e9 mesmo t\u00eam um papel crucial.<\/p>\n<h4> <strong>1. Abertura lacrimal:<\/strong><\/h4>\n<h4> <strong>Trata-se de uma pequena abertura nas p\u00e1lpebras por onde as l\u00e1grimas escorrem para o nariz. \u00c9 por isso que chorar causa coriza.<\/strong><\/h4>\n<figure><img loading=\"lazy\" decoding=\"async\" title=\"Ponto lacrimal\" src=\"https:\/\/imgist.ru\/wp-content\/uploads\/2026\/09\/10-chastej-tela-o-nazvaniyah-kotoryh-vy-ne-znali_6a96e5865ead2.jpeg\" alt=\"Ponto lacrimal\" width=\"750\" height=\"396\"><figcaption> Ponto lacrimal. Imagem cedida por Diogo Melo Rocha\/Wikimedia Commons.<\/figcaption><\/figure>\n<p> Voc\u00ea j\u00e1 se perguntou por que seu nariz escorre quando voc\u00ea chora? Existe alguma rela\u00e7\u00e3o? Sim, \u00e9 o trabalho dos pontos lacrimais \u2014 pequenas aberturas nas pontas das papilas lacrimais. Eles drenam as l\u00e1grimas dos olhos. Existem dois pontos lacrimais na parte interna de cada p\u00e1lpebra. Os pontos lacrimais coletam as l\u00e1grimas produzidas pelas gl\u00e2ndulas lacrimais. Os canal\u00edculos lacrimais, ent\u00e3o, as transportam para o saco lacrimal. De l\u00e1, elas percorrem o ducto nasolacrimal at\u00e9 o nariz, causando a drenagem. <em>(1, 2)<\/em><\/p>\n<h4> 2. Filtro:<\/h4>\n<h4> O filtro labial \u00e9 uma depress\u00e3o vertical no meio do l\u00e1bio superior.<\/h4>\n<figure><img loading=\"lazy\" decoding=\"async\" title=\"Filtro\" src=\"https:\/\/imgist.ru\/wp-content\/uploads\/2026\/09\/10-chastej-tela-o-nazvaniyah-kotoryh-vy-ne-znali_6a96e58718b8a.jpeg\" alt=\"Filtrum\" width=\"750\" height=\"396\"><figcaption> Filtro<\/figcaption><\/figure>\n<p> O filtro, uma ranhura onipresente sem fun\u00e7\u00e3o aparente (em humanos), \u00e9 vestigial. No entanto, alguns argumentam que o filtro permite maior mobilidade da face e da boca. O filtro \u00e9 o local onde as v\u00e1rias partes da face se fundem em uma s\u00f3. Ele se forma quando os processos nasomedial e maxilar convergem durante o desenvolvimento embrion\u00e1rio. Conforme a gravidez progride, a face come\u00e7a a tomar forma e suas partes se fundem no filtro. A forma\u00e7\u00e3o do filtro \u00e9 crucial, pois mant\u00e9m a face unida e impede seu aumento adicional. O formato e a largura do filtro podem indicar ou ser um sintoma de certas doen\u00e7as. <em>(1, 2)<\/em><\/p>\n<h4> 3. Glabela:<\/h4>\n<h4> A pequena \u00e1rea entre as sobrancelhas \u00e9 o septo glabelar.<\/h4>\n<figure><img loading=\"lazy\" decoding=\"async\" title=\"Glabela\" src=\"https:\/\/imgist.ru\/wp-content\/uploads\/2026\/09\/10-chastej-tela-o-nazvaniyah-kotoryh-vy-ne-znali_6a96e587c46fe.jpeg\" alt=\"Glabela\" width=\"750\" height=\"396\"><figcaption> Glabela<\/figcaption><\/figure>\n<p> A pele da testa, onde os hindus aplicam delineador vermelho, as mulheres usam faixas na cabe\u00e7a e criam desenhos decorativos para real\u00e7ar a apar\u00eancia, tem um nome peculiar: &quot;glabela&quot;. Em homens adultos, a glabela \u00e9 uma protuber\u00e2ncia arredondada, enquanto em crian\u00e7as e mulheres adultas, \u00e9 plana. Curiosamente, o osso sob a pele, ligeiramente deprimido e que conecta as duas arcadas superciliares, tamb\u00e9m \u00e9 chamado de &quot;glabela&quot;. Na medicina, a glabela (pele) \u00e9 usada para medir o grau de desidrata\u00e7\u00e3o de um paciente. Se, ap\u00f3s comprimir e levantar a pele, a glabela permanecer com formato de &quot;tenda&quot;, ent\u00e3o a pessoa est\u00e1 desidratada em vez de retornar \u00e0 sua forma normal. <em>(1, 2)<\/em><\/p>\n<h4> 4. Incisura supraesternal:<\/h4>\n<h4> Essa \u00e9 a depress\u00e3o abaixo do pesco\u00e7o, entre as clav\u00edculas, tamb\u00e9m conhecida como &quot;incisura jugular&quot;.<\/h4>\n<figure><img decoding=\"async\" loading=\"lazy\" title=\"incisura supraesternal\" src=\"https:\/\/imgist.ru\/wp-content\/uploads\/2026\/09\/10-chastej-tela-o-nazvaniyah-kotoryh-vy-ne-znali_6a96e58865c64.jpeg\" alt=\"incisura supraesternal\" width=\"750\" height=\"396\"><figcaption> incisura supraesternal<\/figcaption><\/figure>\n<p> A incisura supraesternal \u00e9 outra pequena depress\u00e3o no corpo humano, localizada ap\u00f3s e ligeiramente afastada do filtro. Situa-se abaixo do pesco\u00e7o, entre as clav\u00edculas. Um teste diagn\u00f3stico da aorta utilizando a incisura supraesternal tem se mostrado \u00fatil na identifica\u00e7\u00e3o de condi\u00e7\u00f5es como aneurismas, dissec\u00e7\u00e3o de aneurismas, aterosclerose e hipertens\u00e3o. A incisura jugular tamb\u00e9m \u00e9 um ponto vulner\u00e1vel utilizado por praticantes de artes marciais para atacar e imobilizar um oponente. Uma pessoa pode perder a consci\u00eancia ou at\u00e9 mesmo sufocar se os dedos pressionarem essa \u00e1rea em autodefesa. <em>(1, 2)<\/em><\/p>\n<h4> 5. Columella nasi:<\/h4>\n<h4> Este \u00e9 o nome dado ao tecido cartilaginoso na extremidade do septo nasal que separa as narinas.<\/h4>\n<figure><img decoding=\"async\" loading=\"lazy\" title=\"Columella nasi\" src=\"https:\/\/imgist.ru\/wp-content\/uploads\/2026\/09\/10-chastej-tela-o-nazvaniyah-kotoryh-vy-ne-znali_6a96e58906896.jpeg\" alt=\"Columella nasi\" width=\"750\" height=\"396\"><figcaption> Columella nasi<\/figcaption><\/figure>\n<p> A columela, ou simplesmente columela, \u00e9 a extremidade carnosa, externa e vis\u00edvel do septo nasal. Trata-se de uma ponte de tecido que separa as narinas na base do nariz. Estende-se da ponta do nariz at\u00e9 a base e \u00e9 composta por cartilagem e tecido. A perfura\u00e7\u00e3o dessa regi\u00e3o costuma ser feita por motivos est\u00e9ticos. Rinoplastia \u00e9 o nome de um procedimento cir\u00fargico que visa corrigir qualquer aspecto de uma deformidade nasal. <em>(1, 2)<\/em><\/p>\n<h4> 6. L\u00fanula:<\/h4>\n<h4> \u00c9 uma \u00e1rea esbranqui\u00e7ada em forma de crescente localizada na base da unha da m\u00e3o ou do p\u00e9.<\/h4>\n<figure><img decoding=\"async\" loading=\"lazy\" title=\"L\u00fanula\" src=\"https:\/\/imgist.ru\/wp-content\/uploads\/2026\/09\/10-chastej-tela-o-nazvaniyah-kotoryh-vy-ne-znali_6a96e589ae05c.jpeg\" alt=\"L\u00fanula\" width=\"750\" height=\"396\"><figcaption> L\u00fanula<\/figcaption><\/figure>\n<p> Parece uma lua crescente no horizonte, s\u00f3 que a lua est\u00e1 localizada na base da unha. Essa pequena \u00e1rea redonda e esbranqui\u00e7ada significa literalmente &quot;pequena lua&quot; e aparece por volta da 14\u00aa semana de gravidez. Essa \u00e9 uma parte muito delicada da estrutura da unha, e qualquer dano a ela pode levar \u00e0 deformidade. Cada l\u00fanula no dedo, e sua aus\u00eancia, corresponde a uma disfun\u00e7\u00e3o de um \u00f3rg\u00e3o espec\u00edfico do corpo. Por exemplo, a l\u00fanula no dedo m\u00ednimo deve ser discreta ou ausente. Isso indica o funcionamento dos rins, cora\u00e7\u00e3o e intestino delgado. Uma l\u00fanula aumentada pode indicar press\u00e3o alta. O tamanho e a cor da l\u00fanula tamb\u00e9m podem fornecer informa\u00e7\u00f5es sobre a sa\u00fade de uma pessoa. Por exemplo, l\u00fanulas acinzentadas indicam dist\u00farbios digestivos, poss\u00edvel dificuldade na absor\u00e7\u00e3o de nutrientes e fadiga intensa. L\u00fanulas arroxeadas indicam m\u00e1 circula\u00e7\u00e3o. <em>(1, 2)<\/em><\/p>\n<h4> 7. Cantus:<\/h4>\n<h4> Este \u00e9 o ponto nos cantos dos olhos, tanto no canto interno quanto no externo, onde a p\u00e1lpebra superior encontra a p\u00e1lpebra inferior.<\/h4>\n<figure><img decoding=\"async\" loading=\"lazy\" title=\"Cantus\" src=\"https:\/\/imgist.ru\/wp-content\/uploads\/2026\/09\/10-chastej-tela-o-nazvaniyah-kotoryh-vy-ne-znali_6a96e58a52271.jpeg\" alt=\"Canto\" width=\"750\" height=\"396\"><figcaption> Cantus<\/figcaption><\/figure>\n<p> Os cantos s\u00e3o as extremidades\/\u00e2ngulos interno e externo, ou medial e lateral, da fissura palpebral, respectivamente. Localizam-se nos cantos dos olhos, onde as p\u00e1lpebras superior e inferior se encontram. O canto interno, ou a por\u00e7\u00e3o carnosa adjacente ao nariz, \u00e9 mais proeminente que o canto lateral. A cantoplastia \u00e9 um procedimento cir\u00fargico realizado na \u00e1rea do canto medial ou lateral. Durante a cantotomia, o canto \u00e9 incisado para aliviar o excesso de press\u00e3o orbital. <em>(fonte)<\/em><\/p>\n<h4> 8. Rasceta:<\/h4>\n<h4> As dobras no pulso n\u00e3o s\u00e3o apenas dobras de pele, mas sim os chamados &quot;c\u00e1lculos&quot;.<\/h4>\n<figure><img decoding=\"async\" loading=\"lazy\" title=\"Rasketa\" src=\"https:\/\/imgist.ru\/wp-content\/uploads\/2026\/09\/10-chastej-tela-o-nazvaniyah-kotoryh-vy-ne-znali_6a96e58b10da5.jpeg\" alt=\"Rasceta\" width=\"750\" height=\"396\"><figcaption> Rasketa<\/figcaption><\/figure>\n<p> A rasketa \u00e9 o nome dado \u00e0s pregas que percorrem a superf\u00edcie palmar na parte interna do pulso. Essas pregas tamb\u00e9m s\u00e3o chamadas de &quot;linhas da pulseira&quot; ou &quot;linhas do pulso&quot; e est\u00e3o localizadas na jun\u00e7\u00e3o da palma da m\u00e3o com o pulso. A rasketa \u00e9 importante na quiromancia porque indica a sa\u00fade e a situa\u00e7\u00e3o financeira de uma pessoa desde a idade adulta at\u00e9 a velhice. <em>(fonte)<\/em><\/p>\n<h4> 9. Gnathion:<\/h4>\n<h4> Este \u00e9 o ponto mais baixo no meio da mand\u00edbula e serve como ponto de partida para as medi\u00e7\u00f5es craniofaciais.<\/h4>\n<figure><img decoding=\"async\" loading=\"lazy\" title=\"Gnathion\" src=\"https:\/\/imgist.ru\/wp-content\/uploads\/2026\/09\/10-chastej-tela-o-nazvaniyah-kotoryh-vy-ne-znali_6a96e58ba5f21.jpeg\" alt=\"Gnathion\" width=\"750\" height=\"396\"><figcaption> Gnathion<\/figcaption><\/figure>\n<p> Surpreendentemente, existe um ponto mais baixo no queixo, e ele at\u00e9 tem um nome. O gn\u00e1tio \u00e9 o ponto mais baixo no meio da mand\u00edbula inferior. O gn\u00e1tio \u00e9 importante porque faz parte da an\u00e1lise cefalom\u00e9trica usada por ortodontistas, dentistas e cirurgi\u00f5es bucomaxilofaciais para tratar anomalias de crescimento facial e problemas dent\u00e1rios. <em>(fonte)<\/em><\/p>\n<h4> <strong>10. Covinhas de V\u00eanus:<\/strong><\/h4>\n<h4> <strong>S\u00e3o depress\u00f5es sim\u00e9tricas na parte inferior das costas de uma pessoa, logo acima da dobra gl\u00fatea.<\/strong><\/h4>\n<figure><img decoding=\"async\" loading=\"lazy\" title=\"Covinhas de V\u00eanus\" src=\"https:\/\/imgist.ru\/wp-content\/uploads\/2026\/09\/10-chastej-tela-o-nazvaniyah-kotoryh-vy-ne-znali_6a96e58c4b9d5.jpeg\" alt=\"Covinhas de V\u00eanus\" width=\"750\" height=\"396\"><figcaption> Covinhas de V\u00eanus. Fonte da imagem: Zaheer12a\/Wikipedia<\/figcaption><\/figure>\n<p> As covinhas de V\u00eanus, ou &quot;covinhas das n\u00e1degas&quot;, s\u00e3o pequenas depress\u00f5es na regi\u00e3o lombar, logo acima dos quadris, em ambos os lados da coluna vertebral. Essas covinhas s\u00e3o mais percept\u00edveis em mulheres, mas tamb\u00e9m ocorrem em homens. Nos homens, s\u00e3o chamadas de &quot;orif\u00edcios de Apolo&quot;. Essas duas depress\u00f5es conectam o \u00edlio na pelve ao sacro na coluna vertebral. As covinhas de V\u00eanus servem como pontos de refer\u00eancia para localizar as superf\u00edcies articulares superiores do sacro, o que auxilia na coloca\u00e7\u00e3o de parafusos pediculares sacrais durante cirurgias da coluna.<\/p>\n<p> As covinhas nas bochechas de V\u00eanus s\u00e3o consideradas um sinal de beleza, e as mulheres as perfuram para real\u00e7ar sua atratividade. As covinhas tamb\u00e9m s\u00e3o uma zona er\u00f3gena e sabe-se que aumentam o prazer durante a intimidade. <em>(fonte)<\/em><\/p>","protected":false},"excerpt":{"rendered":"<p>O corpo humano \u00e9 uma cole\u00e7\u00e3o de muitos tipos diferentes de c\u00e9lulas que formam tecidos e, portanto, sistemas org\u00e2nicos. Assim, o corpo humano \u00e9 composto de partes que variam desde as mais\u2026<\/p>","protected":false},"author":1,"featured_media":163905,"comment_status":"open","ping_status":"closed","sticky":false,"template":"","format":"standard","meta":{"footnotes":""},"categories":[20],"tags":[62],"class_list":["post-163904","post","type-post","status-publish","format-standard","has-post-thumbnail","hentry","category-interesnye-fakty","tag-katalog-faktov","hvn-theme-has-thumbnail"],"_links":{"self":[{"href":"https:\/\/imgist.ru\/pt\/wp-json\/wp\/v2\/posts\/163904","targetHints":{"allow":["GET"]}}],"collection":[{"href":"https:\/\/imgist.ru\/pt\/wp-json\/wp\/v2\/posts"}],"about":[{"href":"https:\/\/imgist.ru\/pt\/wp-json\/wp\/v2\/types\/post"}],"author":[{"embeddable":true,"href":"https:\/\/imgist.ru\/pt\/wp-json\/wp\/v2\/users\/1"}],"replies":[{"embeddable":true,"href":"https:\/\/imgist.ru\/pt\/wp-json\/wp\/v2\/comments?post=163904"}],"version-history":[{"count":1,"href":"https:\/\/imgist.ru\/pt\/wp-json\/wp\/v2\/posts\/163904\/revisions"}],"predecessor-version":[{"id":163916,"href":"https:\/\/imgist.ru\/pt\/wp-json\/wp\/v2\/posts\/163904\/revisions\/163916"}],"wp:featuredmedia":[{"embeddable":true,"href":"https:\/\/imgist.ru\/pt\/wp-json\/wp\/v2\/media\/163905"}],"wp:attachment":[{"href":"https:\/\/imgist.ru\/pt\/wp-json\/wp\/v2\/media?parent=163904"}],"wp:term":[{"taxonomy":"category","embeddable":true,"href":"https:\/\/imgist.ru\/pt\/wp-json\/wp\/v2\/categories?post=163904"},{"taxonomy":"post_tag","embeddable":true,"href":"https:\/\/imgist.ru\/pt\/wp-json\/wp\/v2\/tags?post=163904"}],"curies":[{"name":"wp","href":"https:\/\/api.w.org\/{rel}","templated":true}]}}