{"id":16438,"date":"2026-06-07T01:14:12","date_gmt":"2026-06-06T22:14:12","guid":{"rendered":"https:\/\/imgist.ru\/skott-pelli-blagodarit-fanatov-za-podderzhku-posle-uvolneniya-iz-programmy-60-minut-vy-veter-v-moih-parusah\/"},"modified":"2026-06-07T01:14:12","modified_gmt":"2026-06-06T22:14:12","slug":"scott-pelli-agradece-aos-fas-pelo-apoio-apos-deixar-o-programa-60-minutes-voces-sao-o-vento-nas-minhas-velas","status":"publish","type":"post","link":"https:\/\/imgist.ru\/pt\/skott-pelli-blagodarit-fanatov-za-podderzhku-posle-uvolneniya-iz-programmy-60-minut-vy-veter-v-moih-parusah\/","title":{"rendered":"Scott Pelley agradece o apoio dos f\u00e3s ap\u00f3s deixar o programa &#039;60 Minutes&#039;: &#039;Voc\u00eas s\u00e3o o vento que me impulsiona.&#039;."},"content":{"rendered":"<p>O desemprego est\u00e1 tendo um efeito positivo sobre o ex-correspondente do programa &quot;60 Minutes&quot;, Scott Pelley, que usou o Instagram no s\u00e1bado para agradecer aos seus f\u00e3s pelo apoio ap\u00f3s ser demitido pelo novo produtor executivo do programa, Nick Bilton, na sequ\u00eancia de uma discuss\u00e3o acalorada.<\/p>\n<p> \u00ab&quot;A todos voc\u00eas que t\u00eam sido t\u00e3o gentis, voc\u00eas s\u00e3o o vento nas minhas velas. Sou profundamente grato&quot;, escreveu Pelley, acompanhando a publica\u00e7\u00e3o com uma foto sua, radiante, no leme de seu veleiro.<\/p>\n<p> <strong>Mais da Variety<\/strong><\/p>\n<ul>\n<li>\n<p> A Paramount fez mudan\u00e7as dr\u00e1sticas na programa\u00e7\u00e3o noturna da CBS e do programa 60 Minutes. Os anunciantes continuar\u00e3o investindo dinheiro?<\/p>\n<\/li>\n<li>\n<p> Lesley Stahl, Bill Whitaker e Jon Wertheim continuar\u00e3o no programa &quot;60 Minutes&quot;.<\/p>\n<\/li>\n<li>\n<p> O chefe do programa &quot;60 Minutes&quot; promete &quot;abordar o jornalismo sem medo ou favorecimento&quot;, enquanto a CBS aguarda uma decis\u00e3o sobre se os correspondentes restantes permanecer\u00e3o na equipe.<\/p>\n<\/li>\n<\/ul>\n<p> Pelley, um veterano respeitado do programa &quot;60 Minutes&quot;, foi demitido ap\u00f3s criticar duramente Bilton durante uma reuni\u00e3o de equipe em 25 de maio. Segundo relatos, ele disse ao ex-colunista de tecnologia do NYT que ele era &quot;pouco qualificado&quot; para liderar o &quot;60 Minutes&quot;. Bilton foi nomeado para o cargo principal pela editora-chefe da CBS News, Bari Weiss, a quem Pelley acusou de &quot;matar&quot; o programa na mesma reuni\u00e3o.<\/p>\n<p> Pouco depois de as not\u00edcias sobre o conflito se tornarem p\u00fablicas, Bilton divulgou uma carta afirmando que Pelley e a dire\u00e7\u00e3o da CBS n\u00e3o conseguiram chegar a um acordo e que Pelley havia sido demitido do programa 60 Minutes.<\/p>\n<p> \u00ab&quot;Sua oposi\u00e7\u00e3o ao futuro do programa ficou muito clara&quot;, escreveu Bilton. &quot;E eu a ouvi. Portanto, em nome da CBS News, escrevo para inform\u00e1-la de que seu v\u00ednculo empregat\u00edcio com a CBS est\u00e1 rescindido com efeito imediato.&quot;.<\/p>\n<p> Algumas horas depois, Pelley respondeu com sua pr\u00f3pria carta: &quot;Quanto a mim, a nova dire\u00e7\u00e3o me instruiu a inserir falsidades e parcialidade em uma mat\u00e9ria politicamente sens\u00edvel. Disseram-me para incluir alega\u00e7\u00f5es sem provas. At\u00e9 agora, nunca consegui ignorar ou recusar essas instru\u00e7\u00f5es. Recentemente, pol\u00edticos foram solicitados a selecionar correspondentes para entrevistas ao vivo. Dar aos pol\u00edticos o controle sobre as entrevistas do &#039;60 Minutes&#039; n\u00e3o \u00e9 a maneira correta de fazer isso.&quot;.<\/p>\n<p> Bilton foi nomeada para liderar o programa ap\u00f3s o an\u00fancio bomb\u00e1stico de Weiss sobre a demiss\u00e3o da produtora executiva de longa data Tanya Simon e das correspondentes Cecilia Vega e Sharyn Alfonsi. O &quot;60 Minutes&quot; tem estado sob intenso escrut\u00ednio desde que o CEO da Paramount-Skydance, David Ellison, nomeou Weiss para o cargo m\u00e1ximo na CBS News. Alguns acusam Weiss de tentar contaminar uma das marcas mais respeitadas da radiodifus\u00e3o com vi\u00e9s pol\u00edtico.<\/p>\n<p> <strong>O melhor da variedade<\/strong><\/p>\n<ul>\n<li>\n<p> Previs\u00f5es finais para o Tony Awards: Quem vai e quem deveria ganhar na maior noite da Broadway?<\/p>\n<\/li>\n<li>\n<p> O que chega ao Disney+ em junho de 2026?<\/p>\n<\/li>\n<li>\n<p> O que chega \u00e0 Netflix em junho de 2026?<\/p>\n<\/li>\n<\/ul>\n<p> Assine a newsletter da Variety. Para ficar por dentro das \u00faltimas not\u00edcias, siga-nos no Facebook, Twitter e Instagram.<\/p>","protected":false},"excerpt":{"rendered":"<p>O desemprego est\u00e1 afetando o ex-correspondente do programa &quot;60 Minutes&quot;, Scott Pelley, que usou o Instagram no s\u00e1bado para agradecer aos seus f\u00e3s pelo apoio ap\u00f3s sua nova...<\/p>","protected":false},"author":1,"featured_media":16439,"comment_status":"open","ping_status":"closed","sticky":false,"template":"","format":"standard","meta":{"footnotes":""},"categories":[6],"tags":[],"class_list":["post-16438","post","type-post","status-publish","format-standard","has-post-thumbnail","hentry","category-kinoindustriya","hvn-theme-has-thumbnail"],"_links":{"self":[{"href":"https:\/\/imgist.ru\/pt\/wp-json\/wp\/v2\/posts\/16438","targetHints":{"allow":["GET"]}}],"collection":[{"href":"https:\/\/imgist.ru\/pt\/wp-json\/wp\/v2\/posts"}],"about":[{"href":"https:\/\/imgist.ru\/pt\/wp-json\/wp\/v2\/types\/post"}],"author":[{"embeddable":true,"href":"https:\/\/imgist.ru\/pt\/wp-json\/wp\/v2\/users\/1"}],"replies":[{"embeddable":true,"href":"https:\/\/imgist.ru\/pt\/wp-json\/wp\/v2\/comments?post=16438"}],"version-history":[{"count":0,"href":"https:\/\/imgist.ru\/pt\/wp-json\/wp\/v2\/posts\/16438\/revisions"}],"wp:featuredmedia":[{"embeddable":true,"href":"https:\/\/imgist.ru\/pt\/wp-json\/wp\/v2\/media\/16439"}],"wp:attachment":[{"href":"https:\/\/imgist.ru\/pt\/wp-json\/wp\/v2\/media?parent=16438"}],"wp:term":[{"taxonomy":"category","embeddable":true,"href":"https:\/\/imgist.ru\/pt\/wp-json\/wp\/v2\/categories?post=16438"},{"taxonomy":"post_tag","embeddable":true,"href":"https:\/\/imgist.ru\/pt\/wp-json\/wp\/v2\/tags?post=16438"}],"curies":[{"name":"wp","href":"https:\/\/api.w.org\/{rel}","templated":true}]}}