{"id":165658,"date":"2026-09-02T17:55:36","date_gmt":"2026-09-02T14:55:36","guid":{"rendered":"https:\/\/imgist.ru\/10-istoricheskih-predmetov-kotorye-kak-schitaetsya-proklyaty\/"},"modified":"2026-09-02T17:55:45","modified_gmt":"2026-09-02T14:55:45","slug":"10-objetos-historicos-que-se-acredita-serem-amaldicoados","status":"publish","type":"post","link":"https:\/\/imgist.ru\/pt\/10-istoricheskih-predmetov-kotorye-kak-schitaetsya-proklyaty\/","title":{"rendered":"10 objetos hist\u00f3ricos que se acredita serem amaldi\u00e7oados."},"content":{"rendered":"<p>A mente humana sempre foi fascinada pelos mist\u00e9rios do desconhecido. Mesmo um objeto simples tem seu valor multiplicado se estiver associado a um passado misterioso, um evento ou at\u00e9 mesmo uma maldi\u00e7\u00e3o. Podemos n\u00e3o gostar de possuir tais objetos, mas sua hist\u00f3ria sempre nos intriga. Neste artigo, compilamos as hist\u00f3rias por tr\u00e1s de dez objetos hist\u00f3ricos que se acredita serem amaldi\u00e7oados.<\/p>\n<h4> <strong>1. Diamante Hope<\/strong><\/h4>\n<h4> Acredita-se que o Diamante Hope seja amaldi\u00e7oado, trazendo infort\u00fanio e trag\u00e9dia para aqueles que o possuem ou usam. Mas, ap\u00f3s o Museu Smithsonian adquirir o diamante, &quot;a maldi\u00e7\u00e3o parece ter diminu\u00eddo&quot;.<\/h4>\n<figure><img loading=\"lazy\" decoding=\"async\" title=\"Diamante da Esperan\u00e7a\" src=\"https:\/\/imgist.ru\/wp-content\/uploads\/2026\/09\/10-istoricheskih-predmetov-kotorye-kak-schitaetsya-proklyaty_6a9838eaa2faa.jpeg\" alt=\"Diamante da Esperan\u00e7a\" width=\"750\" height=\"432\"><figcaption> Fonte da imagem: siarchives.si.edu<\/figcaption><\/figure>\n<p> O Diamante Hope \u00e9 uma das pedras preciosas mais famosas do mundo, com uma hist\u00f3ria de propriedade que abrange quase quatro s\u00e9culos. Acredita-se que este diamante de 45,52 quilates tenha sido extra\u00eddo na \u00cdndia. Diz-se que o diamante foi originalmente engastado em uma est\u00e1tua da deusa Sita, esposa do deus Rama. O Diamante Hope formava um dos olhos da deusa na est\u00e1tua. Ele foi roubado, e o sacerdote do templo lan\u00e7ou uma maldi\u00e7\u00e3o sobre quem quer que entrasse em posse da pedra desaparecida.<\/p>\n<p> Essa hist\u00f3ria alimenta a cren\u00e7a de que a desgra\u00e7a abate-se sobre aqueles que possuem o diamante. A queda de Madame Ath\u00e9n\u00e9e de Montespan durante o reinado de Lu\u00eds XIV, a decapita\u00e7\u00e3o de Lu\u00eds XVI e Maria Antonieta, o estupro e mutila\u00e7\u00e3o da Princesa de Lamballe durante a Revolu\u00e7\u00e3o Francesa e muitos outros incidentes s\u00e3o associados a infort\u00fanios causados pelo Diamante Hope. Diz-se que at\u00e9 mesmo joalheiros que podem ter lidado com o Diamante Hope foram arruinados por ele. Por exemplo, a loucura e o suic\u00eddio de Jacques Colot e a ru\u00edna financeira do joalheiro Simon Frankel s\u00e3o ligados \u00e0 pedra.<\/p>\n<p> O Diamante Hope est\u00e1 atualmente na cole\u00e7\u00e3o do Museu Smithsonian. Mas, surpreendentemente, a posse do diamante trouxe ao museu nacional sem fins lucrativos &quot;apenas boa sorte&quot;. <em>(1,2)<\/em><\/p>\n<h4> <strong>2. Pedra R\u00fanica de Bj\u00f6rketorp<\/strong><\/h4>\n<h4> A Pedra R\u00fanica de Bj\u00f6rketorp, na Su\u00e9cia, cont\u00e9m uma maldi\u00e7\u00e3o inscrita. Segundo a maldi\u00e7\u00e3o, qualquer pessoa que quebrar o monumento ser\u00e1 afligida pelo mal e condenada \u00e0 morte.<\/h4>\n<figure><img loading=\"lazy\" decoding=\"async\" title=\"Pedra R\u00fanica de Bj\u00f6rketorp\" src=\"https:\/\/imgist.ru\/wp-content\/uploads\/2026\/09\/10-istoricheskih-predmetov-kotorye-kak-schitaetsya-proklyaty_6a9838eb5dc05.jpeg\" alt=\"Pedra R\u00fanica de Bj\u00f6rketorp\" width=\"750\" height=\"419\"><figcaption> Fonte da imagem: 1.2<\/figcaption><\/figure>\n<p> A Pedra R\u00fanica de Bj\u00f6rketorp, em Blekinge, Su\u00e9cia, faz parte de um cemit\u00e9rio. Com 4,2 metros de altura, \u00e9 uma das maiores pedras r\u00fanicas do mundo. Ela forma um c\u00edrculo de pedras com dois menires isolados, tamb\u00e9m conhecidos como menires ou ortostatos. Dos tr\u00eas, apenas a Pedra R\u00fanica de Bj\u00f6rketorp possui uma inscri\u00e7\u00e3o, escrita em ambos os lados. Uma das inscri\u00e7\u00f5es afirma que qualquer pessoa que destruir a estrutura sofrer\u00e1 uma morte cruel. A maioria dos estudiosos data a inscri\u00e7\u00e3o do s\u00e9culo VII. Acredita-se que a maldi\u00e7\u00e3o tenha o prop\u00f3sito de proteger a pedra r\u00fanica. <em>(fonte)<\/em><\/p>\n<h4> <strong>3. M\u00e1scara de guerreiro Maori<\/strong><\/h4>\n<h4> Segundo a tradi\u00e7\u00e3o Maori, os guerreiros esculpem e pintam m\u00e1scaras antes da batalha, e diz-se que, se morrerem, seu esp\u00edrito continua vivo na m\u00e1scara.<\/h4>\n<figure><img loading=\"lazy\" decoding=\"async\" title=\"M\u00e1scara\" src=\"https:\/\/imgist.ru\/wp-content\/uploads\/2026\/09\/10-istoricheskih-predmetov-kotorye-kak-schitaetsya-proklyaty_6a9838ec30781.jpeg\" alt=\"M\u00e1scara\" width=\"750\" height=\"450\"><figcaption> Fonte da imagem: AFP Greg Wood via liberation.fr<\/figcaption><\/figure>\n<p> Os maoris s\u00e3o o povo ind\u00edgena da Nova Zel\u00e2ndia. A m\u00e1scara de guerreiro \u00e9 uma parte importante de sua tradi\u00e7\u00e3o. As m\u00e1scaras s\u00e3o bastante ornamentadas, apresentando detalhes intrincados, e s\u00e3o confeccionadas pelos maoris antes de serem enviadas para a guerra. De acordo com a cren\u00e7a maori, cada m\u00e1scara cont\u00e9m o esp\u00edrito de seu dono.<\/p>\n<p> De acordo com as tradi\u00e7\u00f5es Maori, uma mulher durante a menstrua\u00e7\u00e3o \u00e9 <em>tapu<\/em> , As m\u00e1scaras s\u00e3o consideradas tabu, e o contato entre elas tamb\u00e9m \u00e9 proibido. Acredita-se que, se tocarem, isso trar\u00e1 uma maldi\u00e7\u00e3o. Al\u00e9m disso, as mulheres gr\u00e1vidas s\u00e3o consideradas sagradas. Portanto, recomenda-se mant\u00ea-las longe dessas m\u00e1scaras para proteg\u00ea-las. Em 2010, o Museu Nacional da Nova Zel\u00e2ndia chegou a causar indigna\u00e7\u00e3o ao desaconselhar gestantes a visitarem um museu que continha artefatos sagrados maori. <em>(fonte)<\/em><\/p>\n<h4> <strong>4. O Ex\u00e9rcito de Terracota da China<\/strong><\/h4>\n<h4> A maldi\u00e7\u00e3o do Ex\u00e9rcito de Terracota Chin\u00eas se manifestou quando tr\u00eas dos sete camponeses que descobriram as esculturas morreram de forma dolorosa. Os camponeses restantes e a maior parte da aldeia est\u00e3o \u00e0 beira da ru\u00edna financeira.<\/h4>\n<figure><img decoding=\"async\" loading=\"lazy\" title=\"Ex\u00e9rcito de Terracota da China\" src=\"https:\/\/imgist.ru\/wp-content\/uploads\/2026\/09\/10-istoricheskih-predmetov-kotorye-kak-schitaetsya-proklyaty_6a9838ecda0e4.jpeg\" alt=\"Ex\u00e9rcito de terracota da China\" width=\"750\" height=\"450\"><figcaption> Fonte da imagem: maxpixel.freegreatpicture.com<\/figcaption><\/figure>\n<p> Em 1974, um grupo de sete trabalhadores da aldeia de Yan cavava um po\u00e7o em sua fazenda comunit\u00e1ria. Durante a escava\u00e7\u00e3o, um dos agricultores, Zhifa, encontrou algo a cerca de 15 metros de profundidade. A princ\u00edpio, viram o topo de uma cabe\u00e7a, mas, \u00e0 medida que cavavam mais fundo, a cabe\u00e7a inteira tornou-se vis\u00edvel. Pensando ter encontrado uma rel\u00edquia de bronze que poderia vender, Zhifa a quebrou a martelo. Mas, ao lev\u00e1-la de volta para a aldeia, os moradores ficaram com medo de toc\u00e1-la, confundindo-a com uma est\u00e1tua de templo.<\/p>\n<p> \u00c0 medida que os rumores se espalhavam, autoridades e arque\u00f3logos acorreram \u00e0 aldeia, iniciando as escava\u00e7\u00f5es do t\u00famulo. Nos anos seguintes, as terras passaram para o controle do Estado. As casas dos alde\u00f5es foram demolidas para dar lugar a salas de exposi\u00e7\u00f5es e lojas de souvenirs. Dos sete trabalhadores que descobriram o Ex\u00e9rcito de Terracota, Wang Puji cometeu suic\u00eddio, enquanto Yang Wenhai e Yang Yanxin morreram sem trabalho ou meios de subsist\u00eancia. A destrui\u00e7\u00e3o da aldeia, o sofrimento dos alde\u00f5es e a morte dos tr\u00eas trabalhadores deram origem \u00e0 cren\u00e7a de que o Ex\u00e9rcito de Terracota era amaldi\u00e7oado. <em>(fonte)<\/em><\/p>\n<h4> <strong>5. Orlov Negro<\/strong><\/h4>\n<h4> Dizem que o diamante Black Orlov foi roubado de uma est\u00e1tua de um deus hindu e \u00e9 considerado amaldi\u00e7oado. A maioria de seus propriet\u00e1rios j\u00e1 morreu ou cometeu suic\u00eddio.<\/h4>\n<figure><img decoding=\"async\" loading=\"lazy\" title=\"Orlov Negro\" src=\"https:\/\/imgist.ru\/wp-content\/uploads\/2026\/09\/10-istoricheskih-predmetov-kotorye-kak-schitaetsya-proklyaty_6a9838eda9c00.jpeg\" alt=\"Orlov Negro\" width=\"750\" height=\"444\"><figcaption> Fonte da imagem: Museu de Hist\u00f3ria Natural de Londres, www.naturallycolored.com<\/figcaption><\/figure>\n<p> O Diamante Negro Orlov, tamb\u00e9m conhecido como &quot;Olho de Brahma&quot;, pesa 67,50 quilates e acredita-se que traga infort\u00fanio ao seu dono. Diz-se que foi descoberto no in\u00edcio do s\u00e9culo XIX na \u00cdndia, onde era representado como um dos olhos de uma est\u00e1tua do deus hindu Brahma. Posteriormente, foi roubado por um monge e amaldi\u00e7oado.<\/p>\n<p> A primeira morte conhecida associada a este diamante foi a do negociante de diamantes J.W. Paris. Ele trouxe o diamante para os Estados Unidos em 1932, mas logo depois cometeu suic\u00eddio, atirando-se de um arranha-c\u00e9u em Nova York. Outras duas propriet\u00e1rias, a princesa Nadya Vygin-Orlova e a princesa Leonila Galitsina-Bariatskaya, tamb\u00e9m cometeram suic\u00eddio posteriormente. Em 2004, o diamante foi adquirido pelo negociante de diamantes Dennis Petimezas. Ele certa vez disse: &quot;Passei o \u00faltimo ano tentando aprender tudo o que pude sobre a hist\u00f3ria melodram\u00e1tica desta pedra, e estou quase certo de que a maldi\u00e7\u00e3o foi quebrada.&quot;. <em>(1,2,3)<\/em><\/p>\n<h4> <strong>6. O Homem de Gelo<\/strong><\/h4>\n<h4> Em 1991, um esqueleto completamente congelado de um humano de 5.000 anos foi descoberto nos Alpes europeus. Desde ent\u00e3o, sete pessoas ligadas \u00e0 sua descoberta morreram em circunst\u00e2ncias misteriosas, e muitos associam suas mortes \u00e0 &quot;maldi\u00e7\u00e3o do Homem de Gelo&quot;.<\/h4>\n<figure><img decoding=\"async\" loading=\"lazy\" title=\"Homem de Gelo\" src=\"https:\/\/imgist.ru\/wp-content\/uploads\/2026\/09\/10-istoricheskih-predmetov-kotorye-kak-schitaetsya-proklyaty_6a9838ee38e41.jpeg\" alt=\"Homem de Gelo\" width=\"750\" height=\"476\"><figcaption> Fonte da imagem: en.wikipedia.org<\/figcaption><\/figure>\n<p> Em setembro de 1991, dois turistas alem\u00e3es faziam uma trilha nos picos dos Alpes de \u00d6tztal, na It\u00e1lia. Enquanto apreciavam a beleza da paisagem, de repente avistaram um cad\u00e1ver humano congelado. O casal, aterrorizado, alertou imediatamente as autoridades, acreditando tratar-se do corpo do alpinista desaparecido. O misterioso corpo estava completamente mumificado no gelo e foi removido do local em 22 de setembro. Deram-lhe o nome de \u00d6tzi, o Homem de Gelo.<\/p>\n<p> Mas logo ap\u00f3s sua descoberta, pessoas ligadas ao caso come\u00e7aram a morrer. O primeiro a falecer foi o patologista forense Rainer Henn, um dos primeiros cientistas a trabalhar com o Homem de Gelo. Ele morreu em um acidente de carro a caminho de uma palestra sobre suas descobertas a respeito da m\u00famia. Em seguida, morreu o guia de montanha Kurt Fritz, um dos primeiros a descobrir o corpo mumificado. Ele morreu em uma avalanche. Depois, o cineasta americano que filmou a recupera\u00e7\u00e3o do Homem de Gelo morreu de um tumor cerebral. Em seguida, veio o alpinista que primeiro descobriu o corpo do Homem de Gelo, seguido pelo cientista, um dos primeiros a examin\u00e1-lo. Por fim, o homem que liderava a equipe de busca que encontrou o alpinista.<\/p>\n<p> A v\u00edtima mais recente foi a morte de um arque\u00f3logo que desempenhou um papel fundamental na descoberta de informa\u00e7\u00f5es sobre o Homem de Gelo. Alguns acreditam que todas essas mortes s\u00e3o apenas uma coincid\u00eancia, mas outros acreditam que seja a &quot;maldi\u00e7\u00e3o do Homem de Gelo&quot;. <em>(1,2,3)<\/em><\/p>\n<h4> <strong>7. Pedra Glavendrup<\/strong><\/h4>\n<h4> A Pedra de Glavendrup, erguida durante a Era Viking, cont\u00e9m a inscri\u00e7\u00e3o r\u00fanica mais longa da Dinamarca e termina com uma maldi\u00e7\u00e3o que, segundo a lenda, recai sobre qualquer um que ouse profan\u00e1-la.<\/h4>\n<figure><img decoding=\"async\" loading=\"lazy\" title=\"Pedra Glavendrup\" src=\"https:\/\/imgist.ru\/wp-content\/uploads\/2026\/09\/10-istoricheskih-predmetov-kotorye-kak-schitaetsya-proklyaty_6a9838eed19c4.jpeg\" alt=\"Pedra de Glavendrup\" width=\"750\" height=\"417\"><figcaption> Fonte da imagem: 1.2<\/figcaption><\/figure>\n<p> Erguida no in\u00edcio do s\u00e9culo X, a Pedra de Glavendrup \u00e9 uma pedra r\u00fanica localizada na ilha de Funen, na Dinamarca. Foi erguida por Ragnhild e seus filhos em mem\u00f3ria de seu marido, Ali. Esta pedra r\u00fanica \u00e9 famosa por conter a inscri\u00e7\u00e3o r\u00fanica mais longa da Dinamarca. No entanto, a inscri\u00e7\u00e3o termina com uma maldi\u00e7\u00e3o. Segundo a maldi\u00e7\u00e3o, qualquer pessoa que a danifique ou remova se tornar\u00e1 um feiticeiro. Na \u00e9poca, a palavra &quot;feiticeiro&quot; era usada para descrever algu\u00e9m considerado antinatural e um p\u00e1ria social. <em>(1,2)<\/em><\/p>\n<h4> <strong>8. Cadeira de varanda Busby<\/strong><\/h4>\n<h4> Quando o assassino Thomas Busby foi condenado \u00e0 morte, circularam rumores de que o local da execu\u00e7\u00e3o, incluindo a cadeira que ele usou pela \u00faltima vez, estava amaldi\u00e7oado. A cren\u00e7a na maldi\u00e7\u00e3o ganhou for\u00e7a na d\u00e9cada de 1970, quando v\u00e1rios acidentes fatais foram associados \u00e0 cadeira.<\/h4>\n<figure><img decoding=\"async\" loading=\"lazy\" title=\"Cadeira Busby Stoup\" src=\"https:\/\/imgist.ru\/wp-content\/uploads\/2026\/09\/10-istoricheskih-predmetov-kotorye-kak-schitaetsya-proklyaty_6a9838ef9d712.jpeg\" alt=\"A cadeira Busby Stoop\" width=\"750\" height=\"455\"><figcaption> Fonte da imagem: soapboxcorner.blogspot.in<\/figcaption><\/figure>\n<p> Em 1702, um homem chamado Busby brigou com seu sogro, Otie, por causa da filha de Otie, Elizabeth. Como resultado dessa disputa, Busby assassinou Otie, foi preso, julgado e condenado \u00e0 morte. A caminho da forca, o \u00faltimo desejo de Busby foi parar em uma taverna e beber um \u00faltimo copo de cerveja. Sua cadeira favorita, agora conhecida como &quot;Cadeira de Busby&quot;, ficava na taverna. Diz-se que, ao visitar a taverna, Busby exclamou: &quot;Que a morte s\u00fabita atinja qualquer um que se atreva a sentar na minha cadeira!&quot;\u00ab<\/p>\n<p> Ap\u00f3s a execu\u00e7\u00e3o de Busby, a cadeira permaneceu no pub, e os frequentadores eram incentivados a sentar-se nela. Em 1894, um limpador de chamin\u00e9s sentou-se nela e foi encontrado enforcado em um poste na manh\u00e3 seguinte. Durante a Segunda Guerra Mundial, aviadores canadenses frequentavam a hospedaria, e diz-se que aqueles que se sentaram na cadeira nunca retornaram de suas miss\u00f5es. Em 1967, dois pilotos da For\u00e7a A\u00e9rea Real, voltando do pub, sentaram-se na cadeira e colidiram contra uma \u00e1rvore, falecendo. O n\u00famero de mortes continuou at\u00e9 que o dono do pub se preocupou. Em 1978, ele doou a cadeira ao Museu de Thirsk com uma condi\u00e7\u00e3o: que ela fosse pendurada no teto, impedindo que algu\u00e9m se sentasse nela novamente. <em>(1,2)<\/em><\/p>\n<h4> <strong>9. T\u00famulo de Tutanc\u00e2mon<\/strong><\/h4>\n<h4> Pouco depois das escava\u00e7\u00f5es de Howard Carter na tumba de Tutanc\u00e2mon, alguns membros de sua equipe e outros pesquisadores proeminentes morreram, dando origem \u00e0 cren\u00e7a na &quot;maldi\u00e7\u00e3o&quot; de Tutanc\u00e2mon.<\/h4>\n<figure><img decoding=\"async\" loading=\"lazy\" title=\"T\u00famulo de Tutanc\u00e2mon\" src=\"https:\/\/imgist.ru\/wp-content\/uploads\/2026\/09\/10-istoricheskih-predmetov-kotorye-kak-schitaetsya-proklyaty_6a9838f05b158.jpeg\" alt=\"T\u00famulo de Tutanc\u00e2mon\" width=\"748\" height=\"438\"><figcaption> Imagem cedida por Mohamed Abd El Ghani\/Reuters via pbs.org<\/figcaption><\/figure>\n<p> At\u00e9 outubro de 1922, o jovem rei Tutanc\u00e2mon repousava em paz em seu t\u00famulo, desconhecido e intocado. Mas, em novembro de 1922, o arque\u00f3logo Howard Carter e seu patrocinador, Lord Carnarvon, descobriram uma c\u00e2mara no Vale dos Reis, no Egito. Subitamente, eles se tornaram famosos, e a aten\u00e7\u00e3o do mundo se voltou para o jovem rei esquecido.<\/p>\n<p> Mas ent\u00e3o Lord Carnarvon foi picado na bochecha por um mosquito, agravando acidentalmente a ferida enquanto se barbeava, e morreu de febre em del\u00edrio. Arthur Conan Doyle, criador de Sherlock Holmes, disse que essa devia ser a &quot;maldi\u00e7\u00e3o&quot; da m\u00famia. De repente, os jornais come\u00e7aram a publicar reportagens afirmando que a morte era certa para qualquer um que perturbasse o jovem fara\u00f3. A cren\u00e7a na maldi\u00e7\u00e3o se fortaleceu \u00e0 medida que mais mortes se seguiram. As aves de Lord Carnarvon foram devoradas por uma cobra, e seu cachorro morreu. Mais tarde, o radiologista que realizou radiografias na m\u00famia morreu de uma doen\u00e7a misteriosa. Um americano rico morreu de pneumonia ap\u00f3s visitar o t\u00famulo, e um membro da equipe de escava\u00e7\u00e3o de Carter teria morrido de envenenamento por ars\u00eanico. Mas Howard Carter, o homem que de fato descobriu o t\u00famulo de Tutanc\u00e2mon, viveu at\u00e9 1939. As pessoas ainda se perguntam: se a maldi\u00e7\u00e3o de Tutanc\u00e2mon existe, por que ela n\u00e3o afetou Carter? <em>(fonte)<\/em><\/p>\n<h4> <strong>10. Pintura &quot;O Menino Chorando&quot;\u00ab<\/strong><\/h4>\n<h4> A maldi\u00e7\u00e3o associada \u00e0 pintura &quot;O Menino Chorando&quot; come\u00e7ou com relatos de que muitas casas que continham uma c\u00f3pia da pintura pegaram fogo, mas a pr\u00f3pria pintura era sempre encontrada intacta entre as ru\u00ednas queimadas.<\/h4>\n<figure><img decoding=\"async\" loading=\"lazy\" title=\"\" src=\"https:\/\/imgist.ru\/wp-content\/uploads\/2026\/09\/10-istoricheskih-predmetov-kotorye-kak-schitaetsya-proklyaty_6a9838f11a297.jpeg\" alt=\"\" width=\"750\" height=\"418\"><figcaption> Fonte da imagem: 1.2<\/figcaption><\/figure>\n<p> O quadro &quot;O Menino Chorando&quot; foi pintado pelo artista italiano Giovanni Bragolin. Era uma pintura popular, e as pessoas adoravam exibi-la em suas casas. C\u00f3pias dela circularam amplamente a partir da d\u00e9cada de 1950. Mas a opini\u00e3o sobre a pintura mudou depois que um importante jornal publicou uma declara\u00e7\u00e3o de um bombeiro de Essex. O bombeiro afirmou ter encontrado c\u00f3pias da pintura em v\u00e1rias casas destru\u00eddas por inc\u00eandio. Surpreendentemente, nenhuma das pinturas estava danificada, embora objetos pr\u00f3ximos tivessem sido completamente destru\u00eddos. Ele tamb\u00e9m afirmou que nenhum bombeiro permitiria ter uma c\u00f3pia da pintura em sua pr\u00f3pria casa.<\/p>\n<p> A not\u00edcia se espalhou rapidamente e as pessoas come\u00e7aram a remover o quadro de suas casas, acreditando que estava amaldi\u00e7oado. Para dissipar a maldi\u00e7\u00e3o, Steve Punt, um escritor e comediante brit\u00e2nico, examinou a pintura em um programa chamado <em>\u00abPunt, detetive particular\u00bb<\/em> . O programa testou a pintura no Instituto de Pesquisa da Constru\u00e7\u00e3o. Descobriu-se que as gravuras haviam sido tratadas com um verniz contendo um retardante de chamas. Em caso de inc\u00eandio, a corda que prendia a pintura \u00e0 parede teria se rompido primeiro. Como resultado, a pintura caiu com a face para baixo no ch\u00e3o, protegendo-a. Mas o programa n\u00e3o conseguiu explicar por que nenhuma outra pintura foi encontrada intacta. <em>(fonte)<\/em><\/p>","protected":false},"excerpt":{"rendered":"<p>A mente humana sempre foi fascinada pelos mist\u00e9rios do desconhecido. Mesmo o valor de um objeto simples aumenta mil vezes se estiver ligado a um passado misterioso, a um evento ou at\u00e9 mesmo a uma maldi\u00e7\u00e3o. N\u00f3s...<\/p>","protected":false},"author":1,"featured_media":165659,"comment_status":"open","ping_status":"closed","sticky":false,"template":"","format":"standard","meta":{"footnotes":""},"categories":[20],"tags":[62],"class_list":["post-165658","post","type-post","status-publish","format-standard","has-post-thumbnail","hentry","category-interesnye-fakty","tag-katalog-faktov","hvn-theme-has-thumbnail"],"_links":{"self":[{"href":"https:\/\/imgist.ru\/pt\/wp-json\/wp\/v2\/posts\/165658","targetHints":{"allow":["GET"]}}],"collection":[{"href":"https:\/\/imgist.ru\/pt\/wp-json\/wp\/v2\/posts"}],"about":[{"href":"https:\/\/imgist.ru\/pt\/wp-json\/wp\/v2\/types\/post"}],"author":[{"embeddable":true,"href":"https:\/\/imgist.ru\/pt\/wp-json\/wp\/v2\/users\/1"}],"replies":[{"embeddable":true,"href":"https:\/\/imgist.ru\/pt\/wp-json\/wp\/v2\/comments?post=165658"}],"version-history":[{"count":1,"href":"https:\/\/imgist.ru\/pt\/wp-json\/wp\/v2\/posts\/165658\/revisions"}],"predecessor-version":[{"id":165670,"href":"https:\/\/imgist.ru\/pt\/wp-json\/wp\/v2\/posts\/165658\/revisions\/165670"}],"wp:featuredmedia":[{"embeddable":true,"href":"https:\/\/imgist.ru\/pt\/wp-json\/wp\/v2\/media\/165659"}],"wp:attachment":[{"href":"https:\/\/imgist.ru\/pt\/wp-json\/wp\/v2\/media?parent=165658"}],"wp:term":[{"taxonomy":"category","embeddable":true,"href":"https:\/\/imgist.ru\/pt\/wp-json\/wp\/v2\/categories?post=165658"},{"taxonomy":"post_tag","embeddable":true,"href":"https:\/\/imgist.ru\/pt\/wp-json\/wp\/v2\/tags?post=165658"}],"curies":[{"name":"wp","href":"https:\/\/api.w.org\/{rel}","templated":true}]}}