{"id":165738,"date":"2026-09-02T17:56:58","date_gmt":"2026-09-02T14:56:58","guid":{"rendered":"https:\/\/imgist.ru\/10-neizvestnyh-faktov-o-mladenczah\/"},"modified":"2026-09-02T17:57:07","modified_gmt":"2026-09-02T14:57:07","slug":"10-fatos-pouco-conhecidos-sobre-bebes","status":"publish","type":"post","link":"https:\/\/imgist.ru\/pt\/10-neizvestnyh-faktov-o-mladenczah\/","title":{"rendered":"10 fatos desconhecidos sobre beb\u00eas"},"content":{"rendered":"<p>A palavra &quot;beb\u00ea&quot; evoca instantaneamente imagens de algo fofo, ador\u00e1vel, rechonchudo e inocente. E, de fato, os beb\u00eas s\u00e3o exatamente isso. Mas por tr\u00e1s daqueles olhinhos redondos, da pele macia e dos l\u00e1bios rosados, h\u00e1 muito mais. \u00c9 um equ\u00edvoco comum pensar que os beb\u00eas s\u00e3o ignorantes e t\u00eam habilidades limitadas. Embora isso possa ser parcialmente verdade, existem alguns fatos surpreendentes sobre os beb\u00eas que vale a pena conhecer. Confira esta lista para aprender um pouco sobre eles.<\/p>\n<h4> <strong>1. Por volta dos tr\u00eas anos de idade, os beb\u00eas desenvolvem um senso de identidade de g\u00eanero e come\u00e7am a se comportar de acordo com ele.<\/strong><\/h4>\n<figure><img loading=\"lazy\" decoding=\"async\" title=\"Determinar o sexo de um beb\u00ea\" src=\"https:\/\/imgist.ru\/wp-content\/uploads\/2026\/09\/10-neizvestnyh-faktov-o-mladenczah_6a98393ccc8a3.jpeg\" alt=\"Identifica\u00e7\u00e3o do sexo do beb\u00ea\" width=\"750\" height=\"500\"><figcaption> Imagem cortesia do Pixabay<\/figcaption><\/figure>\n<p> As crian\u00e7as nascem com caracter\u00edsticas biol\u00f3gicas espec\u00edficas que determinam seu g\u00eanero. A &quot;identidade de g\u00eanero&quot; se desenvolve quando a crian\u00e7a come\u00e7a a se expressar como &quot;menina&quot; ou &quot;menino&quot;. Pesquisas mostram que, embora esse senso esteja totalmente desenvolvido por volta dos tr\u00eas anos de idade, sua base \u00e9 estabelecida no nascimento. Subconscientemente, os pais tendem a tratar meninas e meninos de forma diferente. Por volta dos dois anos de idade, as crian\u00e7as come\u00e7am a entender as diferen\u00e7as f\u00edsicas entre meninas e meninos e, aos tr\u00eas anos, j\u00e1 conseguem se identificar com uma dessas categorias. Esse senso tamb\u00e9m d\u00e1 origem a um amor inato por bonecas nas meninas e por blocos de montar nos meninos. Algumas diferen\u00e7as comportamentais comuns incluem: meninas preferem a cor rosa, enquanto meninos preferem azul; meninas preferem cabelos longos e enfeitados, enquanto meninos preferem cabelos curtos; meninas gostam de brincar com jogos de ch\u00e1 ou casas de boneca, enquanto meninos gostam de jogar futebol. <em>(fonte)<\/em><\/p>\n<h4> <strong>2. Os beb\u00eas abrem os olhos dentro do \u00fatero e conseguem ver a luz vinda de fora.<\/strong><\/h4>\n<figure><img loading=\"lazy\" decoding=\"async\" title=\"o beb\u00ea consegue ver a luz\" src=\"https:\/\/imgist.ru\/wp-content\/uploads\/2026\/09\/10-neizvestnyh-faktov-o-mladenczah_6a98393d1fdc2.jpeg\" alt=\"O beb\u00ea consegue ver a luz.\" width=\"750\" height=\"500\"><figcaption> Imagem cortesia do Pixabay<\/figcaption><\/figure>\n<p> Assim como outros sentidos, o desenvolvimento dos olhos \u00e9 controlado pelo c\u00e9rebro. Por volta da quarta semana de gesta\u00e7\u00e3o, o c\u00e9rebro come\u00e7a a moldar os olhos, um processo que se completa no segundo trimestre, quando os olhos est\u00e3o totalmente desenvolvidos. Embora os olhos consigam detectar flashes de luz e realizar movimentos sutis de uma extremidade \u00e0 outra, os beb\u00eas s\u00f3 conseguem abri-los completamente no final do segundo trimestre. Uma vez que os olhos estejam totalmente formados, os beb\u00eas os abrem e piscam suavemente quando est\u00e3o acordados. Eles reagem \u00e0 luz forte chutando ou caindo. Outro fato surpreendente sobre os olhos dos beb\u00eas \u00e9 que eles mudam de cor diversas vezes durante o primeiro ano de vida. <em>(fonte)<\/em><\/p>\n<h4> <strong>3. A maioria dos beb\u00eas consegue prender a respira\u00e7\u00e3o e &quot;nadar&quot; reflexivamente nos primeiros seis meses de vida. No entanto, embora imitem essas a\u00e7\u00f5es, eles n\u00e3o t\u00eam for\u00e7a suficiente e s\u00e3o incapazes de nadar de verdade.<\/strong><\/h4>\n<figure><img loading=\"lazy\" decoding=\"async\" src=\"https:\/\/imgist.ru\/wp-content\/uploads\/2026\/09\/10-neizvestnyh-faktov-o-mladenczah_6a98393dce42a.jpeg\" alt=\"\" width=\"750\" height=\"396\"><figcaption> Fonte da imagem: Wikimedia<\/figcaption><\/figure>\n<p> Aos seis meses, a maioria dos beb\u00eas consegue prender a respira\u00e7\u00e3o ou at\u00e9 mesmo imitar a nata\u00e7\u00e3o quando imersos em \u00e1gua. No entanto, embora essas a\u00e7\u00f5es se assemelhem \u00e0 nata\u00e7\u00e3o de um adulto, elas ocorrem por reflexo e n\u00e3o significam que os beb\u00eas nascem com a capacidade de nadar. Eles n\u00e3o possuem a for\u00e7a e a capacidade f\u00edsica necess\u00e1rias para nadar de verdade. Os beb\u00eas conseguem prender a respira\u00e7\u00e3o por reflexo e sobreviver na \u00e1gua por curt\u00edssimos per\u00edodos. Durante esse reflexo, chamado de &quot;reflexo de mergulho&quot; e observado em outros mam\u00edferos aqu\u00e1ticos, a frequ\u00eancia card\u00edaca do beb\u00ea diminui, a necessidade de respirar se reduz e a circula\u00e7\u00e3o sangu\u00ednea tamb\u00e9m fica mais lenta. Tudo isso conserva oxig\u00eanio para o cora\u00e7\u00e3o e os pulm\u00f5es. Portanto, esse reflexo \u00e9 um importante mecanismo de sobreviv\u00eancia para os beb\u00eas. <em>(fonte)<\/em><\/p>\n<h4> <strong>4. Os beb\u00eas colocam tudo na boca para fortalecer o sistema imunol\u00f3gico. Ao provar e mastigar cada novo objeto, eles desenvolvem a capacidade de responder a novas infec\u00e7\u00f5es e prevenir doen\u00e7as futuras.<\/strong><\/h4>\n<figure><img decoding=\"async\" loading=\"lazy\" src=\"https:\/\/imgist.ru\/wp-content\/uploads\/2026\/09\/10-neizvestnyh-faktov-o-mladenczah_6a98393e84a80.jpeg\" alt=\"\" width=\"750\" height=\"396\"><figcaption> Imagem cortesia do Pixabay<\/figcaption><\/figure>\n<p> Os beb\u00eas t\u00eam o h\u00e1bito muito comum e frequentemente irritante de colocar tudo na boca. Embora possamos considerar isso um mau h\u00e1bito, pesquisas mostram que ele, na verdade, desempenha uma fun\u00e7\u00e3o importante. Os beb\u00eas t\u00eam mais gl\u00f3bulos brancos e linf\u00f3citos do que os adultos, o que os ajuda a produzir anticorpos e a combater novas infec\u00e7\u00f5es com mais efic\u00e1cia. Quando os beb\u00eas s\u00e3o expostos a novas infec\u00e7\u00f5es, seu sistema imunol\u00f3gico se desenvolve ainda mais, ajudando-os a evitar a recorr\u00eancia das mesmas infec\u00e7\u00f5es no futuro. <em>(fonte)<\/em><\/p>\n<h4> <strong>5. O choro do beb\u00ea afeta o c\u00e9rebro e o corpo da m\u00e3e. O horm\u00f4nio ocitocina estimula o c\u00e9rebro da m\u00e3e quando ela ouve o choro do beb\u00ea, tornando-a mais receptiva a ele.<\/strong><\/h4>\n<figure><img decoding=\"async\" loading=\"lazy\" src=\"\" alt=\"\" width=\"750\" height=\"396\"><figcaption> Fonte da imagem: giphy<\/figcaption><\/figure>\n<p> O ponto crucial aqui \u00e9 que os beb\u00eas t\u00eam apenas uma forma de se comunicar: chorando. Observou-se que as m\u00e3es s\u00e3o mais aptas a reconhecer o choro de seus beb\u00eas, mesmo \u00e0 dist\u00e2ncia. Esse comportamento materno \u00e9 resultado do horm\u00f4nio ocitocina, que influencia todos os aspectos do comportamento materno, incluindo o parto, a amamenta\u00e7\u00e3o e o v\u00ednculo afetivo. Quando o beb\u00ea come\u00e7a a chorar, esse horm\u00f4nio afeta o c\u00e9rebro da m\u00e3e e estimula seus receptores auditivos, tornando-a mais atenta ao choro. <em>(fonte)<\/em><\/p>\n<h4> <strong>6.<\/strong> <strong>Durante o parto, os beb\u00eas desenvolvem pelos finos conhecidos como lanugo no \u00fatero. Ap\u00f3s a queda desses pelos, eles se misturam ao l\u00edquido amni\u00f3tico e s\u00e3o engolidos.<\/strong><\/h4>\n<figure><img decoding=\"async\" loading=\"lazy\" title=\"Lanugo: Pelos no \u00fatero\" src=\"https:\/\/imgist.ru\/wp-content\/uploads\/2026\/09\/10-neizvestnyh-faktov-o-mladenczah_6a98394020a05.jpeg\" alt=\"Lanugo: Pelos no \u00fatero\" width=\"750\" height=\"396\"><figcaption> Fonte da imagem: Wikimedia<\/figcaption><\/figure>\n<p><strong>\u00a0<\/strong>\u00c9 comum que beb\u00eas em gesta\u00e7\u00e3o desenvolvam pelos finos e semelhantes a l\u00e3, chamados de &quot;lanugo&quot;, ainda no \u00fatero. Esse crescimento geralmente come\u00e7a como um pequeno fio e gradualmente se espalha por todo o corpo. Acredita-se que comece a crescer por volta da d\u00e9cima sexta semana de gravidez. Alguns beb\u00eas perdem esses pelos ainda no \u00fatero, enquanto outros j\u00e1 nascem com eles. Se o lanugo for eliminado ainda no \u00fatero, ele se mistura ao l\u00edquido amni\u00f3tico e \u00e9 ingerido pelo beb\u00ea. Se o beb\u00ea j\u00e1 nasce com lanugo, ele \u00e9 eliminado junto com as primeiras fezes, chamadas de &quot;mec\u00f4nio&quot;.<\/p>\n<p> A lanugem tamb\u00e9m pode ser encontrada em fetos de outros animais. Ela protege a pele delicada do beb\u00ea contra danos e tamb\u00e9m atua como lubrificante durante o parto. <em>(fonte)<\/em><\/p>\n<h4> <strong>7. Os beb\u00eas t\u00eam cerca de 30.000 papilas gustativas, enquanto os adultos t\u00eam apenas cerca de 10.000. Elas est\u00e3o localizadas n\u00e3o apenas na l\u00edngua, mas tamb\u00e9m nas laterais, no fundo e no c\u00e9u da boca.<\/strong><\/h4>\n<figure><img decoding=\"async\" loading=\"lazy\" title=\"Papilas gustativas das crian\u00e7as\" src=\"https:\/\/imgist.ru\/wp-content\/uploads\/2026\/09\/10-neizvestnyh-faktov-o-mladenczah_6a983940d45a6.jpeg\" alt=\"Papilas gustativas do beb\u00ea\" width=\"750\" height=\"421\"><figcaption> Imagem cortesia do Pixabay<\/figcaption><\/figure>\n<p> Um dos motivos pelos quais os beb\u00eas s\u00e3o t\u00e3o seletivos com a comida \u00e9 que suas bocas s\u00e3o repletas de papilas gustativas. Surpreendentemente, os beb\u00eas t\u00eam cerca de 30.000 delas. Esses receptores est\u00e3o localizados principalmente na l\u00edngua, mas tamb\u00e9m nas laterais e no c\u00e9u da boca, e at\u00e9 mesmo na garganta. Na puberdade, esse n\u00famero diminui para 10.000. <em>(fonte)<\/em><\/p>\n<h4> <strong>8. As m\u00e3es instintivamente beijam seus beb\u00eas. Durante o beijo, os pat\u00f3genos presentes no corpo do beb\u00ea s\u00e3o transferidos para a m\u00e3e, fazendo com que ela produza anticorpos que s\u00e3o transmitidos pelo leite materno.<\/strong><\/h4>\n<figure><img decoding=\"async\" loading=\"lazy\" src=\"https:\/\/imgist.ru\/wp-content\/uploads\/2026\/09\/10-neizvestnyh-faktov-o-mladenczah_6a98394190180.jpeg\" alt=\"\" width=\"750\" height=\"396\"><figcaption> Imagem cortesia do Pixabay<\/figcaption><\/figure>\n<p> \u00c9 perfeitamente natural que uma m\u00e3e queira beijar seu beb\u00ea. \u00c9 uma forma de expressar amor e fortalecer o v\u00ednculo entre eles. Mas, al\u00e9m disso, existe uma raz\u00e3o evolutiva para as m\u00e3es beijarem seus filhos. Ao beijar o beb\u00ea, a m\u00e3e absorve quaisquer germes ou pat\u00f3genos presentes na pele dele. As c\u00e9lulas B, respons\u00e1veis pela produ\u00e7\u00e3o de anticorpos, fazem seu trabalho, e a m\u00e3e que amamenta transmite esses anticorpos para o beb\u00ea atrav\u00e9s do leite materno. Como resultado, o beb\u00ea fica mais forte. <em>(1,2)<\/em><\/p>\n<h4> <strong>9. Enquanto est\u00e3o no \u00fatero, os beb\u00eas ouvem e aprendem o idioma falado pela m\u00e3e. Ap\u00f3s o nascimento, seus choros refletem a entona\u00e7\u00e3o e o sotaque caracter\u00edsticos da m\u00e3e, permitindo-lhes distinguir um beb\u00ea franc\u00eas de um alem\u00e3o.<\/strong><\/h4>\n<figure><img decoding=\"async\" loading=\"lazy\" src=\"https:\/\/imgist.ru\/wp-content\/uploads\/2026\/09\/10-neizvestnyh-faktov-o-mladenczah_6a98394214d0d.jpeg\" alt=\"\" width=\"750\" height=\"396\"><figcaption> Imagem cortesia do Pixabay<\/figcaption><\/figure>\n<p> Os beb\u00eas come\u00e7am a adotar a fala e o sotaque da m\u00e3e muito cedo, ainda no \u00fatero. A linguagem e os sons ao seu redor exercem uma influ\u00eancia significativa sobre o feto. Ao final do terceiro trimestre, o sotaque materno parece estar internalizado, e observa-se que, ap\u00f3s o nascimento, o beb\u00ea tenta chorar com o mesmo sotaque. Por exemplo, ao ouvirmos o choro de beb\u00eas alem\u00e3es e franceses, percebemos diferen\u00e7as de sotaque e entona\u00e7\u00e3o. Os alem\u00e3es terminam as palavras com uma entona\u00e7\u00e3o descendente, enquanto os beb\u00eas franceses usam uma entona\u00e7\u00e3o ascendente. Essa diferen\u00e7a \u00e9 frequentemente observada nos padr\u00f5es de choro dos beb\u00eas. <em>(fonte)<\/em><\/p>\n<h4> <strong>10. As m\u00e3es t\u00eam um forte impulso de &quot;engolir&quot; seus beb\u00eas. O cheiro do beb\u00ea ativa o sistema de recompensa no c\u00e9rebro da m\u00e3e, gerando sensa\u00e7\u00f5es agrad\u00e1veis.<\/strong><\/h4>\n<figure><img decoding=\"async\" loading=\"lazy\" src=\"https:\/\/imgist.ru\/wp-content\/uploads\/2026\/09\/10-neizvestnyh-faktov-o-mladenczah_6a983942bc80e.jpeg\" alt=\"\" width=\"750\" height=\"396\"><figcaption> Imagem cortesia do Pixabay<\/figcaption><\/figure>\n<p> Tanto os beb\u00eas quanto as m\u00e3es s\u00e3o extremamente sens\u00edveis aos cheiros um do outro. O cheiro de um rec\u00e9m-nascido estimula o c\u00e9rebro da m\u00e3e de uma maneira singular. A dopamina, subst\u00e2ncia qu\u00edmica respons\u00e1vel principalmente pela transmiss\u00e3o de informa\u00e7\u00f5es entre os neur\u00f4nios, tamb\u00e9m ativa o circuito de recompensa do c\u00e9rebro. A dopamina aciona esse circuito quando odores agrad\u00e1veis est\u00e3o presentes, como o cheiro de comida ou qualquer outra coisa que proporcione satisfa\u00e7\u00e3o. O cheiro do beb\u00ea tamb\u00e9m estimula o circuito de recompensa, fazendo com que a m\u00e3e sinta vontade de &quot;comer&quot; o seu beb\u00ea. <em>(1,2)<\/em><\/p>","protected":false},"excerpt":{"rendered":"<p>A palavra &quot;beb\u00ea&quot; evoca instantaneamente imagens de algo doce, ador\u00e1vel, rechonchudo e inocente. Claro, beb\u00eas s\u00e3o exatamente isso. Mas por tr\u00e1s daqueles olhos grandes e redondos, daquela pele macia\u2026<\/p>","protected":false},"author":1,"featured_media":165739,"comment_status":"open","ping_status":"closed","sticky":false,"template":"","format":"standard","meta":{"footnotes":""},"categories":[20],"tags":[62],"class_list":["post-165738","post","type-post","status-publish","format-standard","has-post-thumbnail","hentry","category-interesnye-fakty","tag-katalog-faktov","hvn-theme-has-thumbnail"],"_links":{"self":[{"href":"https:\/\/imgist.ru\/pt\/wp-json\/wp\/v2\/posts\/165738","targetHints":{"allow":["GET"]}}],"collection":[{"href":"https:\/\/imgist.ru\/pt\/wp-json\/wp\/v2\/posts"}],"about":[{"href":"https:\/\/imgist.ru\/pt\/wp-json\/wp\/v2\/types\/post"}],"author":[{"embeddable":true,"href":"https:\/\/imgist.ru\/pt\/wp-json\/wp\/v2\/users\/1"}],"replies":[{"embeddable":true,"href":"https:\/\/imgist.ru\/pt\/wp-json\/wp\/v2\/comments?post=165738"}],"version-history":[{"count":1,"href":"https:\/\/imgist.ru\/pt\/wp-json\/wp\/v2\/posts\/165738\/revisions"}],"predecessor-version":[{"id":165749,"href":"https:\/\/imgist.ru\/pt\/wp-json\/wp\/v2\/posts\/165738\/revisions\/165749"}],"wp:featuredmedia":[{"embeddable":true,"href":"https:\/\/imgist.ru\/pt\/wp-json\/wp\/v2\/media\/165739"}],"wp:attachment":[{"href":"https:\/\/imgist.ru\/pt\/wp-json\/wp\/v2\/media?parent=165738"}],"wp:term":[{"taxonomy":"category","embeddable":true,"href":"https:\/\/imgist.ru\/pt\/wp-json\/wp\/v2\/categories?post=165738"},{"taxonomy":"post_tag","embeddable":true,"href":"https:\/\/imgist.ru\/pt\/wp-json\/wp\/v2\/tags?post=165738"}],"curies":[{"name":"wp","href":"https:\/\/api.w.org\/{rel}","templated":true}]}}