{"id":16637,"date":"2026-06-07T08:18:37","date_gmt":"2026-06-07T05:18:37","guid":{"rendered":"https:\/\/imgist.ru\/emi-shumer-demonstriruet-podtyanutye-nogi-na-veselom-prazdnovanii-dnya-rozhdeniya\/"},"modified":"2026-08-29T12:17:57","modified_gmt":"2026-08-29T09:17:57","slug":"amy-schumer-exibe-suas-pernas-torneadas-em-uma-divertida-festa-de-aniversario","status":"publish","type":"post","link":"https:\/\/imgist.ru\/pt\/emi-shumer-demonstriruet-podtyanutye-nogi-na-veselom-prazdnovanii-dnya-rozhdeniya\/","title":{"rendered":"Amy Schumer exibe suas pernas torneadas durante uma divertida festa de anivers\u00e1rio."},"content":{"rendered":"<p>Amy Schumer comemorou seu anivers\u00e1rio de 45 anos em grande estilo. A comediante e atriz compartilhou uma s\u00e9rie de fotos espont\u00e2neas de um encontro recente com amigos, mostrando aos f\u00e3s alguns momentos da celebra\u00e7\u00e3o e exibindo suas pernas esbeltas em uma roupa divertida.<\/p>\n<p> Em uma foto reveladora, Amy posou com shorts rosa claro e uma blusa de mangas bufantes combinando, encostada dramaticamente em um p\u00f4ster do Titanic e segurando uma pequena bolsa. Em outra, a estrela <em>filme &quot;Descompensada&quot;\u00ab<\/em> Ela aparece na foto rodeada de amigos pr\u00f3ximos reunidos para um jantar comemorativo, e uma foto ador\u00e1vel mostra o momento em que ela recebeu seu bolo de anivers\u00e1rio. <\/p>\n<p> Amy compartilhou a foto com seus amigos (no Instagram).<\/p>\n<p> Ao lado do carrossel, Amy prestou homenagem ao seu c\u00edrculo \u00edntimo e incentivou seus seguidores a conferirem um dos espet\u00e1culos mais populares da Broadway.<\/p>\n<p> \u00ab&quot;Eu amo muito esses amigos&quot;, escreveu ela. &quot;E se voc\u00ea quiser rir por 90 minutos seguidos, v\u00e1 assistir a @titaniquemusical.&quot;. <\/p>\n<p> Amy no musical da Broadway &quot;Titanic&quot; (Instagram)<\/p>\n<h3> Voc\u00ea tamb\u00e9m pode gostar<\/h3>\n<ol>\n<li>\n<h3> Amy Schumer completa 45 anos: veja sua incr\u00edvel transforma\u00e7\u00e3o de antes e depois.<\/h3>\n<\/li>\n<li>\n<h3> Amy Schumer revelou fotos deslumbrantes de biqu\u00edni ap\u00f3s perder 23 quilos.<\/h3>\n<\/li>\n<\/ol>\n<p> Nos \u00faltimos anos, Amy tem falado abertamente sobre sua jornada em busca de um estilo de vida saud\u00e1vel e recentemente exibiu sua silhueta mais esbelta durante f\u00e9rias no Mediterr\u00e2neo com seu filho e amigos. Durante a viagem, ela compartilhou fotos praticando stand-up paddle em \u00e1guas cristalinas, usando um mai\u00f4 vermelho vibrante que real\u00e7ava sua forma f\u00edsica.<\/p>\n<p> A comemora\u00e7\u00e3o do anivers\u00e1rio ocorre durante um per\u00edodo de mudan\u00e7as pessoais significativas na vida da estrela. <\/p>\n<p> Amy comemorou seu anivers\u00e1rio em grande estilo (Instagram)<\/p>\n<p> No ano passado, Amy anunciou seu div\u00f3rcio de seu marido, Chris Fischer, ap\u00f3s sete anos de casamento. O casal tem um filho, Gene, e continua a criar o filho em conjunto ap\u00f3s o div\u00f3rcio.<\/p>\n<p> \u00ab&quot;N\u00f3s nos amamos muito e continuaremos focados em criar nosso filho&quot;, compartilhou Amy na \u00e9poca, classificando a separa\u00e7\u00e3o como amig\u00e1vel.<\/p>\n<p> O criador da s\u00e9rie &quot;\u00ab <em>Vida e Beth&quot;\u00bb<\/em> Ela tamb\u00e9m brincou dizendo que o t\u00e9rmino n\u00e3o tinha nada a ver com sua perda de peso, adicionando seu humor caracter\u00edstico ao an\u00fancio. <\/p>\n<p> Amy aproveitou uma noite aconchegante com amigos (Instagram)<\/p>\n<p> Nos \u00faltimos meses, Amy tem falado abertamente sobre a melhora de sua sa\u00fade e sua luta contra a s\u00edndrome de Cushing, um dist\u00farbio hormonal que ela revelou ter sido diagnosticada. Desde ent\u00e3o, ela tem compartilhado not\u00edcias positivas com seus f\u00e3s, explicando que mudan\u00e7as no estilo de vida e o tratamento a ajudaram a se sentir mais saud\u00e1vel e forte.<\/p>\n<p> \u00ab&quot;Tomei inje\u00e7\u00f5es de esteroides e, como resultado, desenvolvi a s\u00edndrome de Cushing \u2014 eu n\u00e3o teria descoberto isso se a internet n\u00e3o tivesse me criticado tanto&quot;, disse ela no podcast. <em>Chame-a de papai<\/em> .<\/p>\n<p> \u00ab&quot;Descobri que tinha essa condi\u00e7\u00e3o, chamada &#039;rosto de lua&#039;, e estava filmando um filme \u2014 e a c\u00e2mera estava apontada diretamente para o meu rosto, e eu pensei: &#039;Meu Deus!&#039;. Eu estava muito nervosa antes de come\u00e7ar a filmar.&quot;.<\/p>\n<p> Ela tamb\u00e9m disse que os m\u00e9dicos optaram pelo medicamento Munjaro e pela terapia de reposi\u00e7\u00e3o hormonal. &quot;Meu cabelo est\u00e1 mais grosso, minha pele melhorou, tenho mais energia... Ent\u00e3o, est\u00e1 \u00f3timo, e o Munjaro tamb\u00e9m est\u00e1 ajudando muito&quot;, disse ela em um v\u00eddeo nas redes sociais.<\/p>\n<p> \u00ab&quot;E olha, n\u00e3o \u00e9 coberto pelo seguro, a menos que voc\u00ea tenha diabetes ou, digamos, obesidade m\u00f3rbida, como a maioria das pessoas na internet parece pensar que eu tenho&quot;, brincou ela. &quot;Mas tive uma experi\u00eancia muito boa com isso e queria dar um relato honesto para voc\u00eas.&quot;.<\/p>","protected":false},"excerpt":{"rendered":"<p>Amy Schumer comemorou seu 45\u00ba anivers\u00e1rio em grande estilo. A comediante e atriz compartilhou uma s\u00e9rie de fotos espont\u00e2neas de um encontro recente com amigos, mostrando aos f\u00e3s alguns momentos da celebra\u00e7\u00e3o.<\/p>","protected":false},"author":1,"featured_media":16638,"comment_status":"open","ping_status":"closed","sticky":false,"template":"","format":"standard","meta":{"footnotes":""},"categories":[5],"tags":[],"class_list":["post-16637","post","type-post","status-publish","format-standard","has-post-thumbnail","hentry","category-selebriti","hvn-theme-has-thumbnail"],"_links":{"self":[{"href":"https:\/\/imgist.ru\/pt\/wp-json\/wp\/v2\/posts\/16637","targetHints":{"allow":["GET"]}}],"collection":[{"href":"https:\/\/imgist.ru\/pt\/wp-json\/wp\/v2\/posts"}],"about":[{"href":"https:\/\/imgist.ru\/pt\/wp-json\/wp\/v2\/types\/post"}],"author":[{"embeddable":true,"href":"https:\/\/imgist.ru\/pt\/wp-json\/wp\/v2\/users\/1"}],"replies":[{"embeddable":true,"href":"https:\/\/imgist.ru\/pt\/wp-json\/wp\/v2\/comments?post=16637"}],"version-history":[{"count":4,"href":"https:\/\/imgist.ru\/pt\/wp-json\/wp\/v2\/posts\/16637\/revisions"}],"predecessor-version":[{"id":159945,"href":"https:\/\/imgist.ru\/pt\/wp-json\/wp\/v2\/posts\/16637\/revisions\/159945"}],"wp:featuredmedia":[{"embeddable":true,"href":"https:\/\/imgist.ru\/pt\/wp-json\/wp\/v2\/media\/16638"}],"wp:attachment":[{"href":"https:\/\/imgist.ru\/pt\/wp-json\/wp\/v2\/media?parent=16637"}],"wp:term":[{"taxonomy":"category","embeddable":true,"href":"https:\/\/imgist.ru\/pt\/wp-json\/wp\/v2\/categories?post=16637"},{"taxonomy":"post_tag","embeddable":true,"href":"https:\/\/imgist.ru\/pt\/wp-json\/wp\/v2\/tags?post=16637"}],"curies":[{"name":"wp","href":"https:\/\/api.w.org\/{rel}","templated":true}]}}