{"id":16922,"date":"2026-06-07T18:19:15","date_gmt":"2026-06-07T15:19:15","guid":{"rendered":"https:\/\/imgist.ru\/reakcziya-na-detskie-fotografii-dzhenni-mollen-byvshaya-devushka-dzhejsona-biggsa-zashhishhaet-svoyu-publikacziyu-v-instagram\/"},"modified":"2026-08-29T12:18:47","modified_gmt":"2026-08-29T09:18:47","slug":"reacao-as-fotos-de-infancia-de-jenny-mollen-ex-namorada-de-jason-biggs-encerra-publicacao-no-instagram","status":"publish","type":"post","link":"https:\/\/imgist.ru\/pt\/reakcziya-na-detskie-fotografii-dzhenni-mollen-byvshaya-devushka-dzhejsona-biggsa-zashhishhaet-svoyu-publikacziyu-v-instagram\/","title":{"rendered":"Rea\u00e7\u00e3o \u00e0s fotos de inf\u00e2ncia de Jenny Mollen: ex-namorada de Jason Biggs defende sua publica\u00e7\u00e3o no Instagram."},"content":{"rendered":"<p>Jenny Mollen est\u00e1 se defendendo ap\u00f3s uma s\u00e9rie de fotos com seu filho de 12 anos gerar repercuss\u00e3o negativa online e levar usu\u00e1rios do Instagram a comentarem, acusando-a de apagar a legenda pol\u00eamica.<\/p>\n<p> A escritora e atriz separou-se recentemente de seu astro de cinema. <em>\u00abTorta Americana\u00bb<\/em> Ap\u00f3s 18 anos de casamento, Jason Biggs compartilhou fotos dela e de seu filho, Sid, deitados lado a lado em uma cama. Alguns seguidores interpretaram as fotos como um momento tocante entre m\u00e3e e filho, enquanto outros questionaram a adequa\u00e7\u00e3o de sua publica\u00e7\u00e3o.<\/p>\n<p> LOJA COMPLETA: Compre suas marcas favoritas a qualquer hora, em qualquer lugar. Descubra as novidades. Compre. Colecione. Aproveite.<\/p>\n<p> A controv\u00e9rsia aumentou quando a mensagem de um usu\u00e1rio apareceu junto com a publica\u00e7\u00e3o no Instagram. A mensagem alegava que Mollen havia apagado uma legenda anterior que dizia: &quot;Seu filho mais velho ser\u00e1 o cara mais t\u00f3xico com quem voc\u00ea j\u00e1 namorou&quot;. A mensagem tamb\u00e9m afirmava que a frase original levantava preocupa\u00e7\u00f5es sobre como Mollen descrevia seu relacionamento com o filho. A legenda foi removida desde ent\u00e3o. <\/p>\n<p> Foto: Jenny Mollen\/Instagram<\/p>\n<p> Mollen respondeu \u00e0s cr\u00edticas posteriormente no Instagram Stories, sugerindo que o escrut\u00ednio poderia estar relacionado \u00e0 sua recente separa\u00e7\u00e3o de Biggs.<\/p>\n<p> \u00ab&quot;Por estar me separando do meu marido, porque a institui\u00e7\u00e3o do casamento n\u00e3o me protege, de repente estou sendo alvo de cr\u00edticas nas minhas postagens&quot;, disse Molen. &quot;\u00c9 absolutamente chocante. Uma foto minha abra\u00e7ando meu filho de 12 anos est\u00e1 sendo ridicularizada.&quot;.<\/p>\n<p> Ela tamb\u00e9m defendeu seu relacionamento com o filho, alegando que os cr\u00edticos n\u00e3o entenderiam o v\u00ednculo a menos que eles pr\u00f3prios tivessem vivenciado rela\u00e7\u00f5es semelhantes entre pais e filhos. A cunhada de Mollen a apoiou publicamente, argumentando que demonstra\u00e7\u00f5es de afeto entre pais e filhos s\u00e3o normais e que esses momentos se tornam menos frequentes \u00e0 medida que as crian\u00e7as crescem.<\/p>\n<p> O debate tamb\u00e9m atraiu a aten\u00e7\u00e3o de especialistas em educa\u00e7\u00e3o parental. A m\u00e9dica de fam\u00edlia e especialista em parentalidade, Dra. Deborah Gilboa, disse ao TODAY.com que n\u00e3o h\u00e1 nada inerentemente prejudicial em pais abra\u00e7arem, acariciarem ou demonstrarem afeto f\u00edsico aos seus filhos.<\/p>\n<p> No entanto, ela argumentou que a quest\u00e3o mais s\u00e9ria era a decis\u00e3o de publicar esses momentos para visualiza\u00e7\u00e3o p\u00fablica.<\/p>\n<p> Gilboa observou que uma \u00fanica imagem raramente \u00e9 suficiente para avaliar com precis\u00e3o os relacionamentos familiares, mas disse que os pais devem considerar como os filhos podem ver essas postagens anos depois.<\/p>\n<p> O esc\u00e2ndalo estourou poucas semanas depois de Molen e Biggs anunciarem a separa\u00e7\u00e3o, ap\u00f3s quase duas d\u00e9cadas juntos. Apesar da separa\u00e7\u00e3o, os representantes do casal afirmaram que eles continuam em &quot;\u00f3timos termos&quot; e est\u00e3o focados na cria\u00e7\u00e3o conjunta dos filhos, Sid e Lazlo.<\/p>\n<h3> Not\u00edcias relacionadas <\/h3>\n<p> A atriz Shannon Elizabeth, estrela de American Pie, teria faturado US$ 1,2 milh\u00e3o em sete dias. Shannon Elizabeth afirma que o videoclipe de &quot;American Pie&quot;, dirigido por Antoine Fuqua nos anos 90, foi o que a tornou famosa. David Geffen e David Armstrong finalizaram o div\u00f3rcio ap\u00f3s meses de batalha judicial.<\/p>\n<h2> Not\u00edcias relacionadas<\/h2>\n<p> A filha de Martin Scorsese, Francesca, reagiu com veem\u00eancia ao \u00f3dio contra crian\u00e7as nascidas sob acordos pr\u00e9-nupciais e ao bullying contra pessoas com sobrepeso.<\/p>\n<p> Segundo informa\u00e7\u00f5es, Sadie Soverall foi escalada para o filme er\u00f3tico de mist\u00e9rio e ocultismo estrelado por Selena Gomez.<\/p>\n<p> LOJA COMPLETA: Compre suas marcas favoritas a qualquer hora, em qualquer lugar. Descubra as novidades. Compre. Colecione. Aproveite.<\/p>\n<p> Damos vida \u00e0 cultura. Aqui voc\u00ea encontra as \u00faltimas not\u00edcias do mundo do entretenimento, al\u00e9m do melhor conte\u00fado sobre m\u00fasica, cultura pop, t\u00eanis, estilo e s\u00e9ries originais.<\/p>","protected":false},"excerpt":{"rendered":"<p>Jenny Mollen est\u00e1 se defendendo ap\u00f3s uma s\u00e9rie de fotos com seu filho de 12 anos gerar repercuss\u00e3o negativa online e levar usu\u00e1rios do Instagram a deixarem coment\u00e1rios acusando-a de\u2026<\/p>","protected":false},"author":1,"featured_media":0,"comment_status":"open","ping_status":"closed","sticky":false,"template":"","format":"standard","meta":{"footnotes":""},"categories":[5],"tags":[],"class_list":["post-16922","post","type-post","status-publish","format-standard","hentry","category-selebriti"],"_links":{"self":[{"href":"https:\/\/imgist.ru\/pt\/wp-json\/wp\/v2\/posts\/16922","targetHints":{"allow":["GET"]}}],"collection":[{"href":"https:\/\/imgist.ru\/pt\/wp-json\/wp\/v2\/posts"}],"about":[{"href":"https:\/\/imgist.ru\/pt\/wp-json\/wp\/v2\/types\/post"}],"author":[{"embeddable":true,"href":"https:\/\/imgist.ru\/pt\/wp-json\/wp\/v2\/users\/1"}],"replies":[{"embeddable":true,"href":"https:\/\/imgist.ru\/pt\/wp-json\/wp\/v2\/comments?post=16922"}],"version-history":[{"count":4,"href":"https:\/\/imgist.ru\/pt\/wp-json\/wp\/v2\/posts\/16922\/revisions"}],"predecessor-version":[{"id":160382,"href":"https:\/\/imgist.ru\/pt\/wp-json\/wp\/v2\/posts\/16922\/revisions\/160382"}],"wp:attachment":[{"href":"https:\/\/imgist.ru\/pt\/wp-json\/wp\/v2\/media?parent=16922"}],"wp:term":[{"taxonomy":"category","embeddable":true,"href":"https:\/\/imgist.ru\/pt\/wp-json\/wp\/v2\/categories?post=16922"},{"taxonomy":"post_tag","embeddable":true,"href":"https:\/\/imgist.ru\/pt\/wp-json\/wp\/v2\/tags?post=16922"}],"curies":[{"name":"wp","href":"https:\/\/api.w.org\/{rel}","templated":true}]}}