{"id":17032,"date":"2026-06-07T20:06:14","date_gmt":"2026-06-07T17:06:14","guid":{"rendered":"https:\/\/imgist.ru\/legendarnaya-goticheskaya-rok-gruppa-70-h-the-cure-vpervye-s-2016-goda-ispolnila-pesnyu-mint-car\/"},"modified":"2026-06-07T20:06:14","modified_gmt":"2026-06-07T17:06:14","slug":"a-lendaria-banda-de-rock-gotico-dos-anos-70-the-cure-apresentou-a-musica-mint-car-pela-primeira-vez-desde-2016","status":"publish","type":"post","link":"https:\/\/imgist.ru\/pt\/legendarnaya-goticheskaya-rok-gruppa-70-h-the-cure-vpervye-s-2016-goda-ispolnila-pesnyu-mint-car\/","title":{"rendered":"A lend\u00e1ria banda de rock g\u00f3tico dos anos 70, The Cure, apresentou a m\u00fasica &quot;Mint Car&quot; pela primeira vez desde 2016."},"content":{"rendered":"<p>O The Cure fez hist\u00f3ria neste fim de semana ao apresentar um dos maiores sucessos dos f\u00e3s durante sua apresenta\u00e7\u00e3o como atra\u00e7\u00e3o principal no Festival Primavera Sound, em Barcelona.<\/p>\n<p> Ao subirem ao palco no dia 5 de junho, a banda brit\u00e2nica de rock g\u00f3tico surpreendeu os f\u00e3s com uma apresenta\u00e7\u00e3o de &quot;Mint Car&quot;, m\u00fasica que n\u00e3o tocavam desde 2016, encerrando um hiato de dez anos sem executar a faixa pouco conhecida.<\/p>\n<p> O retorno de &quot;Mint Car&quot; foi um presente inesperado para os f\u00e3s, um dos pontos altos do repert\u00f3rio de 29 m\u00fasicas da banda de rock, que incluiu sucessos de seus 50 anos de carreira. Eles abriram o show com &quot;Alone&quot;, de 2024, e fecharam com &quot;Boys Don&#039;t Cry&quot;, de 1979. Essa apresenta\u00e7\u00e3o, que deu in\u00edcio a uma longa turn\u00ea europeia, tamb\u00e9m marcou o retorno do sexteto aos palcos desde 2024.<\/p>\n<p> A m\u00fasica &quot;Mint Car&quot; foi lan\u00e7ada originalmente no \u00e1lbum <em>Mudan\u00e7as bruscas de humor<\/em> , o d\u00e9cimo \u00e1lbum de est\u00fadio da banda, lan\u00e7ado em 1996. Na \u00e9poca do lan\u00e7amento, a faixa alcan\u00e7ou o 31\u00ba lugar na parada de singles do Reino Unido e o 58\u00ba lugar na parada geral. <em>Parada da Billboard<\/em> Hot 100.<\/p>\n<p> Em outro ponto do festival, durante uma apresenta\u00e7\u00e3o surpresa, <strong>Olivia Rodrigo<\/strong> anunciou sua primeira colabora\u00e7\u00e3o consigo mesmo <strong>Robert Smith<\/strong> . Os m\u00fasicos apresentaram sua nova m\u00fasica &quot;What&#039;s Wrong With Me&quot;, que ser\u00e1 inclu\u00edda no pr\u00f3ximo \u00e1lbum de Rodrigo.\u00ab <em>Voc\u00ea parece bem triste para uma garota t\u00e3o apaixonada.\u00bb<\/em> , que tem estreia prevista para 12 de junho.<\/p>\n<p> \u00ab&quot;Essa m\u00fasica \u00e9 muito especial para mim por v\u00e1rios motivos... primeiro, porque \u00e9 minha primeira colabora\u00e7\u00e3o&quot;, disse a cantora de &quot;Bad Idea Right?&quot; para a plateia. &quot;N\u00e3o consigo acreditar que essa m\u00fasica existe e que foi feita com essa pessoa.&quot;.<\/p>\n<p> O dueto no Primavera Sound Festival n\u00e3o foi a primeira vez que essa dupla improv\u00e1vel se uniu para uma apresenta\u00e7\u00e3o ao vivo. Durante sua apresenta\u00e7\u00e3o como atra\u00e7\u00e3o principal em Glastonbury, em 2025, Rodrigo convidou Smith para se juntar a ela no palco para cantar &quot;Just Like Heaven&quot; e &quot;Friday I&#039;m In Love&quot;.<\/p>\n<p> <strong>Veja tamb\u00e9m: O cl\u00e1ssico de 1972, com mais de 23 minutos de dura\u00e7\u00e3o, continua sendo um dos hinos mais amados do rock progressivo 54 anos depois.<\/strong><\/p>\n<p> Este artigo foi originalmente publicado pela Parade em 7 de junho de 2026, na se\u00e7\u00e3o Not\u00edcias. Adicione a Parade \u00e0 sua lista de fontes recomendadas clicando aqui.<\/p>","protected":false},"excerpt":{"rendered":"<p>O The Cure fez hist\u00f3ria neste fim de semana ao apresentar um dos maiores sucessos dos f\u00e3s durante sua apresenta\u00e7\u00e3o como atra\u00e7\u00e3o principal no festival Primavera Sound, em Barcelona. A apresenta\u00e7\u00e3o aconteceu em\u2026<\/p>","protected":false},"author":1,"featured_media":17033,"comment_status":"open","ping_status":"closed","sticky":false,"template":"","format":"standard","meta":{"footnotes":""},"categories":[7],"tags":[],"class_list":["post-17032","post","type-post","status-publish","format-standard","has-post-thumbnail","hentry","category-muzyka","hvn-theme-has-thumbnail"],"_links":{"self":[{"href":"https:\/\/imgist.ru\/pt\/wp-json\/wp\/v2\/posts\/17032","targetHints":{"allow":["GET"]}}],"collection":[{"href":"https:\/\/imgist.ru\/pt\/wp-json\/wp\/v2\/posts"}],"about":[{"href":"https:\/\/imgist.ru\/pt\/wp-json\/wp\/v2\/types\/post"}],"author":[{"embeddable":true,"href":"https:\/\/imgist.ru\/pt\/wp-json\/wp\/v2\/users\/1"}],"replies":[{"embeddable":true,"href":"https:\/\/imgist.ru\/pt\/wp-json\/wp\/v2\/comments?post=17032"}],"version-history":[{"count":0,"href":"https:\/\/imgist.ru\/pt\/wp-json\/wp\/v2\/posts\/17032\/revisions"}],"wp:featuredmedia":[{"embeddable":true,"href":"https:\/\/imgist.ru\/pt\/wp-json\/wp\/v2\/media\/17033"}],"wp:attachment":[{"href":"https:\/\/imgist.ru\/pt\/wp-json\/wp\/v2\/media?parent=17032"}],"wp:term":[{"taxonomy":"category","embeddable":true,"href":"https:\/\/imgist.ru\/pt\/wp-json\/wp\/v2\/categories?post=17032"},{"taxonomy":"post_tag","embeddable":true,"href":"https:\/\/imgist.ru\/pt\/wp-json\/wp\/v2\/tags?post=17032"}],"curies":[{"name":"wp","href":"https:\/\/api.w.org\/{rel}","templated":true}]}}