{"id":17046,"date":"2026-06-07T20:10:43","date_gmt":"2026-06-07T17:10:43","guid":{"rendered":"https:\/\/imgist.ru\/v-vyrezannoj-sczene-iz-vtoroj-fazy-kinovselennoj-marvel-poyavilsya-geroj-kotoryj-do-sih-por-ne-debyutiroval-v-mcu\/"},"modified":"2026-08-29T12:18:59","modified_gmt":"2026-08-29T09:18:59","slug":"uma-cena-deletada-da-fase-2-do-universo-cinematografico-marvel-apresentava-um-heroi-que-nunca-havia-estreado-no-mcu","status":"publish","type":"post","link":"https:\/\/imgist.ru\/pt\/v-vyrezannoj-sczene-iz-vtoroj-fazy-kinovselennoj-marvel-poyavilsya-geroj-kotoryj-do-sih-por-ne-debyutiroval-v-mcu\/","title":{"rendered":"Uma cena deletada da Fase 2 do Universo Cinematogr\u00e1fico Marvel apresentava um personagem que ainda n\u00e3o havia feito sua estreia no MCU."},"content":{"rendered":"<p>A inf\u00e2ncia do Universo Cinematogr\u00e1fico Marvel foi um per\u00edodo turbulento. Os dois primeiros filmes da franquia, Homem de Ferro, de Jon Favreau, e O Incr\u00edvel Hulk, de Louis Leterrier (ambos de 2008), foram lan\u00e7ados pela Paramount e pela Universal, respectivamente. A Disney adquiriu a Marvel somente em 2009, ap\u00f3s o que um plano claro para um Universo Cinematogr\u00e1fico Marvel interconectado foi desenvolvido.<\/p>\n<p> Ap\u00f3s a sequ\u00eancia de Favreau, Homem de Ferro 2, de 2010, o primeiro teste real da viabilidade do Universo Cinematogr\u00e1fico Marvel veio com o filme Thor, de Kenneth Branagh, em 2011, um filme estranho, muito estranho, ambientado em um planeta distante que se parece com a Asgard n\u00f3rdica, o para\u00edso na mitologia n\u00f3rdica. Thor (Chris Hemsworth) tamb\u00e9m \u00e9 um alien\u00edgena poderoso e m\u00e1gico que se parece e age como o deus n\u00f3rdico do trov\u00e3o. Existe, na verdade, uma explica\u00e7\u00e3o clara para o fato desses alien\u00edgenas agirem como divindades n\u00f3rdicas, mas \u00e9 um conceito bizarro que remonta aos quadrinhos da Marvel da d\u00e9cada de 1960.<\/p>\n<p> Loki (Tom Hiddleston), o irm\u00e3o adotivo de Thor e deus da trapa\u00e7a, causa estragos na vida de Thor, cobi\u00e7ando h\u00e1 muito tempo o trono anteriormente ocupado por seu pai e pelo pai de Thor, o poderoso Odin (Anthony Hopkins). O filme de Branagh foi um enorme sucesso, e o Universo Cinematogr\u00e1fico Marvel continuou conforme planejado, com Alan Taylor dirigindo a sequ\u00eancia em 2013, Thor: O Mundo Sombrio. A complexa rela\u00e7\u00e3o entre Thor e Loki \u00e9 uma parte crucial do filme, e talvez seja por isso que tantas pessoas se identificam com um personagem t\u00e3o peculiar quanto Thor.<\/p>\n<p> Mas esses la\u00e7os familiares eram ainda mais complexos. Charlie Wen, ex-chefe de desenvolvimento visual da Marvel, certa vez publicou seus esbo\u00e7os de Balder, o Valente, no Instagram., <em>outro<\/em> Irm\u00e3o de Thor, em O Mundo Sombrio, antes do personagem ser descartado. Curiosamente, Balder ainda n\u00e3o fez sua estreia no Universo Cinematogr\u00e1fico da Marvel.<\/p>\n<p> Leia tamb\u00e9m: David Lynch levou 50 anos para criar sua obra-prima mais estranha.<\/p>\n<h2> O outro irm\u00e3o de Thor, Balder, o Bravo, ainda n\u00e3o se juntou ao Universo Cinematogr\u00e1fico da Marvel. <\/h2>\n<p> Balder, o Valente, usando um tapa-olho e um casaco de pele, aparece nos quadrinhos da Marvel.<\/p>\n<p> A vers\u00e3o da Marvel do Thor apareceu pela primeira vez em Journey into Mystery #83, em 1962, j\u00e1 empunhando seu poderoso martelo. As hist\u00f3rias em quadrinhos do Thor se inspiraram bastante na mitologia n\u00f3rdica, mantendo muitos dos nomes e rela\u00e7\u00f5es entre as divindades, enquanto reformulavam a maioria dos personagens para hist\u00f3rias de super-her\u00f3is mais simples. Mais importante ainda, isso deu aos chef\u00f5es da Marvel, Stan Lee e Jack Kirby, acesso a quaisquer personagens n\u00f3rdicos que desejassem.<\/p>\n<p> Assim, duas edi\u00e7\u00f5es depois, Lee e Kirby apresentaram Balder, o Valente, meio-irm\u00e3o de Thor. Balder nunca foi mais do que um personagem secund\u00e1rio nos quadrinhos do Thor, e a maioria de suas hist\u00f3rias geralmente envolve personagens de Asgard ou outras divindades do universo Marvel. Ao mesmo tempo, Balder ocasionalmente interage com personagens da Marvel, como o Capit\u00e3o Am\u00e9rica, e at\u00e9 ganhou sua pr\u00f3pria miniss\u00e9rie de quatro edi\u00e7\u00f5es em 1986.<\/p>\n<p> Baldr \u00e9 baseado em Balder, o deus n\u00f3rdico da luz e da trag\u00e9dia. Segundo os mitos antigos, Baldr fez jus ao seu nome e foi indiretamente morto por seu odiado irm\u00e3o Loki. Foi sua morte que desencadeou o Ragnarok e a queda dos deuses.<\/p>\n<p> Charlie Wen, al\u00e9m de publicar o esbo\u00e7o em seu Instagram, tamb\u00e9m postou outro no LinkedIn, que mostra o rosto de Balder com mais clareza. Como sugere a legenda do artista, esses esbo\u00e7os foram feitos para Thor: O Mundo Sombrio. No entanto, Balder n\u00e3o aparece no filme e, novamente, ainda n\u00e3o h\u00e1 informa\u00e7\u00f5es sobre se ele aparecer\u00e1 algum dia no Universo Cinematogr\u00e1fico da Marvel. Balder certamente teria complicado ainda mais a rela\u00e7\u00e3o entre Thor e Loki naquele filme, sendo mais jovem que Thor, mas mais velho que Loki.<\/p>\n<h2> Balder j\u00e1 apareceu em filmes da Marvel fora do Universo Cinematogr\u00e1fico Marvel. <\/h2>\n<p> Balder, o Valente, usando seu capacete em MODOK \u2014 Marvel Studios<\/p>\n<p> \u00c9 claro que a Marvel tem um elenco enorme de personagens, e provavelmente \u00e9 s\u00f3 uma quest\u00e3o de tempo at\u00e9 vermos todos eles na tela de alguma forma. Ali\u00e1s, embora Balder n\u00e3o tenha aparecido em Thor: O Mundo Sombrio, ele j\u00e1 havia participado da aclamada s\u00e9rie animada da Marvel, MODOK, que tecnicamente n\u00e3o faz parte do Universo Cinematogr\u00e1fico Marvel.<\/p>\n<p> \u00abMODOK \u00e9 uma s\u00e9rie de com\u00e9dia que reimagina um dos personagens mais exc\u00eantricos da Marvel \u2014 MODOK, uma cabe\u00e7a gigante e vilanesca com membros min\u00fasculos \u2014 como um pai c\u00ednico de sitcom. Criada por Patton Oswalt, que tamb\u00e9m estrela a s\u00e9rie, ela explora o que aconteceria com um personagem estranho e maligno como MODOK se ele fosse demitido de sua empresa na meia-idade, ficasse sem dinheiro e tivesse que lutar para reconquistar o respeito de sua fam\u00edlia. Oswalt queria incluir algumas participa\u00e7\u00f5es especiais engra\u00e7adas dos quadrinhos da Marvel, e Balder aparece no sexto epis\u00f3dio, intitulado &quot;Hist\u00f3rias da Grande Guerra do Bar Mitzv\u00e1!&quot;. Ele \u00e9 dublado pelo veterano dublador Trevor Devall, que tamb\u00e9m deu voz a personagens em Homem-Aranha e Seus Amigos Incr\u00edveis, v\u00e1rios projetos LEGO Marvel e at\u00e9 mesmo Crazy Madness, uma das s\u00e9ries cada vez mais populares sobre os amados objetos da Gera\u00e7\u00e3o Alfa. A carreira de Devall \u00e9 extensa e repleta de acontecimentos.<\/p>\n<p> Quanto ao Universo Cinematogr\u00e1fico da Marvel, a franquia j\u00e1 n\u00e3o possui o impacto cultural que tinha h\u00e1 sete ou oito anos, pelo que o seu futuro permanece um tanto incerto. Portanto, s\u00f3 nos resta especular se um personagem t\u00e3o obscuro como Balder, o Valente, algum dia ser\u00e1 inclu\u00eddo na sua narrativa. S\u00f3 o tempo dir\u00e1.<\/p>\n<p> Se voc\u00ea busca a maneira mais f\u00e1cil de se manter atualizado sobre as principais not\u00edcias de cinema e TV, que tal assinar nossa newsletter gratuita? Voc\u00ea tamb\u00e9m pode nos adicionar \u00e0 sua lista de fontes de pesquisa preferidas no Google.<\/p>\n<p> Leia o artigo original no SlashFilm.<\/p>","protected":false},"excerpt":{"rendered":"<p>Os primeiros anos do Universo Cinematogr\u00e1fico Marvel foram desafiadores. Os dois primeiros filmes da franquia, Homem de Ferro, de Jon Favreau, e O Incr\u00edvel Hulk, de Louis Leterrier (ambos de 2008),\u2026<\/p>","protected":false},"author":1,"featured_media":17047,"comment_status":"open","ping_status":"closed","sticky":false,"template":"","format":"standard","meta":{"footnotes":""},"categories":[6],"tags":[],"class_list":["post-17046","post","type-post","status-publish","format-standard","has-post-thumbnail","hentry","category-kinoindustriya","hvn-theme-has-thumbnail"],"_links":{"self":[{"href":"https:\/\/imgist.ru\/pt\/wp-json\/wp\/v2\/posts\/17046","targetHints":{"allow":["GET"]}}],"collection":[{"href":"https:\/\/imgist.ru\/pt\/wp-json\/wp\/v2\/posts"}],"about":[{"href":"https:\/\/imgist.ru\/pt\/wp-json\/wp\/v2\/types\/post"}],"author":[{"embeddable":true,"href":"https:\/\/imgist.ru\/pt\/wp-json\/wp\/v2\/users\/1"}],"replies":[{"embeddable":true,"href":"https:\/\/imgist.ru\/pt\/wp-json\/wp\/v2\/comments?post=17046"}],"version-history":[{"count":2,"href":"https:\/\/imgist.ru\/pt\/wp-json\/wp\/v2\/posts\/17046\/revisions"}],"predecessor-version":[{"id":160517,"href":"https:\/\/imgist.ru\/pt\/wp-json\/wp\/v2\/posts\/17046\/revisions\/160517"}],"wp:featuredmedia":[{"embeddable":true,"href":"https:\/\/imgist.ru\/pt\/wp-json\/wp\/v2\/media\/17047"}],"wp:attachment":[{"href":"https:\/\/imgist.ru\/pt\/wp-json\/wp\/v2\/media?parent=17046"}],"wp:term":[{"taxonomy":"category","embeddable":true,"href":"https:\/\/imgist.ru\/pt\/wp-json\/wp\/v2\/categories?post=17046"},{"taxonomy":"post_tag","embeddable":true,"href":"https:\/\/imgist.ru\/pt\/wp-json\/wp\/v2\/tags?post=17046"}],"curies":[{"name":"wp","href":"https:\/\/api.w.org\/{rel}","templated":true}]}}