{"id":17157,"date":"2026-06-07T21:22:24","date_gmt":"2026-06-07T18:22:24","guid":{"rendered":"https:\/\/imgist.ru\/goldi-houn-i-kurt-rassel-redko-poyavlyayutsya-na-publike-chtoby-otprazdnovat-okonchanie-srednej-shkoly-svoim-vnukom-uajlderom\/"},"modified":"2026-08-29T12:19:15","modified_gmt":"2026-08-29T09:19:15","slug":"goldilocks-hawn-e-kurt-russell-fazem-raras-aparicoes-publicas-para-celebrar-a-formatura-do-ensino-medio-de-seu-neto-wilder","status":"publish","type":"post","link":"https:\/\/imgist.ru\/pt\/goldi-houn-i-kurt-rassel-redko-poyavlyayutsya-na-publike-chtoby-otprazdnovat-okonchanie-srednej-shkoly-svoim-vnukom-uajlderom\/","title":{"rendered":"Goldie Hawn e Kurt Russell fizeram uma rara apari\u00e7\u00e3o p\u00fablica para celebrar a formatura do ensino m\u00e9dio de seu neto, Wilder."},"content":{"rendered":"<h3>A ess\u00eancia<\/h3>\n<ul>\n<li>\n<p> Goldie Hawn e Kurt Russell comemoraram a formatura de seu neto, Wilder.<\/p>\n<\/li>\n<li>\n<p> Na cerim\u00f4nia, eles posaram com suas fam\u00edlias para lindas fotos.<\/p>\n<\/li>\n<li>\n<p> Wilder \u00e9 o filho mais velho de Oliver Hudson, filho de Hawn.<\/p>\n<\/li>\n<\/ul>\n<p> Goldie Hawn e Kurt Russell fizeram uma rara apari\u00e7\u00e3o p\u00fablica juntos ap\u00f3s celebrarem a formatura do neto, Wilder, no ensino m\u00e9dio. O casal foi fotografado em uma s\u00e9rie de fotos compartilhadas pela m\u00e3e de Wilder, Erin Hudson. Em uma das fotos, os av\u00f3s orgulhosos aparecem de cada lado de Wilder, com os bra\u00e7os em volta dos ombros dele. Hawn usava um terno preto com detalhes florais vibrantes e sua franja caracter\u00edstica, enquanto Russell optou por um su\u00e9ter e cal\u00e7a pretos simples. Em outra foto, os av\u00f3s posam com Erin, Wilder e v\u00e1rios outros familiares. <\/p>\n<p> Kurt Russell e Goldie Hawn com seu neto Wilder em sua formatura. Foto: Erin Hudson\/Instagram<\/p>\n<p> \u00ab&quot;Quanto tempo! \ud83d\ude0f Ent\u00e3o, oficialmente temos um formando do ensino m\u00e9dio!!!&quot;, escreveu Erin na legenda da foto no Instagram. &quot;Para onde foi o tempo? Este cap\u00edtulo est\u00e1 se encerrando, mas estamos muito animados para o pr\u00f3ximo. Talvez n\u00e3o estejamos prontos, mas voc\u00ea com certeza est\u00e1!! Voc\u00ea nos deixa muito orgulhosos, Wilder... Te amo at\u00e9 a lua e de volta, ao infinito e al\u00e9m \ud83d\ude2d\ud83e\udda5\ud83e\udd73\ud83c\udf93\ud83c\udf7e\u2764\ufe0f&quot;\u00bb <\/p>\n<p> Goldie Hawn, Kurt Russell e sua fam\u00edlia comemoram a formatura do ensino m\u00e9dio do neto, Wilder. Foto: Erin Hudson\/Instagram<\/p>\n<p> Wilder faz parte da grande fam\u00edlia Hawn, composta por v\u00e1rios membros. Ele \u00e9 o filho mais velho de Oliver Hudson, filho de Hawn, e de sua esposa, Erin. Oliver e Erin tamb\u00e9m t\u00eam dois filhos: Bodhi e Rio.<\/p>\n<p> Hawn e a atriz Kate Hudson t\u00eam um filho, Oliver, com o ex-marido dela, Bill Hudson. Russell, que est\u00e1 com Hawn desde 1983, \u00e9 um padrasto carinhoso para os dois filhos dela. Hawn tamb\u00e9m \u00e9 madrasta de Boston, filho de Russell com Season Hubley. Por fim, Russell e Hawn t\u00eam um filho mais novo, Wyatt.<\/p>\n<p> Hawn e Russell compareceram recentemente \u00e0 formatura de outro neto, estando juntos na cerim\u00f4nia de formatura do filho de Kate, Ryder.<\/p>\n<p> Hawn tem muito orgulho da sua fam\u00edlia. &quot;O meu legado s\u00e3o os meus filhos&quot;, disse ela numa entrevista de 2025, segundo a publica\u00e7\u00e3o. <em>Pessoas<\/em> . Ela acrescentou: &quot;\u00c9 bom saber que eles s\u00e3o pessoas maravilhosas. E talentosas tamb\u00e9m.&quot;.<\/p>\n<p> Parece que seus netos tamb\u00e9m herdaram seu talento. Em particular, o rec\u00e9m-formado fez sua estreia no cinema ao lado de seu pai, Oliver, na com\u00e9dia rom\u00e2ntica da Netflix. <em>\u00ab&quot;Feliz Natalzinho&quot;\u00bb<\/em> . E, aparentemente, Oliver ficou maravilhado.<\/p>\n<p> \u00ab&quot;Eu estava sentado assistindo ao filme e, depois da primeira tomada, chorei pela primeira vez&quot;, disse ele, segundo... <em>Pessoas<\/em> . &quot;Porque eu n\u00e3o conseguia acreditar que era meu filho. Dei um passo para tr\u00e1s e pensei: &#039;Este \u00e9 meu filho, que est\u00e1 se saindo muito bem e que nunca fez nada parecido antes. Ele simplesmente se joga de cabe\u00e7a, e agora ele est\u00e1 no meu mundo, e eu estou muito orgulhoso dele.&#039;&quot;. <\/p>\n<p> Erin Hudson, Oliver Hudson e seus filhos. Foto: Erin Hudson\/Instagram<\/p>\n<p> Leia o artigo original na InStyle.<\/p>","protected":false},"excerpt":{"rendered":"<p>Goldie Hawn e Kurt Russell celebraram a formatura do neto, Wilder. Na cerim\u00f4nia, eles posaram para fotos ador\u00e1veis com suas fam\u00edlias. Wilder, o mais velho\u2026<\/p>","protected":false},"author":1,"featured_media":17158,"comment_status":"open","ping_status":"closed","sticky":false,"template":"","format":"standard","meta":{"footnotes":""},"categories":[5],"tags":[],"class_list":["post-17157","post","type-post","status-publish","format-standard","has-post-thumbnail","hentry","category-selebriti","hvn-theme-has-thumbnail"],"_links":{"self":[{"href":"https:\/\/imgist.ru\/pt\/wp-json\/wp\/v2\/posts\/17157","targetHints":{"allow":["GET"]}}],"collection":[{"href":"https:\/\/imgist.ru\/pt\/wp-json\/wp\/v2\/posts"}],"about":[{"href":"https:\/\/imgist.ru\/pt\/wp-json\/wp\/v2\/types\/post"}],"author":[{"embeddable":true,"href":"https:\/\/imgist.ru\/pt\/wp-json\/wp\/v2\/users\/1"}],"replies":[{"embeddable":true,"href":"https:\/\/imgist.ru\/pt\/wp-json\/wp\/v2\/comments?post=17157"}],"version-history":[{"count":3,"href":"https:\/\/imgist.ru\/pt\/wp-json\/wp\/v2\/posts\/17157\/revisions"}],"predecessor-version":[{"id":160625,"href":"https:\/\/imgist.ru\/pt\/wp-json\/wp\/v2\/posts\/17157\/revisions\/160625"}],"wp:featuredmedia":[{"embeddable":true,"href":"https:\/\/imgist.ru\/pt\/wp-json\/wp\/v2\/media\/17158"}],"wp:attachment":[{"href":"https:\/\/imgist.ru\/pt\/wp-json\/wp\/v2\/media?parent=17157"}],"wp:term":[{"taxonomy":"category","embeddable":true,"href":"https:\/\/imgist.ru\/pt\/wp-json\/wp\/v2\/categories?post=17157"},{"taxonomy":"post_tag","embeddable":true,"href":"https:\/\/imgist.ru\/pt\/wp-json\/wp\/v2\/tags?post=17157"}],"curies":[{"name":"wp","href":"https:\/\/api.w.org\/{rel}","templated":true}]}}