{"id":17320,"date":"2026-06-08T01:03:38","date_gmt":"2026-06-07T22:03:38","guid":{"rendered":"https:\/\/imgist.ru\/charli-put-otmenil-konczert-zayaviv-chto-byl-fizicheski-ne-v-sostoyanii-vystupat-iz-za-bolezni\/"},"modified":"2026-08-29T12:19:50","modified_gmt":"2026-08-29T09:19:50","slug":"charlie-put-cancelou-o-show-alegando-estar-fisicamente-impossibilitado-de-se-apresentar-devido-a-uma-doenca","status":"publish","type":"post","link":"https:\/\/imgist.ru\/pt\/charli-put-otmenil-konczert-zayaviv-chto-byl-fizicheski-ne-v-sostoyanii-vystupat-iz-za-bolezni\/","title":{"rendered":"Charlie Puth cancelou o show, alegando estar &quot;fisicamente impossibilitado de se apresentar&quot; devido a uma doen\u00e7a."},"content":{"rendered":"<h3>PRECISA SABER<\/h3>\n<ul>\n<li>\n<p> Charlie Puth cancelou seu show de 6 de junho em Orlando horas antes de subir ao palco, como parte da turn\u00ea Whatever&#039;s Clever!.<\/p>\n<\/li>\n<li>\n<p> \u00ab&quot;Estive doente nos \u00faltimos dias e agora me disseram para descansar ou corro o risco de ter que cancelar mais shows desta turn\u00ea&quot;, escreveu ele nas redes sociais.<\/p>\n<\/li>\n<li>\n<p> Mais tarde, os respons\u00e1veis pela Addition Financial Arena disseram que o show n\u00e3o seria remarcado.<\/p>\n<\/li>\n<\/ul>\n<p> Os f\u00e3s da Fl\u00f3rida ter\u00e3o que esperar um pouco mais para ver Charlie Puth em campo novamente.<\/p>\n<p> No s\u00e1bado, 6 de junho, o cantor e compositor de 34 anos anunciou o cancelamento de seu show em Orlando naquela noite devido a uma doen\u00e7a.<\/p>\n<p> \u00ab&quot;\u00c9 extremamente dif\u00edcil para mim, mas preciso cancelar o show de hoje \u00e0 noite&quot;, escreveu Puth em seus Stories do Instagram. &quot;Estive doente nos \u00faltimos dias e fui aconselhado a descansar ou corro o risco de cancelar mais shows desta turn\u00ea.&quot;.<\/p>\n<p> \u00ab&quot;Apresentar-me para voc\u00eas todas as noites significa tudo para mim, e voc\u00eas merecem o melhor&quot;, continuou ele. &quot;Estou com o cora\u00e7\u00e3o partido, mas fisicamente n\u00e3o consigo me apresentar. Sem a minha voz, n\u00e3o posso dar a voc\u00eas o show que merecem. Sinto muito, esta n\u00e3o foi uma decis\u00e3o f\u00e1cil, mas espero ver todos voc\u00eas em breve, quando eu estiver bem novamente.&quot;. <\/p>\n<p> Charlie Puth se apresenta na Carolina do Norte como parte de sua turn\u00ea Whatever&#039;s Clever! em 1\u00ba de junho de 2026. Foto: Jeff Hane\/Getty.<\/p>\n<p> Pouco tempo depois, a Addition Financial Arena esclareceu que o show da turn\u00ea Whatever&#039;s Clever! de Puth em Orlando n\u00e3o seria remarcado e orientou os portadores de ingressos para Orlando a solicitarem o reembolso no local da compra original.<\/p>\n<p> A artista, que j\u00e1 foi indicada quatro vezes ao Grammy, tem retorno aos palcos marcado para 9 de junho no Ascend Amphitheater, em Nashville.<\/p>\n<p> A doen\u00e7a do cantor de &quot;See You Again&quot; surge meses depois de ele ter revelado que estava vivendo uma vida mais aut\u00eantica, evitando o \u00e1lcool e parando de fingir ser algu\u00e9m que n\u00e3o \u00e9.<\/p>\n<p> <strong>N\u00e3o perca nenhuma novidade - inscreva-se!<\/strong> <strong>newsletter di\u00e1ria gratuita PEOPLE<\/strong> <strong>, Para ficar por dentro do melhor que a revista PEOPLE tem a oferecer, desde not\u00edcias sobre celebridades at\u00e9 hist\u00f3rias humanas inspiradoras.<\/strong> <\/p>\n<p> Charlie Puth se apresenta na cidade de Nova York como parte de sua turn\u00ea Whatever&#039;s Clever! em 29 de maio de 2026. Foto: Kevin Mazur\/Getty.<\/p>\n<p> \u00ab&quot;Eu n\u00e3o bebo nada&quot;, disse ele. <em>Revista Rolling Stone<\/em> Em janeiro. &quot;Acho que isso est\u00e1 afetando meu julgamento.&quot;.<\/p>\n<p> \u00ab&quot;\u00c9 dif\u00edcil descrever&quot;, continuou ele. &quot;Mas depois de anos rodeado pelas pessoas erradas e dizendo as coisas erradas, \u00e9 incr\u00edvel que tudo isso acabe de repente um dia, aos 30 anos, na cidade de Nova Iorque.&quot;.<\/p>\n<p> Dois meses depois, Puth e sua esposa, Brooke Sansone Puth, tiveram seu primeiro filho, um menino chamado Jude.<\/p>\n<p> \u00ab&quot;Oi Jude \ud83e\ude75 13\/03\/26&quot;, escreveu o casal no Instagram, junto com uma foto do beb\u00ea em um macac\u00e3o listrado azul e branco, enrolado em uma manta branca.<\/p>\n<p> Outras fotos mostram Puth segurando o filho, v\u00e1rias Polaroids do casal com o beb\u00ea no hospital e v\u00e1rios closes do nariz e da m\u00e3o de Jude.<\/p>\n<p> Leia o artigo original na revista People.<\/p>","protected":false},"excerpt":{"rendered":"<p>\u00c9 NECESS\u00c1RIO SABER: Charlie Puth cancelou seu show de 6 de junho em Orlando poucas horas antes de subir ao palco, como parte da turn\u00ea Whatever&#039;s Clever! &quot;Eu...<\/p>","protected":false},"author":1,"featured_media":17321,"comment_status":"open","ping_status":"closed","sticky":false,"template":"","format":"standard","meta":{"footnotes":""},"categories":[7],"tags":[],"class_list":["post-17320","post","type-post","status-publish","format-standard","has-post-thumbnail","hentry","category-muzyka","hvn-theme-has-thumbnail"],"_links":{"self":[{"href":"https:\/\/imgist.ru\/pt\/wp-json\/wp\/v2\/posts\/17320","targetHints":{"allow":["GET"]}}],"collection":[{"href":"https:\/\/imgist.ru\/pt\/wp-json\/wp\/v2\/posts"}],"about":[{"href":"https:\/\/imgist.ru\/pt\/wp-json\/wp\/v2\/types\/post"}],"author":[{"embeddable":true,"href":"https:\/\/imgist.ru\/pt\/wp-json\/wp\/v2\/users\/1"}],"replies":[{"embeddable":true,"href":"https:\/\/imgist.ru\/pt\/wp-json\/wp\/v2\/comments?post=17320"}],"version-history":[{"count":2,"href":"https:\/\/imgist.ru\/pt\/wp-json\/wp\/v2\/posts\/17320\/revisions"}],"predecessor-version":[{"id":160835,"href":"https:\/\/imgist.ru\/pt\/wp-json\/wp\/v2\/posts\/17320\/revisions\/160835"}],"wp:featuredmedia":[{"embeddable":true,"href":"https:\/\/imgist.ru\/pt\/wp-json\/wp\/v2\/media\/17321"}],"wp:attachment":[{"href":"https:\/\/imgist.ru\/pt\/wp-json\/wp\/v2\/media?parent=17320"}],"wp:term":[{"taxonomy":"category","embeddable":true,"href":"https:\/\/imgist.ru\/pt\/wp-json\/wp\/v2\/categories?post=17320"},{"taxonomy":"post_tag","embeddable":true,"href":"https:\/\/imgist.ru\/pt\/wp-json\/wp\/v2\/tags?post=17320"}],"curies":[{"name":"wp","href":"https:\/\/api.w.org\/{rel}","templated":true}]}}