{"id":17419,"date":"2026-06-08T02:19:24","date_gmt":"2026-06-07T23:19:24","guid":{"rendered":"https:\/\/imgist.ru\/hadson-uilyams-stolknulsya-s-kritikoj-posle-togo-kak-vsplyla-fotografiya-podrostka-na-kotoroj-u-nego-na-licze-narisovana-svastika\/"},"modified":"2026-06-08T02:19:24","modified_gmt":"2026-06-07T23:19:24","slug":"hadson-williams-foi-alvo-de-criticas-apos-a-divulgacao-de-uma-foto-de-um-adolescente-com-uma-suastica-desenhada-no-rosto","status":"publish","type":"post","link":"https:\/\/imgist.ru\/pt\/hadson-uilyams-stolknulsya-s-kritikoj-posle-togo-kak-vsplyla-fotografiya-podrostka-na-kotoroj-u-nego-na-licze-narisovana-svastika\/","title":{"rendered":"Hudson Williams foi alvo de cr\u00edticas ap\u00f3s a divulga\u00e7\u00e3o de uma foto do adolescente com uma su\u00e1stica pintada no rosto."},"content":{"rendered":"<p>Uma foto rec\u00e9m-divulgada do ator Hudson Williams, da s\u00e9rie de TV &quot;, na qual ele aparece adolescente.\u00ab <em>Uma rivalidade acirrada<\/em> \u00bb&quot;, o que causou uma onda de indigna\u00e7\u00e3o depois que os telespectadores notaram uma su\u00e1stica desenhada em seu rosto.<\/p>\n<p> A imagem circulou nas redes sociais durante o fim de semana, gerando debates sobre quando foi tirada, o que retrata e se Williams se pronunciar\u00e1 sobre o assunto. O TMZ noticiou que fontes pr\u00f3ximas ao ator afirmam que a foto data de seus tempos de col\u00e9gio em uma pequena cidade canadense e que Williams n\u00e3o sabia, na \u00e9poca, o que estava pintado em seu rosto.<\/p>\n<h2> A foto teria sido tirada durante um acampamento noturno de estudantes do ensino m\u00e9dio.<\/h2>\n<p> Segundo o TMZ, a imagem surgiu durante uma festa do pijama anual, na qual adolescentes bebiam, festejavam e desenhavam uns nos outros com canetinhas. Fontes pr\u00f3ximas a Williams disseram \u00e0 publica\u00e7\u00e3o que o s\u00edmbolo ofensivo foi desenhado por outros adolescentes embriagados no mesmo local.<\/p>\n<p> Essa explica\u00e7\u00e3o n\u00e3o diminui a gravidade da imagem. A su\u00e1stica \u00e9 um s\u00edmbolo nazista associado ao antissemitismo, ao \u00f3dio e ao genoc\u00eddio, portanto, mesmo uma foto antiga de uma festa de adolescentes pode evocar raiva e dor genu\u00ednas quando vem \u00e0 tona.<\/p>\n<h2> Fontes afirmam que o r\u00f3tulo n\u00e3o reflete suas cren\u00e7as.<\/h2>\n<p> O TMZ noticiou que um amigo de Williams afirmou que as marcas &quot;n\u00e3o refletem e nunca refletiram&quot; as cren\u00e7as, os valores ou o car\u00e1ter do ator.<\/p>\n<p> A publica\u00e7\u00e3o tamb\u00e9m informou que fontes pr\u00f3ximas a Williams consideraram o comportamento indesculp\u00e1vel e disseram que ele entendia a dor e a decep\u00e7\u00e3o causadas pela imagem.<\/p>\n<p> A explica\u00e7\u00e3o veio de fontes e de um amigo que falou com o TMZ, e n\u00e3o de uma declara\u00e7\u00e3o p\u00fablica emitida pelo pr\u00f3prio Williams. At\u00e9 o momento da verifica\u00e7\u00e3o para esta mat\u00e9ria, Williams ainda n\u00e3o havia divulgado uma declara\u00e7\u00e3o completa em seu nome.<\/p>\n<h2> A imagem foi amplamente divulgada antes que uma explica\u00e7\u00e3o fosse fornecida.<\/h2>\n<p> Antes de o TMZ publicar sua explica\u00e7\u00e3o baseada em fontes, o The Express Tribune noticiou que a foto estava sendo discutida no Reddit e em outras plataformas de m\u00eddia social. A publica\u00e7\u00e3o afirmou que os usu\u00e1rios questionavam o contexto, a autenticidade e o significado da imagem, e tamb\u00e9m observou que nenhuma verifica\u00e7\u00e3o independente da origem da foto havia sido publicada at\u00e9 ent\u00e3o.<\/p>\n<p> Essa incerteza inicial alimentou a controv\u00e9rsia. Alguns observadores se concentraram na gravidade do pr\u00f3prio s\u00edmbolo. Outros apontaram para as marcas de caneta ao redor e argumentaram que a imagem provavelmente foi feita em um contexto coletivo, onde outra pessoa poderia ter adicionado o desenho.<\/p>\n<h2> O esc\u00e2ndalo eclodiu em meio \u00e0 crescente popularidade de Williams.<\/h2>\n<p> Williams ficou mais conhecido gra\u00e7as \u00e0 s\u00e9rie de televis\u00e3o. <em>\u00abRivalidade acirrada\u00bb<\/em> , o que expandiu significativamente sua base de f\u00e3s online.<\/p>\n<p> Essa aten\u00e7\u00e3o levou a um escrut\u00ednio maior de fotos antigas, atividades nas redes sociais, rumores de f\u00e3s e comportamentos passados. O Just Jared observou que a imagem recentemente divulgada fazia parte de uma onda mais ampla de aten\u00e7\u00e3o online em torno de Williams e resumiu a reportagem do TMZ dizendo que fontes afirmam que o ator lamenta profundamente a dor causada pela foto e desaprova tal comportamento.<\/p>","protected":false},"excerpt":{"rendered":"<p>Uma foto recente do ator Hudson Williams, da s\u00e9rie de TV &quot;Heat Rivalry&quot;, quando ele era adolescente, causou indigna\u00e7\u00e3o ap\u00f3s espectadores notarem...<\/p>","protected":false},"author":1,"featured_media":17420,"comment_status":"open","ping_status":"closed","sticky":false,"template":"","format":"standard","meta":{"footnotes":""},"categories":[5],"tags":[],"class_list":["post-17419","post","type-post","status-publish","format-standard","has-post-thumbnail","hentry","category-selebriti","hvn-theme-has-thumbnail"],"_links":{"self":[{"href":"https:\/\/imgist.ru\/pt\/wp-json\/wp\/v2\/posts\/17419","targetHints":{"allow":["GET"]}}],"collection":[{"href":"https:\/\/imgist.ru\/pt\/wp-json\/wp\/v2\/posts"}],"about":[{"href":"https:\/\/imgist.ru\/pt\/wp-json\/wp\/v2\/types\/post"}],"author":[{"embeddable":true,"href":"https:\/\/imgist.ru\/pt\/wp-json\/wp\/v2\/users\/1"}],"replies":[{"embeddable":true,"href":"https:\/\/imgist.ru\/pt\/wp-json\/wp\/v2\/comments?post=17419"}],"version-history":[{"count":0,"href":"https:\/\/imgist.ru\/pt\/wp-json\/wp\/v2\/posts\/17419\/revisions"}],"wp:featuredmedia":[{"embeddable":true,"href":"https:\/\/imgist.ru\/pt\/wp-json\/wp\/v2\/media\/17420"}],"wp:attachment":[{"href":"https:\/\/imgist.ru\/pt\/wp-json\/wp\/v2\/media?parent=17419"}],"wp:term":[{"taxonomy":"category","embeddable":true,"href":"https:\/\/imgist.ru\/pt\/wp-json\/wp\/v2\/categories?post=17419"},{"taxonomy":"post_tag","embeddable":true,"href":"https:\/\/imgist.ru\/pt\/wp-json\/wp\/v2\/tags?post=17419"}],"curies":[{"name":"wp","href":"https:\/\/api.w.org\/{rel}","templated":true}]}}