{"id":17575,"date":"2026-06-09T22:04:28","date_gmt":"2026-06-09T19:04:28","guid":{"rendered":"http:\/\/imgist.ru\/keti-perri-predstavila-konczertnyj-albom-the-lifetimes-tour-live-from-paris-i-zayavila-chto-ochen-vlyublena-v-dzhastina-tryudo\/"},"modified":"2026-06-09T22:04:28","modified_gmt":"2026-06-09T19:04:28","slug":"katy-perry-apresentou-o-album-do-show-the-lifetimes-tour-live-from-paris-e-declarou-estar-muito-apaixonada-por-justin-trewdo","status":"publish","type":"post","link":"https:\/\/imgist.ru\/pt\/keti-perri-predstavila-konczertnyj-albom-the-lifetimes-tour-live-from-paris-i-zayavila-chto-ochen-vlyublena-v-dzhastina-tryudo\/","title":{"rendered":"Katy Perry lan\u00e7ou seu \u00e1lbum ao vivo &quot;The Lifetimes Tour - Live From Paris&quot; e declarou estar &quot;muito apaixonada&quot; por Justin Trudeau."},"content":{"rendered":"<p>Katy Perry teve uma noite inesquec\u00edvel em Nova York na segunda-feira, celebrando a estreia de seu novo document\u00e1rio.\u00ab <em>Katy Perry: The Lifetimes Tour \u2013 Ao Vivo de Paris&quot;\u00bb<\/em> no Festival de Tribeca.<\/p>\n<p> Em conversa com a publica\u00e7\u00e3o <em>The Hollywood Reporter<\/em> No tapete vermelho, Perry explicou como este projeto difere de <em>filme &quot;Katy Perry: Parte de Mim&quot;\u00ab<\/em> 2012, que ofereceu um olhar sincero sobre sua vida pessoal.<\/p>\n<p> <strong>Mais do The Hollywood Reporter<\/strong><\/p>\n<ul>\n<li>\n<p> Barack Obama surpreendeu a equipe do &quot;Dia da Revela\u00e7\u00e3o&quot;: &quot;Imagine ter o pior dia de trabalho e, de repente, Obama entra e assiste a tudo.&quot;.<\/p>\n<\/li>\n<li>\n<p> Cr\u00edtica do The Accompanist: Susan Sarandon e Aubrey Plaza na estreia de Zach Woods, brilhantemente interpretada, mas excessivamente sentimental.<\/p>\n<\/li>\n<li>\n<p> Cr\u00edtica de &#039;The Last Day&#039;: Alicia Vikander e Victoria Pedretti brilham em uma nova vers\u00e3o de &#039;Mrs. Dalloway&#039; que explora os desafios da maternidade moderna.<\/p>\n<\/li>\n<\/ul>\n<p> \u00ab&quot;N\u00e3o parece nada com um document\u00e1rio.&quot;\u00ab <em>&quot;Parte de mim&quot;\u00bb<\/em> . \u00bbEste \u00e9 um verdadeiro concerto para os meus f\u00e3s em todo o mundo\u00ab, disse ela. \u201cS\u00f3 estive em 91 lugares ao redor do mundo \u2014 ou at\u00e9 menos, porque tenho feito v\u00e1rios shows no mesmo lugar. Mas quero ir \u00e0 \u00cdndia, Filipinas, Indon\u00e9sia, outros pa\u00edses do Sudeste Asi\u00e1tico, \u00c1frica, todos esses lugares. N\u00e3o consegui organizar um show l\u00e1 antes por causa de dificuldades financeiras. E, fisicamente, tamb\u00e9m sou m\u00e3e. Ent\u00e3o, esta \u00e9 uma oportunidade para todos eles aproveitarem.\u201d <em>\u00abAs vidas<\/em> \u00bb\u00bb.<\/p>\n<p> Dirigido por Paul Dugdale, o longa-metragem-concerto narra a turn\u00ea The Lifetimes de Perry, em apoio ao seu sexto \u00e1lbum de est\u00fadio., <em>143.<\/em> Filmado em Paris em novembro de 2025, o filme de fic\u00e7\u00e3o cient\u00edfica mostra Perry cantando de cabe\u00e7a para baixo, montando uma criatura alada e interpretando muitos de seus maiores sucessos.<\/p>\n<p> A cantora tamb\u00e9m falou sobre as dificuldades que enfrentou durante a turn\u00ea e o que ela acredita que a ajudou a superar os momentos dif\u00edceis.<\/p>\n<p> \u00ab&quot;Talvez tenham se esquecido da minha resili\u00eancia&quot;, disse Perry \u00e0 publica\u00e7\u00e3o. <em>THR<\/em> . &quot;Acho que sou muito resiliente, apesar das constantes surpresas na minha vida. Sigo em frente, mesmo quando as coisas ficam dif\u00edceis.&quot;.<\/p>\n<p> Durante a sess\u00e3o de perguntas e respostas ap\u00f3s a exibi\u00e7\u00e3o, Perry deu mais detalhes.<\/p>\n<p> \u00ab&quot;O ano passado foi provavelmente um dos mais dif\u00edceis da minha vida. Passei por muitas dificuldades, houve dias que foram realmente muito, muito, muito, muito dif\u00edceis&quot;, disse ela. &quot;Mas continuei em frente porque fiz uma promessa aos meus f\u00e3s, \u00e0 minha filha, a mim mesma, e consegui superar.&quot;.<\/p>\n<p> Embora n\u00e3o tenha mencionado os detalhes, Perry e Orlando Bloom terminaram o noivado em 2025. Perry tamb\u00e9m enfrentou cr\u00edticas ap\u00f3s participar de um voo espacial de 11 minutos a bordo da espa\u00e7onave Blue Origin, de Jeff Bezos, junto com outras celebridades.<\/p>\n<p> A estrela pop tamb\u00e9m falou sobre o quanto sua vida mudou desde o in\u00edcio da turn\u00ea, especialmente em rela\u00e7\u00e3o ao seu relacionamento com Justin Trudeau.<\/p>\n<p> \u00ab&quot;Agora, depois de 91 apresenta\u00e7\u00f5es, sinto-me mais equilibrada em muitos aspectos da minha vida. Estou profundamente apaixonada. Depois daquele espet\u00e1culo, conheci o amor da minha vida&quot;, disse ela. &quot;Finalmente, esse apoio me ajuda a me sentir verdadeiramente completa.&quot;.<\/p>\n<p> Trudeau acompanhou Perry na estreia, onde o casal fez sua primeira apari\u00e7\u00e3o juntos no tapete vermelho. O ex-primeiro-ministro canadense cantou junto durante toda a exibi\u00e7\u00e3o, e o casal \u2014 cujos rumores de romance surgiram pela primeira vez em julho de 2025 \u2014 deu as m\u00e3os e se beijou, antes de se levantar para dan\u00e7ar ao som da m\u00fasica final do filme, &quot;Firework&quot;.<\/p>\n<p> Enquanto isso, Perry estava sentada entre os f\u00e3s conhecidos como KatyCats, cantando junto com o filme do show. Em um dado momento, houve uma breve queda de energia, mas isso n\u00e3o diminuiu a atmosfera animada no teatro; na verdade, s\u00f3 a intensificou.<\/p>\n<p> Quanto aos planos futuros, o ex-juiz <em>\u00cddolo Americano<\/em> est\u00e1 se preparando para participar dos festivais de ver\u00e3o.<\/p>\n<p> \u00ab&quot;Acabei de preparar um novo programa para meus festivais de ver\u00e3o, que come\u00e7am na Europa em 18 de junho, em Santiago, na Espanha. Tenho mais de 20 apresenta\u00e7\u00f5es planejadas&quot;, disse ela.<\/p>\n<p> Perry tamb\u00e9m se apresentar\u00e1 na cerim\u00f4nia de abertura da Copa do Mundo da FIFA, no dia 12 de junho.<\/p>\n<p> <em>Katy Perry: The Lifetimes Tour \u2013 Ao vivo de Paris<\/em> Ser\u00e1 lan\u00e7ado nos cinemas neste ver\u00e3o.<\/p>\n<p> <strong>O melhor do The Hollywood Reporter<\/strong><\/p>\n<ul>\n<li>\n<p> MTV VMAs: 27 dos momentos mais insanos da hist\u00f3ria das premia\u00e7\u00f5es.<\/p>\n<\/li>\n<li>\n<p> 40 das maiores reviravoltas da hist\u00f3ria do cinema.<\/p>\n<\/li>\n<li>\n<p> De &quot;Party in the USA&quot; a &quot;Born in the USA&quot;: 20 das can\u00e7\u00f5es americanas mais patri\u00f3ticas (e antipatri\u00f3ticas).<\/p>\n<\/li>\n<\/ul>\n<p> Assine a newsletter do THR. Para ficar por dentro das \u00faltimas not\u00edcias, siga-nos no Facebook, Twitter e Instagram.<\/p>","protected":false},"excerpt":{"rendered":"<p>Katy Perry teve uma noite inesquec\u00edvel em Nova York na segunda-feira, celebrando a estreia de seu novo document\u00e1rio, Katy Perry: The Lifetimes Tour \u2013 Live from\u2026<\/p>","protected":false},"author":1,"featured_media":17576,"comment_status":"open","ping_status":"closed","sticky":false,"template":"","format":"standard","meta":{"footnotes":""},"categories":[7],"tags":[],"class_list":["post-17575","post","type-post","status-publish","format-standard","has-post-thumbnail","hentry","category-muzyka","hvn-theme-has-thumbnail"],"_links":{"self":[{"href":"https:\/\/imgist.ru\/pt\/wp-json\/wp\/v2\/posts\/17575","targetHints":{"allow":["GET"]}}],"collection":[{"href":"https:\/\/imgist.ru\/pt\/wp-json\/wp\/v2\/posts"}],"about":[{"href":"https:\/\/imgist.ru\/pt\/wp-json\/wp\/v2\/types\/post"}],"author":[{"embeddable":true,"href":"https:\/\/imgist.ru\/pt\/wp-json\/wp\/v2\/users\/1"}],"replies":[{"embeddable":true,"href":"https:\/\/imgist.ru\/pt\/wp-json\/wp\/v2\/comments?post=17575"}],"version-history":[{"count":0,"href":"https:\/\/imgist.ru\/pt\/wp-json\/wp\/v2\/posts\/17575\/revisions"}],"wp:featuredmedia":[{"embeddable":true,"href":"https:\/\/imgist.ru\/pt\/wp-json\/wp\/v2\/media\/17576"}],"wp:attachment":[{"href":"https:\/\/imgist.ru\/pt\/wp-json\/wp\/v2\/media?parent=17575"}],"wp:term":[{"taxonomy":"category","embeddable":true,"href":"https:\/\/imgist.ru\/pt\/wp-json\/wp\/v2\/categories?post=17575"},{"taxonomy":"post_tag","embeddable":true,"href":"https:\/\/imgist.ru\/pt\/wp-json\/wp\/v2\/tags?post=17575"}],"curies":[{"name":"wp","href":"https:\/\/api.w.org\/{rel}","templated":true}]}}