{"id":18078,"date":"2026-06-10T22:34:49","date_gmt":"2026-06-10T19:34:49","guid":{"rendered":"https:\/\/imgist.ru\/aaron-per-demonstriruet-svoyo-nakachannoe-telo-v-filme-supermen-2\/"},"modified":"2026-08-24T13:56:16","modified_gmt":"2026-08-24T10:56:16","slug":"aaron-per-exibe-seu-corpo-sarado-em-superman-2","status":"publish","type":"post","link":"https:\/\/imgist.ru\/pt\/aaron-per-demonstriruet-svoyo-nakachannoe-telo-v-filme-supermen-2\/","title":{"rendered":"Aaron Pierre exibe seu corpo sarado em Superman II."},"content":{"rendered":"<p>A transforma\u00e7\u00e3o f\u00edsica de Aaron Pierre chamou a aten\u00e7\u00e3o antes de seu retorno ao Universo DC em &quot;Homem do Amanh\u00e3&quot; (Superman II). Pierre est\u00e1 prestes a fazer sua estreia na DC como John Stewart, um dos dois membros mais proeminentes da Tropa dos Lanternas Verdes, na pr\u00f3xima s\u00e9rie da HBO Max, &quot;Lanterns&quot;, que estreia em 16 de agosto. Esta s\u00e9rie est\u00e1 longe de ser seu \u00fanico trabalho no Universo DC, j\u00e1 que ele ser\u00e1 um personagem importante no futuro.<\/p>\n<p> Jon Stewart e Aaron Pierre, astro de Lanterna Verde, compartilharam um v\u00eddeo curto em seus Stories do Instagram exibindo seus f\u00edsicos sarados.<\/p>\n<figure><figcaption> Instagram<\/figcaption><\/figure>\n<p> Pierre exibe uma forma f\u00edsica fant\u00e1stica enquanto toma sol \u00e0 beira da piscina, destacando os resultados de seu treinamento f\u00edsico que o levou a conquistar um f\u00edsico de super-her\u00f3i para seus mais de dois milh\u00f5es de seguidores no Instagram.<\/p>\n<figure><figcaption> Instagram<\/figcaption><\/figure>\n<p> Embora a origem deste v\u00eddeo seja desconhecida, Pierre aparece sorrindo amplamente enquanto est\u00e1 sentado \u00e0 beira da piscina, com seus m\u00fasculos reluzentes.<\/p>\n<figure><figcaption> Instagram<\/figcaption><\/figure>\n<p> Este v\u00eddeo surgiu durante as filmagens de Homem de A\u00e7o, da DC Studios, no qual Pierre retorna como John Stewart. Este filme marcar\u00e1 a segunda apari\u00e7\u00e3o do ator no Universo DC, incluindo sua estreia no cinema em Homem de A\u00e7o, que ser\u00e1 lan\u00e7ado em 9 de julho de 2027.<\/p>\n<figure><figcaption> Instagram<\/figcaption><\/figure>\n<p> Vale ressaltar tamb\u00e9m que Stewart agora usa bigode e cavanhaque, o que lhe confere um visual diferente daquele que ter\u00e1 em Lanterns.<\/p>\n<figure><figcaption> DC Studios, Instagram<\/figcaption><\/figure>\n<p> Em Lanterns of Tomorrow, Pierre aparece como John Stewart com o rosto completamente barbeado, enquanto em The Man of Tomorrow sua apar\u00eancia muda um pouco com o surgimento de pelos faciais.<\/p>\n<figure><figcaption> DC Studios, Instagram<\/figcaption><\/figure>\n<p> Embora esses dois projetos marquem a estreia de John Stewart em filmes com atores reais, ele j\u00e1 teve um papel de destaque em s\u00e9ries animadas anteriores da Liga da Justi\u00e7a. Uma vers\u00e3o de John Stewart sem barba apareceu em Liga da Justi\u00e7a, que foi ao ar de 2001 a 2004, enquanto em Liga da Justi\u00e7a Sem Limites (2004 a 2006), ele ostentava bigode e cavanhaque.<\/p>\n<figure><figcaption> Anima\u00e7\u00e3o da DC<\/figcaption><\/figure>\n<p> \u00ab&quot;Homem do Amanh\u00e3&quot; ser\u00e1 o quarto filme do novo Universo Cinematogr\u00e1fico da DC, criado sob a dire\u00e7\u00e3o dos co-CEOs da DC Studios, James Gunn e Peter Safran. Estrelado por David Corenswet, Rachel Brosnahan, Nicholas Hoult e Aaron Pierre, o filme mostrar\u00e1 Clark Kent e Lex Luthor formando alian\u00e7as enquanto o poderoso supervil\u00e3o Brainiac amea\u00e7a a exist\u00eancia da Terra.<\/p>\n<h2> A influ\u00eancia do Lanterna Verde no Superman II\u00ab<\/h2>\n<figure><figcaption> DC Studios<\/figcaption><\/figure>\n<p> \u00abHomem de A\u00e7o n\u00e3o ser\u00e1 o primeiro filme do Universo Estendido da DC (DCEU) a apresentar o Lanterna Verde; ap\u00f3s o filme do Superman de 2025, que contou com Guy Gardner, interpretado por Nathan Fillion, John Stewart se juntou ao Homem de A\u00e7o de Corenswet no segundo filme, e a quest\u00e3o permanece se isso o levar\u00e1 a assumir um papel mais permanente em uma futura vers\u00e3o da Liga da Justi\u00e7a do DCEU.<\/p>\n<p> Considerando que ele provavelmente j\u00e1 superou seu treinamento inicial (que ser\u00e1 mostrado em Star Lanterns), Stewart estar\u00e1 muito mais familiarizado com o anel do Lanterna Verde e suas capacidades quando aparecer em Superman II. Ele tamb\u00e9m provavelmente ser\u00e1 um aliado mais confi\u00e1vel para Clark Kent em batalha do que o Guy Gardner que os f\u00e3s conheceram, j\u00e1 que Stewart \u00e9 mais centrado e espera-se que assuma uma responsabilidade muito maior como her\u00f3i.<\/p>\n<p> Tamb\u00e9m est\u00e1 em quest\u00e3o o futuro de Kyle Chandler como Hal Jordan, outro Lanterna Verde proeminente que aparecer\u00e1 ao lado de Stewart no filme &quot;Lanternas&quot;. Ambos foram membros da Liga da Justi\u00e7a, embora Stewart pare\u00e7a estar conseguindo um papel mais significativo no Universo DC, tendo sido escalado para &quot;Superman II&quot;.<\/p>\n<p> Muitas coisas ainda ser\u00e3o reveladas at\u00e9 a estreia de &quot;Lanterns&quot;, e Aaron Pierre poder\u00e1 se tornar um dos personagens mais importantes de &quot;Homem do Amanh\u00e3&quot;, al\u00e9m dos dois protagonistas. Mesmo com o grande n\u00famero de personagens secund\u00e1rios, este ser\u00e1 o filme com a maior representa\u00e7\u00e3o da Tropa dos Lanternas Verdes nos \u00faltimos anos, demonstrando aos f\u00e3s o qu\u00e3o poderosa essa equipe intergal\u00e1ctica pode ser.<\/p>","protected":false},"excerpt":{"rendered":"<p>A transforma\u00e7\u00e3o f\u00edsica de Aaron Pierre chamou a aten\u00e7\u00e3o de todos antes de seu retorno ao Universo DC em &quot;Homem do Amanh\u00e3&quot; (Superman II). Pierre est\u00e1 perto de sua...<\/p>","protected":false},"author":1,"featured_media":18079,"comment_status":"open","ping_status":"closed","sticky":false,"template":"","format":"standard","meta":{"footnotes":""},"categories":[6],"tags":[],"class_list":["post-18078","post","type-post","status-publish","format-standard","has-post-thumbnail","hentry","category-kinoindustriya","hvn-theme-has-thumbnail"],"_links":{"self":[{"href":"https:\/\/imgist.ru\/pt\/wp-json\/wp\/v2\/posts\/18078","targetHints":{"allow":["GET"]}}],"collection":[{"href":"https:\/\/imgist.ru\/pt\/wp-json\/wp\/v2\/posts"}],"about":[{"href":"https:\/\/imgist.ru\/pt\/wp-json\/wp\/v2\/types\/post"}],"author":[{"embeddable":true,"href":"https:\/\/imgist.ru\/pt\/wp-json\/wp\/v2\/users\/1"}],"replies":[{"embeddable":true,"href":"https:\/\/imgist.ru\/pt\/wp-json\/wp\/v2\/comments?post=18078"}],"version-history":[{"count":8,"href":"https:\/\/imgist.ru\/pt\/wp-json\/wp\/v2\/posts\/18078\/revisions"}],"predecessor-version":[{"id":139176,"href":"https:\/\/imgist.ru\/pt\/wp-json\/wp\/v2\/posts\/18078\/revisions\/139176"}],"wp:featuredmedia":[{"embeddable":true,"href":"https:\/\/imgist.ru\/pt\/wp-json\/wp\/v2\/media\/18079"}],"wp:attachment":[{"href":"https:\/\/imgist.ru\/pt\/wp-json\/wp\/v2\/media?parent=18078"}],"wp:term":[{"taxonomy":"category","embeddable":true,"href":"https:\/\/imgist.ru\/pt\/wp-json\/wp\/v2\/categories?post=18078"},{"taxonomy":"post_tag","embeddable":true,"href":"https:\/\/imgist.ru\/pt\/wp-json\/wp\/v2\/tags?post=18078"}],"curies":[{"name":"wp","href":"https:\/\/api.w.org\/{rel}","templated":true}]}}