{"id":18184,"date":"2026-06-12T13:11:42","date_gmt":"2026-06-12T10:11:42","guid":{"rendered":"https:\/\/imgist.ru\/prikvel-seriala-vzroslye-vyjdet-na-hulu-pered-nachalom-vtorogo-sezona\/"},"modified":"2026-08-30T12:53:20","modified_gmt":"2026-08-30T09:53:20","slug":"uma-sequencia-da-serie-adulta-sera-lancada-no-hulu-antes-do-inicio-da-segunda-temporada","status":"publish","type":"post","link":"https:\/\/imgist.ru\/pt\/prikvel-seriala-vzroslye-vyjdet-na-hulu-pered-nachalom-vtorogo-sezona\/","title":{"rendered":"Um prel\u00fadio de Grown Ups estrear\u00e1 no Hulu antes da segunda temporada."},"content":{"rendered":"<p>A s\u00e9rie de com\u00e9dia &quot;Grown Ups&quot; retorna para sua segunda temporada em agosto, mas a FX est\u00e1 ado\u00e7ando a espera dos f\u00e3s com um epis\u00f3dio prel\u00fadio independente que estreia em 31 de julho.<\/p>\n<p> O epis\u00f3dio, que apresenta o grupo principal de amigos e revela a hist\u00f3ria de origem de Paul Baker (Jack Innanen), estreou de surpresa na noite de quinta-feira no Festival de Cinema de Tribeca, em Nova York. Intitulado &quot;Marathon Day&quot;, o epis\u00f3dio foi escrito pelos criadores da s\u00e9rie, Ben Kronengold e Rebecca Shaw, e dirigido por Jonathan Kriesel. Estar\u00e1 dispon\u00edvel na FXX e no Hulu em 31 de julho, \u00e0s 10h (hor\u00e1rio do Pac\u00edfico).<\/p>\n<h3> Jon Stewart chamou Donald Trump de &quot;um homem incrivelmente fr\u00e1gil e infantil&quot; por sua sa\u00edda abrupta e demonstrativa de uma entrevista no programa &quot;Meet the Press&quot;.<\/h3>\n<h3> Jon Stewart critica o concerto de Donald Trump para comemorar o 250\u00ba anivers\u00e1rio do &quot;Desmantelamento da Liberdade&quot;: &quot;H\u00e1 mais algu\u00e9m a atuar?&quot;\u00ab<\/h3>\n<p> \u00ab&quot;Estamos muito animados para mostrar aos f\u00e3s como esse grupo de amigos se formou&quot;, disseram Kronengold e Shaw. &quot;Adoramos uma boa hist\u00f3ria de origem e mal podemos esperar para que voc\u00eas vejam onde a aranha radioativa picou Paul Baker.&quot;.<\/p>\n<h3> Popular na Variety<\/h3>\n<p> A segunda temporada de Grown Ups estreia em 27 de agosto, com todos os oito epis\u00f3dios dispon\u00edveis para streaming no Hulu. A s\u00e9rie acompanha um grupo de jovens nova-iorquinos na faixa dos vinte anos que lidam com amor, trabalho, amizade e fam\u00edlia. Samir (Malik Elassal), Billy (Lucy Freyer), Paul Baker (Jack Innanen), Issa (Amita Rao) e Anton (Owen Thiele) s\u00e3o cinco amigos que moram juntos na casa de inf\u00e2ncia de Samir.<\/p>\n<p> O comunicado de imprensa da FX anunciando os novos epis\u00f3dios afirma: &quot;Ao longo de oito epis\u00f3dios, os colegas de casa lidam com novas quest\u00f5es da vida real. E se o jovem de 20 anos que herdou sua identidade falsa for mais legal do que voc\u00ea jamais foi e mais jovem do que voc\u00ea jamais ser\u00e1? Como explicar aos seus amigos que voc\u00ea realmente ama seu emprego chato de escrit\u00f3rio? Por que sair com a fam\u00edlia faz voc\u00ea voltar a ser o seu pior eu? E como pedir mudan\u00e7as quando voc\u00ea tamb\u00e9m precisa que as coisas permane\u00e7am como est\u00e3o? Juntos, os amigos tecem complexas teias de estrat\u00e9gia multiplayer para evitar magoar os sentimentos de algu\u00e9m. Eles elaboram solu\u00e7\u00f5es complexas para problemas que t\u00eam medo de enfrentar. N\u00e3o \u00e9 que eles aprendam constantemente as mesmas li\u00e7\u00f5es, mas que sempre encontram novas maneiras de cometer erros. Mas uma coisa eles sempre fazem: sempre apoiam uns aos outros.&quot;.<\/p>","protected":false},"excerpt":{"rendered":"<p>A s\u00e9rie de com\u00e9dia &quot;Grown Ups&quot; retorna para sua segunda temporada em agosto, mas a FX est\u00e1 ado\u00e7ando a espera dos f\u00e3s com um epis\u00f3dio prel\u00fadio independente que estreia em 31 de julho. O epis\u00f3dio, que apresenta o elenco principal\u2026<\/p>","protected":false},"author":1,"featured_media":18185,"comment_status":"open","ping_status":"closed","sticky":false,"template":"","format":"standard","meta":{"footnotes":""},"categories":[6],"tags":[],"class_list":["post-18184","post","type-post","status-publish","format-standard","has-post-thumbnail","hentry","category-kinoindustriya","hvn-theme-has-thumbnail"],"_links":{"self":[{"href":"https:\/\/imgist.ru\/pt\/wp-json\/wp\/v2\/posts\/18184","targetHints":{"allow":["GET"]}}],"collection":[{"href":"https:\/\/imgist.ru\/pt\/wp-json\/wp\/v2\/posts"}],"about":[{"href":"https:\/\/imgist.ru\/pt\/wp-json\/wp\/v2\/types\/post"}],"author":[{"embeddable":true,"href":"https:\/\/imgist.ru\/pt\/wp-json\/wp\/v2\/users\/1"}],"replies":[{"embeddable":true,"href":"https:\/\/imgist.ru\/pt\/wp-json\/wp\/v2\/comments?post=18184"}],"version-history":[{"count":1,"href":"https:\/\/imgist.ru\/pt\/wp-json\/wp\/v2\/posts\/18184\/revisions"}],"predecessor-version":[{"id":162236,"href":"https:\/\/imgist.ru\/pt\/wp-json\/wp\/v2\/posts\/18184\/revisions\/162236"}],"wp:featuredmedia":[{"embeddable":true,"href":"https:\/\/imgist.ru\/pt\/wp-json\/wp\/v2\/media\/18185"}],"wp:attachment":[{"href":"https:\/\/imgist.ru\/pt\/wp-json\/wp\/v2\/media?parent=18184"}],"wp:term":[{"taxonomy":"category","embeddable":true,"href":"https:\/\/imgist.ru\/pt\/wp-json\/wp\/v2\/categories?post=18184"},{"taxonomy":"post_tag","embeddable":true,"href":"https:\/\/imgist.ru\/pt\/wp-json\/wp\/v2\/tags?post=18184"}],"curies":[{"name":"wp","href":"https:\/\/api.w.org\/{rel}","templated":true}]}}