{"id":18225,"date":"2026-06-12T14:41:44","date_gmt":"2026-06-12T11:41:44","guid":{"rendered":"https:\/\/imgist.ru\/zhizel-byundhen-govorit-chto-otkaz-povliyal-na-ee-samooczenku-i-kareru-modeli\/"},"modified":"2026-08-25T12:05:39","modified_gmt":"2026-08-25T09:05:39","slug":"giselle-bundhen-afirma-que-a-rejeicao-afetou-sua-autoestima-e-sua-carreira-de-modelo","status":"publish","type":"post","link":"https:\/\/imgist.ru\/pt\/zhizel-byundhen-govorit-chto-otkaz-povliyal-na-ee-samooczenku-i-kareru-modeli\/","title":{"rendered":"Gisele B\u00fcndchen afirma que a &quot;rejei\u00e7\u00e3o&quot; afetou sua autoestima e sua carreira de modelo."},"content":{"rendered":"<p>Supermodel <strong>Gisele B\u00fcndchen<\/strong> reflete sobre sua ascens\u00e3o \u00e0 fama!<\/p>\n<p> A personalidade da m\u00eddia, que domina o mundo da moda h\u00e1 mais de uma d\u00e9cada, relembrou recentemente sua ilustre carreira e como a rejei\u00e7\u00e3o desempenhou um papel fundamental em seu sucesso.<\/p>\n<p> Al\u00e9m de sua carreira de modelo, Gisele B\u00fcndchen tornou-se famosa como ativista e estrelou filmes como Taxi, de 2004.<\/p>\n<p> <strong>Gisele B\u00fcndchen compartilha sua hist\u00f3ria de sucesso que come\u00e7ou na pobreza.<\/strong> <\/p>\n<figure><figcaption> MEGA<\/figcaption><\/figure>\n<p> Em entrevista publicada em 10 de junho, Gisele B\u00fcndchen falou abertamente sobre como sua trajet\u00f3ria rumo \u00e0 fama n\u00e3o foi t\u00e3o f\u00e1cil quanto muitos acreditavam. A beldade brasileira, como a maioria das pessoas, enfrentou rejei\u00e7\u00f5es, mas usou esses contratempos como motiva\u00e7\u00e3o, n\u00e3o como fonte de desespero. Eis o que ela escreveu:<\/p>\n<blockquote>\n<blockquote>\n<p> \u00ab&quot;A rejei\u00e7\u00e3o me ensinou resili\u00eancia e que voc\u00ea n\u00e3o deve basear sua autoestima na opini\u00e3o dos outros.&quot;.<\/p>\n<\/blockquote>\n<\/blockquote>\n<p> \u00ab&quot;Um dia, eu estava indo a testes constantemente e sendo rejeitada repetidamente, e ent\u00e3o, de repente, comecei a trabalhar sem parar&quot;, disse B\u00fcndchen \u00e0 revista W. Inicialmente, ela acreditava que as pessoas a escalavam para pap\u00e9is por causa de sua apar\u00eancia, mas depois percebeu que sua personalidade tamb\u00e9m desempenhou um papel importante em seu sucesso.<\/p>\n<h2> <strong>A carreira da supermodelo come\u00e7ou com o slogan &quot;O Retorno da Modelo Sexy&quot;.<\/strong><\/h2>\n<figure><figcaption> MEGA<\/figcaption><\/figure>\n<p> Quanto ao que transformou a rejei\u00e7\u00e3o em aceita\u00e7\u00e3o para B\u00fcndchen, ela disse que aconteceu quando as pessoas come\u00e7aram a associ\u00e1-la a &quot;trazer de volta a imagem de modelo sexy&quot;. No entanto, ela afirmou que nunca tentou criar uma imagem sexy para atrair aten\u00e7\u00e3o.<\/p>\n<p> \u00ab&quot;Confian\u00e7a e sa\u00fade podem ser naturalmente percebidas como sensualidade... Eu estava apenas sendo eu mesma&quot;, disse B\u00fcndchen sobre sua ascens\u00e3o \u00e0 fama. Embora nunca tenha esperado ser considerada o novo padr\u00e3o de sexualidade, B\u00fcndchen aproveitou cada minuto sob os holofotes, dizendo:<\/p>\n<blockquote>\n<blockquote>\n<p> \u00ab&quot;Eu estava cheia de vida e feliz por estar l\u00e1. A moda estava mudando na \u00e9poca, e talvez eu representasse um esp\u00edrito mais saud\u00e1vel e en\u00e9rgico. Ainda \u00e9 uma das minhas capas favoritas da revista W porque me capturou de uma forma natural, relaxada e muito honesta.&quot;.<\/p>\n<\/blockquote>\n<\/blockquote>\n<h2> <strong>A beldade brasileira ganhou ainda mais fama gra\u00e7as ao seu &quot;andar de cavalo&quot;.<\/strong><\/h2>\n<figure><figcaption> MEGA<\/figcaption><\/figure>\n<p> Outro motivo para a fama generalizada de B\u00fcndchen foi sua ic\u00f4nica &quot;passada de cavalo&quot;, que envolvia pisadas en\u00e9rgicas, \u00e0s vezes fazendo com que seus saltos quebrassem na passarela. Quando questionada sobre como desenvolveu essa marcha \u00fanica, B\u00fcndchen disse que aconteceu naturalmente.<\/p>\n<p> A modelo conta que sua inf\u00e2ncia no Brasil girou em torno dos esportes e de sua figura, o que provavelmente influenciou seus movimentos na passarela. Ela explicou que, cal\u00e7ando 37 e com 1,78 m de altura, precisava andar com os p\u00e9s juntos para manter o equil\u00edbrio nos saltos altos.<\/p>\n<p> \u00ab&quot;Acho que a marcha a cavalo se tornou popular porque me deu confian\u00e7a. Para mim, desfilar na passarela nunca foi apenas sobre roupas \u2014 foi sobre confian\u00e7a&quot;, disse B\u00fcndchen. Ela tamb\u00e9m refletiu sobre sua ascens\u00e3o \u00e0 fama em uma postagem emocionante nas redes sociais, compartilhando li\u00e7\u00f5es de vida.<\/p>\n<h2> <strong>Essa personalidade da m\u00eddia \u00e9 uma pioneira no ramo da moda.<\/strong><\/h2>\n<blockquote><p> Uma publica\u00e7\u00e3o compartilhada por Gisele B\u00fcndchen (@gisele)<\/p><\/blockquote>\n<p> Gisele B\u00fcndchen compartilhou sua mais recente capa da revista W no Instagram, junto com todas as capas em que j\u00e1 apareceu para a publica\u00e7\u00e3o. Na legenda, ela refletiu sobre sua trajet\u00f3ria com a revista e anunciou uma conquista recente.<\/p>\n<p> Gisele B\u00fcndchen afirma ser a primeira modelo a aparecer na capa da revista W mais vezes do que qualquer outra pessoa. Ela observou que as lembran\u00e7as de todas as vezes em que posou para a revista evocam emo\u00e7\u00f5es agrad\u00e1veis e a fazem recordar tudo o que aconteceu nesse meio tempo.<\/p>\n<p> B\u00fcndchen expressou imensa gratid\u00e3o por seu sucesso, escrevendo: &quot;Quando fotografei minha primeira capa em 1999, eu era apenas uma jovem perseguindo um sonho&quot;. Ela compartilhou suas reflex\u00f5es sobre as &quot;experi\u00eancias, li\u00e7\u00f5es e pessoas que a ajudaram a se moldar&quot; ao longo do caminho e agradeceu a todos pelo apoio.<\/p>\n<h2> <strong>Gisele B\u00fcndchen anunciou sua aposentadoria das passarelas em 2015.<\/strong><\/h2>\n<blockquote><p> Uma publica\u00e7\u00e3o compartilhada por Gisele B\u00fcndchen (@gisele)<\/p><\/blockquote>\n<p> Gisele B\u00fcndchen n\u00e3o hesita em refletir sobre sua ilustre carreira e, em abril de 2015, fez uma retrospectiva de seus sucessos. Ela compartilhou uma foto antiga no Instagram, acompanhada de uma longa legenda anunciando sua aposentadoria das passarelas.<\/p>\n<p> Como sempre, B\u00fcndchen expressou gratid\u00e3o por suas conquistas, explicando que sua jornada como modelo come\u00e7ou aos tenros 14 anos. Ap\u00f3s 20 anos de trabalho influente nas passarelas, B\u00fcndchen anunciou que era hora de se aposentar e se concentrar em &quot;outros aspectos do neg\u00f3cio&quot;.<\/p>\n<p> Conforme noticiado pelo TODAY, B\u00fcndchen desfilou pela \u00faltima vez na S\u00e3o Paulo Fashion Week em 2015. Em entrevista, ela explicou que percebeu que era hora de parar de confiar nos sinais do seu corpo e optou por respeit\u00e1-los em vez de testar seus limites.<\/p>\n<p> O que mais Gisele B\u00fcndchen compartilhar\u00e1?<\/p>\n<p> <strong>Leia tamb\u00e9m:<\/strong> Gisele B\u00fcndchen revela sua surpreendente cura para a ansiedade.<\/p>","protected":false},"excerpt":{"rendered":"<p>A supermodelo Gisele B\u00fcndchen reflete sobre sua ascens\u00e3o \u00e0 fama! A personalidade da m\u00eddia, que domina o mundo da moda h\u00e1 mais de uma d\u00e9cada, relembrou recentemente sua ilustre carreira\u2026<\/p>","protected":false},"author":1,"featured_media":18226,"comment_status":"open","ping_status":"closed","sticky":false,"template":"","format":"standard","meta":{"footnotes":""},"categories":[5],"tags":[],"class_list":["post-18225","post","type-post","status-publish","format-standard","has-post-thumbnail","hentry","category-selebriti","hvn-theme-has-thumbnail"],"_links":{"self":[{"href":"https:\/\/imgist.ru\/pt\/wp-json\/wp\/v2\/posts\/18225","targetHints":{"allow":["GET"]}}],"collection":[{"href":"https:\/\/imgist.ru\/pt\/wp-json\/wp\/v2\/posts"}],"about":[{"href":"https:\/\/imgist.ru\/pt\/wp-json\/wp\/v2\/types\/post"}],"author":[{"embeddable":true,"href":"https:\/\/imgist.ru\/pt\/wp-json\/wp\/v2\/users\/1"}],"replies":[{"embeddable":true,"href":"https:\/\/imgist.ru\/pt\/wp-json\/wp\/v2\/comments?post=18225"}],"version-history":[{"count":3,"href":"https:\/\/imgist.ru\/pt\/wp-json\/wp\/v2\/posts\/18225\/revisions"}],"predecessor-version":[{"id":142445,"href":"https:\/\/imgist.ru\/pt\/wp-json\/wp\/v2\/posts\/18225\/revisions\/142445"}],"wp:featuredmedia":[{"embeddable":true,"href":"https:\/\/imgist.ru\/pt\/wp-json\/wp\/v2\/media\/18226"}],"wp:attachment":[{"href":"https:\/\/imgist.ru\/pt\/wp-json\/wp\/v2\/media?parent=18225"}],"wp:term":[{"taxonomy":"category","embeddable":true,"href":"https:\/\/imgist.ru\/pt\/wp-json\/wp\/v2\/categories?post=18225"},{"taxonomy":"post_tag","embeddable":true,"href":"https:\/\/imgist.ru\/pt\/wp-json\/wp\/v2\/tags?post=18225"}],"curies":[{"name":"wp","href":"https:\/\/api.w.org\/{rel}","templated":true}]}}