{"id":18472,"date":"2026-06-15T14:42:52","date_gmt":"2026-06-15T11:42:52","guid":{"rendered":"https:\/\/imgist.ru\/vystuplenie-shakiry-na-chempionate-mira-po-futbolu-poluchilo-nazvanie-generic-bez-brenda\/"},"modified":"2026-08-25T12:06:32","modified_gmt":"2026-08-25T09:06:32","slug":"a-apresentacao-de-shakira-na-copa-do-mundo-foi-considerada-generica-sem-marca","status":"publish","type":"post","link":"https:\/\/imgist.ru\/pt\/vystuplenie-shakiry-na-chempionate-mira-po-futbolu-poluchilo-nazvanie-generic-bez-brenda\/","title":{"rendered":"A apresenta\u00e7\u00e3o de Shakira na Copa do Mundo foi considerada &quot;gen\u00e9rica&quot;."},"content":{"rendered":"<p><strong>Copa do Mundo FIFA de 2026<\/strong> em pleno andamento, come\u00e7ando com uma s\u00e9rie de apresenta\u00e7\u00f5es, incluindo uma apresenta\u00e7\u00e3o do cantor <strong>Shakira<\/strong> .<\/p>\n<p> Ela retornou ao cen\u00e1rio de torneios pela primeira vez desde sua participa\u00e7\u00e3o no torneio no Brasil em 2014, tendo participado anteriormente tamb\u00e9m das cerim\u00f4nias de premia\u00e7\u00e3o nos torneios de 2006 e 2010.<\/p>\n<p> Sua apresenta\u00e7\u00e3o no Campeonato Mundial deste ano gerou muitas rea\u00e7\u00f5es nas redes sociais, com alguns elogiando o retorno nost\u00e1lgico e sua presen\u00e7a de palco, enquanto outros questionaram se foi t\u00e3o impactante quanto suas apresenta\u00e7\u00f5es anteriores no Campeonato Mundial.<\/p>\n<p> Os f\u00e3s consideraram a nova m\u00fasica de Shakira sobre a Copa do Mundo &quot;banal&quot;. <\/p>\n<figure><figcaption> ZUMAPRESS.com \/ MEGA<\/figcaption><\/figure>\n<p> O retorno de Shakira ao palco da Copa do Mundo com mais uma apresenta\u00e7\u00e3o gerou uma onda de rea\u00e7\u00f5es online.<\/p>\n<p> A cantora apresentou &quot;Dai Dai&quot; com Burna Boy como a m\u00fasica oficial da Copa do Mundo da FIFA de 2026 durante a cerim\u00f4nia de abertura na Cidade do M\u00e9xico, no Est\u00e1dio Azteca.<\/p>\n<p> Os f\u00e3s online deixaram opini\u00f5es diversas, com alguns at\u00e9 mesmo observando que a m\u00fasica \u00e9 menos memor\u00e1vel do que sua faixa anterior, que ela apresentou na Copa do Mundo de 2010.<\/p>\n<p> \u00ab&quot;Sim, \u00e9 bem clich\u00ea, mas \u00e9 baseado numa vibe positiva, sabe? Tudo bem para mim&quot;, escreveu um usu\u00e1rio.<\/p>\n<p> \u00ab&quot;Isso definitivamente n\u00e3o \u00e9 Waka-Waka. Um pouco decepcionante&quot;, comentou outra pessoa.<\/p>\n<p> Outros criticaram a coreografia da cantora, alegando que faltava a energia e o dinamismo que os f\u00e3s esperam de suas apresenta\u00e7\u00f5es ao longo dos anos.<\/p>\n<p> \u00ab&quot;A dan\u00e7a dela parece um pouco desanimada, talvez? Ou talvez eu esteja apenas confuso com os \u00f3culos de sol&quot;, disse um terceiro usu\u00e1rio.<\/p>\n<h2> O videoclipe da cantora dedicado \u00e0 Copa do Mundo da FIFA atraiu uma enorme audi\u00eancia.<\/h2>\n<figure><\/figure>\n<p> Antes da Copa do Mundo, Shakira lan\u00e7ou o videoclipe oficial do hino do torneio em suas plataformas de streaming.<\/p>\n<p> O v\u00eddeo j\u00e1 ultrapassou 135 milh\u00f5es de visualiza\u00e7\u00f5es apenas no YouTube e continua a atrair novos espectadores, em parte gra\u00e7as \u00e0s especula\u00e7\u00f5es iniciais sobre quais estrelas do futebol apareceriam no filme.<\/p>\n<p> Em suma, o v\u00eddeo consegue encontrar um equil\u00edbrio entre celebrar a gera\u00e7\u00e3o moderna de jogos e respeitar sua rica hist\u00f3ria.<\/p>\n<p> Entre os participantes, estavam alguns dos jogadores de futebol mais famosos a competir na Copa do Mundo deste ano, incluindo Kylian Mbapp\u00e9, Lionel Messi, Harry Kane, Vinicius Junior, Luis Diaz, Jamal Musiala e Erling Haaland. Estrelas lend\u00e1rias como Pel\u00e9, Kak\u00e1 e Ronaldo Naz\u00e1rio tamb\u00e9m foram homenageadas no projeto.<\/p>\n<h2> Os f\u00e3s tamb\u00e9m criticaram outra pista da Copa do Mundo.<\/h2>\n<figure>\n<blockquote>\n<p> Jelly Roll e Karin Leon lan\u00e7aram o videoclipe de &quot;Lighter&quot;, a m\u00fasica oficial da Copa do Mundo da FIFA de 2026... e \u00e9 basicamente um sucesso \ud83d\ude2d pic.twitter.com\/Fs63oLHx3a<\/p>\n<p> \u2014 m\u00fasicas que mudaram a hist\u00f3ria (@iconiksongs) 16 de abril de 2026.<\/p><\/blockquote>\n<\/figure>\n<p> Antes da m\u00fasica de Shakira ser oficialmente revelada como o hino da Copa do Mundo, muitos f\u00e3s acreditavam que outro lan\u00e7amento de Jelly Rolla e Karin Leon se tornaria o hino principal do torneio.<\/p>\n<p> Em mar\u00e7o, a dupla lan\u00e7ou a m\u00fasica &quot;Lighter&quot; como parte da campanha promocional inicial da FIFA para a competi\u00e7\u00e3o. No entanto, em vez de gerar grande repercuss\u00e3o, a m\u00fasica rapidamente se tornou alvo de cr\u00edticas nas redes sociais.<\/p>\n<p> Muitos ouvintes n\u00e3o gostaram do tom lento e pesado da m\u00fasica, sentindo que faltava a energia animada normalmente associada aos hinos da Copa do Mundo.<\/p>\n<p> Outros apontaram a influ\u00eancia nacional da pista como um obst\u00e1culo, argumentando que ela n\u00e3o reflete o p\u00fablico global que a Copa do Mundo pretende unir.<\/p>\n<h2> A participa\u00e7\u00e3o de Shakira na Copa do Mundo da FIFA j\u00e1 dura duas d\u00e9cadas.<\/h2>\n<figure><figcaption> Xavier Collin\/Image Press Agency\/MEGA<\/figcaption><\/figure>\n<p> Al\u00e9m de apresentar &quot;Dai Dai&quot; na Copa do Mundo da FIFA de 2026, Shakira tem um longo hist\u00f3rico de participa\u00e7\u00e3o no maior torneio de futebol do mundo.<\/p>\n<p> Ela fez sua primeira apari\u00e7\u00e3o na Copa do Mundo de 2006, apresentando seu sucesso &quot;Hips Don&#039;t Lie&quot; durante a cerim\u00f4nia de encerramento do torneio. Quatro anos depois, sua liga\u00e7\u00e3o com a competi\u00e7\u00e3o se aprofundou quando &quot;Waka Waka (This Time for Africa)&quot; foi escolhida como o hino oficial da Copa do Mundo de 2010.<\/p>\n<p> A can\u00e7\u00e3o se tornou uma das mais reconhecidas da hist\u00f3ria da Copa do Mundo e continua sendo uma das favoritas dos f\u00e3s.<\/p>\n<p> A cantora voltou aos palcos em 2014 durante a Copa do Mundo da FIFA no Brasil, onde apresentou a m\u00fasica &quot;La La La&quot;, outra composi\u00e7\u00e3o com tem\u00e1tica futebol\u00edstica que foi muito bem recebida pelos f\u00e3s.<\/p>\n<h2> Shakira est\u00e1 se preparando para mais um grande evento na Copa do Mundo.<\/h2>\n<figure><figcaption> Lisa O&#039;Connor\/AFF-USA.com \/ MEGA<\/figcaption><\/figure>\n<p> Shakira voltar\u00e1 a se apresentar na conclus\u00e3o da Copa do Mundo da FIFA de 2026, que acontecer\u00e1 em 19 de julho.<\/p>\n<p> O m\u00fasico ser\u00e1 uma das atra\u00e7\u00f5es principais do primeiro show do intervalo da final da Copa do Mundo no MetLife Stadium, em Nova Jersey, ao lado da \u00edcone da m\u00fasica Madonna e do astro do K-Pop BTS.<\/p>\n<p> A apresenta\u00e7\u00e3o hist\u00f3rica promete ser um dos eventos musicais mais populares do ano, reunindo tr\u00eas dos maiores astros da ind\u00fastria do entretenimento para celebrar o encerramento do maior torneio de futebol.<\/p>\n<p> A receita do evento tamb\u00e9m apoiar\u00e1 o Fundo Global de Educa\u00e7\u00e3o da FIFA, uma iniciativa que visa aumentar o acesso \u00e0 educa\u00e7\u00e3o de qualidade e ao futebol para crian\u00e7as em todo o mundo.<\/p>\n<p> <strong>Leia tamb\u00e9m:<\/strong> Landon Donovan compartilhou expectativas realistas para a sele\u00e7\u00e3o americana antes da Copa do Mundo.<\/p>","protected":false},"excerpt":{"rendered":"<p>A Copa do Mundo da FIFA de 2026 est\u00e1 a todo vapor, come\u00e7ando com uma s\u00e9rie de apresenta\u00e7\u00f5es, incluindo uma da cantora Shakira. Ela retornou ao torneio\u2026<\/p>","protected":false},"author":1,"featured_media":18473,"comment_status":"open","ping_status":"closed","sticky":false,"template":"","format":"standard","meta":{"footnotes":""},"categories":[5],"tags":[],"class_list":["post-18472","post","type-post","status-publish","format-standard","has-post-thumbnail","hentry","category-selebriti","hvn-theme-has-thumbnail"],"_links":{"self":[{"href":"https:\/\/imgist.ru\/pt\/wp-json\/wp\/v2\/posts\/18472","targetHints":{"allow":["GET"]}}],"collection":[{"href":"https:\/\/imgist.ru\/pt\/wp-json\/wp\/v2\/posts"}],"about":[{"href":"https:\/\/imgist.ru\/pt\/wp-json\/wp\/v2\/types\/post"}],"author":[{"embeddable":true,"href":"https:\/\/imgist.ru\/pt\/wp-json\/wp\/v2\/users\/1"}],"replies":[{"embeddable":true,"href":"https:\/\/imgist.ru\/pt\/wp-json\/wp\/v2\/comments?post=18472"}],"version-history":[{"count":3,"href":"https:\/\/imgist.ru\/pt\/wp-json\/wp\/v2\/posts\/18472\/revisions"}],"predecessor-version":[{"id":142640,"href":"https:\/\/imgist.ru\/pt\/wp-json\/wp\/v2\/posts\/18472\/revisions\/142640"}],"wp:featuredmedia":[{"embeddable":true,"href":"https:\/\/imgist.ru\/pt\/wp-json\/wp\/v2\/media\/18473"}],"wp:attachment":[{"href":"https:\/\/imgist.ru\/pt\/wp-json\/wp\/v2\/media?parent=18472"}],"wp:term":[{"taxonomy":"category","embeddable":true,"href":"https:\/\/imgist.ru\/pt\/wp-json\/wp\/v2\/categories?post=18472"},{"taxonomy":"post_tag","embeddable":true,"href":"https:\/\/imgist.ru\/pt\/wp-json\/wp\/v2\/tags?post=18472"}],"curies":[{"name":"wp","href":"https:\/\/api.w.org\/{rel}","templated":true}]}}