{"id":18476,"date":"2026-06-15T14:43:10","date_gmt":"2026-06-15T11:43:10","guid":{"rendered":"https:\/\/imgist.ru\/sudya-razreshil-trampu-provesti-meropriyatie-ufc-v-belom-dome\/"},"modified":"2026-08-25T12:06:32","modified_gmt":"2026-08-25T09:06:32","slug":"sudya-razreshil-trampu-provasti-meropriyatie-ufc-v-belom-dome","status":"publish","type":"post","link":"https:\/\/imgist.ru\/pt\/sudya-razreshil-trampu-provesti-meropriyatie-ufc-v-belom-dome\/","title":{"rendered":"Um juiz autorizou Trump a sediar um evento do UFC na Casa Branca."},"content":{"rendered":"<p><strong>Donald Trump<\/strong> e CEO <strong>UFC<\/strong> <strong>Dana White<\/strong> Est\u00e3o prestes a realizar um evento muito aguardado do UFC no gramado sul da Casa Branca, ap\u00f3s superarem um obst\u00e1culo legal de \u00faltima hora apresentado por dois residentes da Virg\u00ednia.<\/p>\n<p> O processo judicial visava impedir a realiza\u00e7\u00e3o do evento neste fim de semana. Os autores da a\u00e7\u00e3o alegaram que o evento de boxe proposto tinha pouca rela\u00e7\u00e3o com a celebra\u00e7\u00e3o do 250\u00ba anivers\u00e1rio da independ\u00eancia americana e n\u00e3o era patrocinado pelo governo federal.<\/p>\n<p> Um tribunal negou uma mo\u00e7\u00e3o para impedir a realiza\u00e7\u00e3o de um evento do UFC organizado por Donald Trump.<\/p>\n<figure><\/figure>\n<p> Dois moradores da Virg\u00ednia, Susan Douglas e Paul Romano, tentaram impedir um evento do UFC programado para este fim de semana no gramado sul da Casa Branca, mas o processo movido por eles foi rejeitado pelo juiz distrital dos EUA, Amit Mehta.<\/p>\n<p> A decis\u00e3o do tribunal na sexta-feira abre caminho para o evento t\u00e3o aguardado, organizado por White e apoiado por Trump.<\/p>\n<p> O juiz Mehta decidiu contra os demandantes, um ativista pol\u00edtico e um sargento aposentado da For\u00e7a A\u00e9rea, considerando que eles n\u00e3o tinham legitimidade para contestar o evento e n\u00e3o conseguiram provar como ele os prejudicaria ou afetaria.<\/p>\n<p> \u00ab&quot;Os demandantes n\u00e3o conseguiram provar que foram &#039;diretamente afetados&#039; pelas a\u00e7\u00f5es dos r\u00e9us&quot;, disse Mehta em sua longa senten\u00e7a, conforme relatado pelo The Hill.<\/p>\n<h2> O juiz aponta exce\u00e7\u00f5es aos requisitos para autoriza\u00e7\u00f5es especiais.<\/h2>\n<figure><figcaption> ZUMAPRESS.com \/ MEGA<\/figcaption><\/figure>\n<p> Em sua declara\u00e7\u00e3o, dois residentes da Virg\u00ednia, representados pelo Public Integrity Project, alegaram que o evento do UFC tinha pouca rela\u00e7\u00e3o com a celebra\u00e7\u00e3o do 250\u00ba anivers\u00e1rio da independ\u00eancia americana. Eles tamb\u00e9m alegaram que o evento n\u00e3o foi planejado nem executado pelo governo federal.<\/p>\n<p> Os autores da a\u00e7\u00e3o tamb\u00e9m descreveram o evento como &quot;profundamente corrupto&quot;, citando alega\u00e7\u00f5es de que Trump pode ter se beneficiado financeiramente dele, pois teria comprado at\u00e9 US$ 50.000 em a\u00e7\u00f5es da TKO Group Holdings, empresa controladora do UFC, no in\u00edcio deste ano.<\/p>\n<p> Embora o juiz Mehta n\u00e3o tenha abordado as alega\u00e7\u00f5es de corrup\u00e7\u00e3o em sua decis\u00e3o, ele defendeu a legalidade do evento, afirmando que este se enquadrava em exce\u00e7\u00f5es especiais aos requisitos de autoriza\u00e7\u00e3o estabelecidos para as comemora\u00e7\u00f5es do 250\u00ba anivers\u00e1rio dos Estados Unidos.<\/p>\n<h2> O governo de Donald Trump criticou duramente o fracasso do processo.<\/h2>\n<figure><figcaption> ZUMAPRESS.com \/ MEGA<\/figcaption><\/figure>\n<p> Na \u00e9poca em que o processo foi instaurado, um funcion\u00e1rio do governo Trump emitiu uma declara\u00e7\u00e3o chamando-o de &quot;obstrutivo, infundado e um entrave ao processo&quot;.<\/p>\n<p> Ap\u00f3s o arquivamento do processo, a Casa Branca emitiu um comunicado agradecendo ao juiz por abrir caminho para o evento e rejeitando os argumentos apresentados por Douglas e Romano.<\/p>\n<p> \u00ab&quot;O tribunal rejeitou corretamente a tentativa intempestiva e fr\u00edvola de impedir o evento hist\u00f3rico do UFC que celebrava o 250\u00ba anivers\u00e1rio de nossa na\u00e7\u00e3o&quot;, disse o secret\u00e1rio de imprensa da Casa Branca, Davis Ingle.<\/p>\n<p> O comunicado prosseguiu: &quot;A Casa Branca agradece esta decis\u00e3o acertada e aguarda com expectativa a realiza\u00e7\u00e3o desta celebra\u00e7\u00e3o singular no gramado sul.&quot;.<\/p>\n<h2> Preocupa\u00e7\u00f5es com o clima afetam evento do UFC com Donald Trump.<\/h2>\n<figure><figcaption> ZUMAPRESS.com \/ MEGA<\/figcaption><\/figure>\n<p> Fortes tempestades em Washington for\u00e7aram os organizadores a adiar a coletiva de imprensa oficial no Lincoln Memorial, provocando indigna\u00e7\u00e3o entre os f\u00e3s devido ao transtorno.<\/p>\n<p> Embora a confer\u00eancia de imprensa tenha finalmente ocorrido, as preocupa\u00e7\u00f5es com o tempo permanecem. Ainda h\u00e1 previs\u00e3o de chuva, o que pode afetar alguns eventos.<\/p>\n<p> A dire\u00e7\u00e3o do UFC confirmou que a chuva por si s\u00f3 n\u00e3o ser\u00e1 suficiente para interromper as lutas. No entanto, qualquer raio que cair dentro da zona de seguran\u00e7a designada resultar\u00e1 na evacua\u00e7\u00e3o imediata do local.<\/p>\n<p> Embora planos de conting\u00eancia tenham sido implementados para lidar com poss\u00edveis interrup\u00e7\u00f5es relacionadas ao clima, ainda n\u00e3o est\u00e1 claro o qu\u00e3o eficazes eles ser\u00e3o em caso de uma deteriora\u00e7\u00e3o significativa da situa\u00e7\u00e3o, particularmente em termos de garantir transmiss\u00f5es ininterruptas para os telespectadores em casa.<\/p>\n<h2> Os melhores lutadores se apresentar\u00e3o no torneio do UFC na Casa Branca.<\/h2>\n<figure><\/figure>\n<p> Os telespectadores em casa tamb\u00e9m poder\u00e3o assistir ao evento na CBS ou no Paramount+, que, segundo informa\u00e7\u00f5es, fecharam acordos de transmiss\u00e3o com a organiza\u00e7\u00e3o de direitos de transmiss\u00e3o do UFC.<\/p>\n<p> Espera-se que o card do evento apresente muitas lutas emocionantes, especialmente no evento principal da noite, entre Ilia Topuria e Justin Gaethje, valendo o t\u00edtulo indiscut\u00edvel dos pesos-leves do UFC.<\/p>\n<p> Outra luta muito aguardada ser\u00e1 o confronto entre Alex Pereira e Cyril Gane pelo t\u00edtulo interino dos pesos pesados.<\/p>\n<p> Em outros combates, Sean O&#039;Malley enfrentar\u00e1 Aymann Zahabi na categoria peso galo, enquanto as estrelas em ascens\u00e3o Bo Nickal e Mauricio Ruffi buscar\u00e3o consolidar seus nomes em suas respectivas lutas nas categorias peso m\u00e9dio e peso leve.<\/p>\n<p> <strong>Leia tamb\u00e9m:<\/strong> O nome de Donald Trump foi removido da fachada do Kennedy Center.<\/p>","protected":false},"excerpt":{"rendered":"<p>Donald Trump e o CEO do UFC, Dana White, est\u00e3o prontos para realizar o aguardado evento do UFC no gramado sul da Casa Branca, ap\u00f3s superarem um contratempo de \u00faltima hora\u2026<\/p>","protected":false},"author":1,"featured_media":18477,"comment_status":"open","ping_status":"closed","sticky":false,"template":"","format":"standard","meta":{"footnotes":""},"categories":[5],"tags":[],"class_list":["post-18476","post","type-post","status-publish","format-standard","has-post-thumbnail","hentry","category-selebriti","hvn-theme-has-thumbnail"],"_links":{"self":[{"href":"https:\/\/imgist.ru\/pt\/wp-json\/wp\/v2\/posts\/18476","targetHints":{"allow":["GET"]}}],"collection":[{"href":"https:\/\/imgist.ru\/pt\/wp-json\/wp\/v2\/posts"}],"about":[{"href":"https:\/\/imgist.ru\/pt\/wp-json\/wp\/v2\/types\/post"}],"author":[{"embeddable":true,"href":"https:\/\/imgist.ru\/pt\/wp-json\/wp\/v2\/users\/1"}],"replies":[{"embeddable":true,"href":"https:\/\/imgist.ru\/pt\/wp-json\/wp\/v2\/comments?post=18476"}],"version-history":[{"count":3,"href":"https:\/\/imgist.ru\/pt\/wp-json\/wp\/v2\/posts\/18476\/revisions"}],"predecessor-version":[{"id":142643,"href":"https:\/\/imgist.ru\/pt\/wp-json\/wp\/v2\/posts\/18476\/revisions\/142643"}],"wp:featuredmedia":[{"embeddable":true,"href":"https:\/\/imgist.ru\/pt\/wp-json\/wp\/v2\/media\/18477"}],"wp:attachment":[{"href":"https:\/\/imgist.ru\/pt\/wp-json\/wp\/v2\/media?parent=18476"}],"wp:term":[{"taxonomy":"category","embeddable":true,"href":"https:\/\/imgist.ru\/pt\/wp-json\/wp\/v2\/categories?post=18476"},{"taxonomy":"post_tag","embeddable":true,"href":"https:\/\/imgist.ru\/pt\/wp-json\/wp\/v2\/tags?post=18476"}],"curies":[{"name":"wp","href":"https:\/\/api.w.org\/{rel}","templated":true}]}}