{"id":18713,"date":"2026-06-17T22:38:57","date_gmt":"2026-06-17T19:38:57","guid":{"rendered":"https:\/\/imgist.ru\/supermen-2-mettyu-lillard-primerit-na-sebya-rol-etogo-izvestnogo-supergeroya-dc-v-filme-dzhejmsa-ganna-chelovek-zavtrashnego-dnya-soglasno-novoj-teorii-o-sikvele-kinovselenno\/"},"modified":"2026-08-24T13:58:53","modified_gmt":"2026-08-24T10:58:53","slug":"superman-2-de-acordo-com-uma-nova-teoria-sobre-a-sequencia-do-mcu-matthew-lillard-assumira-o-papel-do-famoso-super-heroi-da-dc-no-filme-de-james-gunn-the-man-of-tomorrow","status":"publish","type":"post","link":"https:\/\/imgist.ru\/pt\/supermen-2-mettyu-lillard-primerit-na-sebya-rol-etogo-izvestnogo-supergeroya-dc-v-filme-dzhejmsa-ganna-chelovek-zavtrashnego-dnya-soglasno-novoj-teorii-o-sikvele-kinovselenno\/","title":{"rendered":"\u00abSuperman 2: De acordo com uma nova teoria sobre a sequ\u00eancia do Universo Estendido da DC, Matthew Lillard assumir\u00e1 o papel do famoso super-her\u00f3i da DC em Homem do Amanh\u00e3, de James Gunn."},"content":{"rendered":"<p>Matthew Lillard est\u00e1 vivendo um renascimento. Depois de ajudar duas franquias de terror a alcan\u00e7arem sucesso de bilheteria, ele migrou para a televis\u00e3o, aparecendo na segunda temporada de Demolidor: Renascimento como o enigm\u00e1tico Sr. Charles. Para seu pr\u00f3ximo projeto, Lillard permanecer\u00e1 firmemente no g\u00eanero de super-her\u00f3is, assinando contrato para estrelar a t\u00e3o aguardada sequ\u00eancia da DC Studios, Homem do Amanh\u00e3.<\/p>\n<p> Como costuma acontecer hoje em dia com filmes baseados em quadrinhos, a m\u00eddia n\u00e3o conseguiu descobrir quem Lillard est\u00e1 interpretando. Talvez ele esteja simplesmente fazendo um favor ao seu velho amigo James Gunn, com quem trabalhou nos filmes do Scooby-Doo no in\u00edcio dos anos 2000, aparecendo em um papel coadjuvante. No entanto, essa teoria n\u00e3o \u00e9 t\u00e3o convincente quanto a de que Lillard d\u00e1 vida ao famoso her\u00f3i da DC.<\/p>\n<figure><figcaption> Televis\u00e3o Marvel<\/figcaption><\/figure>\n<p> Diversas op\u00e7\u00f5es de elenco para Lillard j\u00e1 est\u00e3o circulando na internet. Uma ideia popular \u00e9 que ele interprete o Homem-Borracha, um personagem complexo com o qual ele j\u00e1 foi associado no passado. Mas outro personagem tamb\u00e9m est\u00e1 entre os cotados: Ted Kord, o Besouro Azul original.<\/p>\n<p> Um usu\u00e1rio do f\u00f3rum Home of DCU on X nas redes sociais expressou seu apoio \u00e0 teoria de Ted Kord, escrevendo: &quot;\u00ab <strong>Minha teoria definitivamente favorece Ted Kord. Ele teria a idade certa para Kumail interpretar o Booster.<\/strong><\/p>\n<p> Atualmente, nem Kumail Nanjiani nem Gunn confirmaram que o ator de Eternos far\u00e1 a transi\u00e7\u00e3o para o Universo DC para interpretar um her\u00f3i viajante do tempo. Caso isso aconte\u00e7a, o site Home of DCU afirma corretamente que suas idades seriam semelhantes, considerando como suas intera\u00e7\u00f5es se desenrolam nos quadrinhos.<\/p>\n<p> O que o usu\u00e1rio n\u00e3o percebe \u00e9 que existe outro aspecto a ser considerado, o que explica por que Gunn e sua equipe podem querer lan\u00e7ar o Cord mais cedo do que tarde.<\/p>\n<h2> Matthew Lillard, interpretando Ted Kord, resolve um grande mist\u00e9rio no universo da DC.<\/h2>\n<\/p>\n<p> No in\u00edcio de maio, Gunn respondeu a uma pergunta nas redes sociais sobre o status can\u00f4nico de dois projetos da era DCEU: Esquadr\u00e3o Suicida e Besouro Azul. <strong>\u00bbSua resposta se mostrou bastante esclarecedora, pois ele explicou que havia refletido muito sobre o assunto.<\/strong><\/p>\n<blockquote>\n<p> \u00ab&quot;Tenho pensado muito sobre isso em rela\u00e7\u00e3o a Esquadr\u00e3o Suicida e Besouro Azul, e pretendo rever os dois filmes, considerando o que sei agora, quase tr\u00eas anos depois do in\u00edcio do Universo DC (e mais alguns anos escrevendo ou criando roteiros ativamente). Talvez depois de Death Theory, Jenn, Steve e eu possamos nos reunir para gravar alguns podcasts especiais para discutir isso. O que voc\u00eas acham que \u00e9 potencialmente ou definitivamente N\u00c3O can\u00f4nico em Esquadr\u00e3o Suicida e Besouro Azul?&quot;\u00ab<\/p>\n<\/blockquote>\n<p> O fato de Gunn estar adiando a discuss\u00e3o at\u00e9 o lan\u00e7amento de Homem de A\u00e7o certamente d\u00e1 a impress\u00e3o de que ele n\u00e3o est\u00e1 preocupado em incorporar personagens do Besouro Azul \u00e0 trama. No entanto, \u00e9 poss\u00edvel que ele esteja tentando confundir os f\u00e3s, como j\u00e1 aconteceu antes.<\/p>\n<p> No final do filme Besouro Azul de 2023, Jaime Reyes salvou sua fam\u00edlia e derrotou o vil\u00e3o Carapace. Ele tamb\u00e9m se aproximou de Jenny Kord, filha de Ted Kord. Embora Jenny acreditasse que seu pai estivesse morto, a cena p\u00f3s-cr\u00e9ditos de Besouro Azul revelou que ele estava por a\u00ed em algum lugar, pronto para se reencontrar com ela.<\/p>\n<p> Os momentos finais de &quot;Besouro Azul&quot; provavelmente foram concebidos como uma prepara\u00e7\u00e3o para uma sequ\u00eancia independente. Isso nunca aconteceu, e uma s\u00e9rie animada foi aprovada em seu lugar. Mas n\u00e3o h\u00e1 motivo para que as aventuras de Jamie e Jenny continuem exclusivamente em formato de anima\u00e7\u00e3o.<\/p>\n<figure><figcaption> DC Studios<\/figcaption><\/figure>\n<p> Gunn poderia facilmente assumir o manto do Besouro Azul e dar continuidade ao legado, transformando seu bom amigo em Kord. Talvez toda a equipe tenha se reunido nos \u00faltimos anos, e Kord esteja ajudando Jaime a se tornar um membro fundamental da nova gera\u00e7\u00e3o de super-her\u00f3is.<\/p>\n<p> Seria semelhante \u00e0 din\u00e2mica entre Scott Lang e Hank Pym, que se provou t\u00e3o bem-sucedida na Marvel Studios. Ali\u00e1s, independentemente dos projetos em que esses personagens apare\u00e7am, eles se encaixam perfeitamente no contexto geral.<\/p>\n<p> \u00c9 claro que a DC n\u00e3o est\u00e1 tentando copiar as ideias de seus concorrentes. Mas quando um ator talentoso como Lillard entra em cena, a \u00faltima coisa que os executivos do est\u00fadio querem \u00e9 desperdi\u00e7ar seu potencial em uma participa\u00e7\u00e3o especial. Cord \u00e9 tudo menos isso; ele \u00e9 um g\u00eanio com potencial ilimitado.<\/p>","protected":false},"excerpt":{"rendered":"<p>Matthew Lillard est\u00e1 vivendo um renascimento. Depois de ajudar duas franquias de terror a alcan\u00e7arem sucesso de bilheteria, ele migrou para a televis\u00e3o, estrelando a segunda temporada de\u2026<\/p>","protected":false},"author":1,"featured_media":18714,"comment_status":"open","ping_status":"closed","sticky":false,"template":"","format":"standard","meta":{"footnotes":""},"categories":[6],"tags":[],"class_list":["post-18713","post","type-post","status-publish","format-standard","has-post-thumbnail","hentry","category-kinoindustriya","hvn-theme-has-thumbnail"],"_links":{"self":[{"href":"https:\/\/imgist.ru\/pt\/wp-json\/wp\/v2\/posts\/18713","targetHints":{"allow":["GET"]}}],"collection":[{"href":"https:\/\/imgist.ru\/pt\/wp-json\/wp\/v2\/posts"}],"about":[{"href":"https:\/\/imgist.ru\/pt\/wp-json\/wp\/v2\/types\/post"}],"author":[{"embeddable":true,"href":"https:\/\/imgist.ru\/pt\/wp-json\/wp\/v2\/users\/1"}],"replies":[{"embeddable":true,"href":"https:\/\/imgist.ru\/pt\/wp-json\/wp\/v2\/comments?post=18713"}],"version-history":[{"count":3,"href":"https:\/\/imgist.ru\/pt\/wp-json\/wp\/v2\/posts\/18713\/revisions"}],"predecessor-version":[{"id":139834,"href":"https:\/\/imgist.ru\/pt\/wp-json\/wp\/v2\/posts\/18713\/revisions\/139834"}],"wp:featuredmedia":[{"embeddable":true,"href":"https:\/\/imgist.ru\/pt\/wp-json\/wp\/v2\/media\/18714"}],"wp:attachment":[{"href":"https:\/\/imgist.ru\/pt\/wp-json\/wp\/v2\/media?parent=18713"}],"wp:term":[{"taxonomy":"category","embeddable":true,"href":"https:\/\/imgist.ru\/pt\/wp-json\/wp\/v2\/categories?post=18713"},{"taxonomy":"post_tag","embeddable":true,"href":"https:\/\/imgist.ru\/pt\/wp-json\/wp\/v2\/tags?post=18713"}],"curies":[{"name":"wp","href":"https:\/\/api.w.org\/{rel}","templated":true}]}}