{"id":18770,"date":"2026-06-18T22:33:05","date_gmt":"2026-06-18T19:33:05","guid":{"rendered":"https:\/\/imgist.ru\/studiya-dc-podtverdila-vyhod-svoego-pyatogo-proekta-v-kotorom-glavnuyu-rol-sygraet-zlodej\/"},"modified":"2026-08-24T13:59:00","modified_gmt":"2026-08-24T10:59:00","slug":"a-dc-studios-confirmou-o-lancamento-de-seu-quinto-projeto-que-tera-como-protagonista-um-vilao","status":"publish","type":"post","link":"https:\/\/imgist.ru\/pt\/studiya-dc-podtverdila-vyhod-svoego-pyatogo-proekta-v-kotorom-glavnuyu-rol-sygraet-zlodej\/","title":{"rendered":"A DC Studios confirmou o lan\u00e7amento de seu quinto projeto, no qual o vil\u00e3o desempenhar\u00e1 o papel principal."},"content":{"rendered":"<p>A DC Studios n\u00e3o tem medo de hist\u00f3rias sombrias, tendo j\u00e1 anunciado seu quinto projeto com um vil\u00e3o principal. Claro, os pr\u00f3ximos dois ver\u00f5es ser\u00e3o dedicados aos her\u00f3is do bem. Supergirl chegar\u00e1 em breve aos cinemas e promete rivalizar com v\u00e1rios gigantes de bilheteria. Em 2027, ser\u00e1 lan\u00e7ado Homem do Amanh\u00e3, onde o Superman e seu n\u00eamesis Lex Luthor enfrentar\u00e3o o terr\u00edvel androide Brainiac.<\/p>\n<p> O Homem de A\u00e7o e Lex Luthor certamente t\u00eam todos os ingredientes para serem o casal mais improv\u00e1vel do Universo DC. No entanto, eles enfrentar\u00e3o a concorr\u00eancia de uma fonte inesperada. Durante uma apari\u00e7\u00e3o no tapete vermelho para o lan\u00e7amento de Supergirl, o co-CEO da DC Studios, Peter Safran, foi questionado sobre os pr\u00f3ximos projetos da empresa (de acordo com o Good Nerd). Ele falou bastante sobre The Brave and the Bold, mas tamb\u00e9m mencionou o que chamou de &quot;projeto de super-her\u00f3i&quot;. <strong>\u00ab&quot;O Show do Gorila Grodd&quot;.<\/strong><\/p>\n<figure><figcaption> DC Studios<\/figcaption><\/figure>\n<p> Safran se referia a uma s\u00e9rie derivada de Jimmy Olsen, que, segundo consta, teve v\u00e1rios t\u00edtulos diferentes. Nesse falso document\u00e1rio, o Superman investigaria crimes ao redor do mundo, e um de seus alvos seria o Gorila Grodd, que fez uma breve apari\u00e7\u00e3o em &quot;Monster Commandos&quot;. Mas Safran indicou que Grodd estava aberto a um papel importante na s\u00e9rie, possivelmente at\u00e9 mesmo assumindo o protagonismo anteriormente ocupado por Olsen.<\/p>\n<p> Grodd \u00e9 um dos personagens mais inteligentes da DC, fruto de experimentos governamentais, e possui uma longa hist\u00f3ria nos quadrinhos. Ele tamb\u00e9m fez apari\u00e7\u00f5es frequentes em The Flash, da CW, ent\u00e3o a aten\u00e7\u00e3o do p\u00fablico n\u00e3o \u00e9 novidade para ele. Ser\u00e1 preciso um pouco de esfor\u00e7o para fazer dele e de Olsen um par convincente, j\u00e1 que est\u00e1 sendo bastante dif\u00edcil encontrarem pontos em comum.<\/p>\n<p> Felizmente, Safran e seu s\u00f3cio-CEO, James Gunn, sabem muito bem como desenvolver seus vil\u00f5es, especialmente quando eles est\u00e3o liderando o ataque em vez de espreitando nas sombras.<\/p>\n<h2> Nos projetos do Universo DC, os pap\u00e9is principais s\u00e3o desempenhados por vil\u00f5es.<\/h2>\n<h3> Pacificador<\/h3>\n<figure><figcaption> DC Studios<\/figcaption><\/figure>\n<p> Gunn teve um in\u00edcio triunfal com seu primeiro projeto no Universo DC, Esquadr\u00e3o Suicida. O filme, que apresentou um elenco completamente novo de encrenqueiros, deu destaque a personagens como o Flautista e o Bloodsport. No entanto, a verdadeira revela\u00e7\u00e3o foi o Pacificador, que matou Rick Flag Jr. para encobrir os crimes de Amanda Waller.<\/p>\n<p> O assassinato de um her\u00f3i americano leva Christopher Smith a uma jornada de reden\u00e7\u00e3o em sua s\u00e9rie solo, Peacemaker. Na segunda temporada da s\u00e9rie da HBO Max, lan\u00e7ada sob os ausp\u00edcios do Universo DC, o personagem-t\u00edtulo e seus amigos tentam escapar de Rick Flag Sr., o novo l\u00edder da A.R.G.U.S., que est\u00e1 obcecado por vingan\u00e7a.<\/p>\n<h3> Comandos Criatura<\/h3>\n<figure><figcaption> DC Studios<\/figcaption><\/figure>\n<p> Antes de Flag Sr. se deixar consumir pela vingan\u00e7a, ele corrigiu os erros de Waller na s\u00e9rie animada Creature Commandos. Ap\u00f3s a For\u00e7a-Tarefa X ser incapacitada, o novo grupo de vil\u00f5es descobriu que trabalhar para o governo n\u00e3o era t\u00e3o bom assim. A Noiva assumiu o comando, viajando para Pokolistan para proteger a Princesa Ilana Rostovich da feiticeira Circe.<\/p>\n<p> A primeira temporada de Commando, composta por sete epis\u00f3dios, revelou as hist\u00f3rias de fundo de cada um dos personagens principais, cada uma mais tr\u00e1gica que a anterior. Apesar do final sombrio, o epis\u00f3dio final da primeira temporada deu pistas sobre o futuro da equipe, o que pode levar \u00e0 sua apari\u00e7\u00e3o em um filme com atores reais.<\/p>\n<h3> Cara de Barro<\/h3>\n<figure><figcaption> DC Studios<\/figcaption><\/figure>\n<p> Um vil\u00e3o da DC que j\u00e1 est\u00e1 transcendendo a anima\u00e7\u00e3o \u00e9 o Cara-de-Barro, que fez uma pequena apari\u00e7\u00e3o no filme &quot;Monster Commandos&quot;, onde espancou Flag Sr. Resta saber se o filme de 2026 apresentar\u00e1 a mesma vers\u00e3o do personagem. De qualquer forma, o Cara-de-Barro levar\u00e1 o personagem a um n\u00edvel totalmente novo.<\/p>\n<p> O filme gira em torno de Matt Hagen, um aspirante a ator que perde tudo ap\u00f3s um ataque com faca. Os \u00edcones do terror James Watkins e Mike Flanagan pretendem expandir essa ideia, criando o que \u00e9, sem d\u00favida, o projeto mais aterrorizante da DC Studios at\u00e9 hoje.<\/p>\n<h3> O filme &quot;Deathstroke e Bane&quot;\u00ab<\/h3>\n<figure><figcaption> Warner Bros. Pictures<\/figcaption><\/figure>\n<p> Enquanto Cara-de-Barro se prepara para sua chegada triunfal \u00e0s telonas, dois outros vil\u00f5es do universo do Batman buscam reden\u00e7\u00e3o. A DC Studios est\u00e1 desenvolvendo um filme que unir\u00e1 Exterminador e Bane, e o diretor de Pacificador, Greg Mottola, estaria considerando dirigir o projeto (de acordo com o Deadline).<\/p>\n<p> Embora n\u00e3o haja uma conex\u00e3o \u00f3bvia entre o Exterminador e sua futura parceira nas telas, o \u00f3dio que ambos nutrem pelo Cavaleiro das Trevas pode ser motivo suficiente para a liga\u00e7\u00e3o entre eles. Tamb\u00e9m \u00e9 poss\u00edvel que o futuro deles dependa do arco narrativo &quot;Salvation&quot;, apresentado na segunda temporada de &quot;Peacemaker&quot;.<\/p>\n<h3> B\u00f4nus: Pinguim<\/h3>\n<figure><figcaption> DC Studios<\/figcaption><\/figure>\n<p> Matt Reeves claramente n\u00e3o \u00e9 do tipo que divide ideias; ele rejeitou repetidamente a ideia de um crossover entre seu universo do Batman e o Universo DC. No entanto, a DC Studios ainda est\u00e1 financiando o projeto, o que significa que Pinguim, filme produzido por ele, pode muito bem entrar nessa lista.<\/p>\n<p> O spin-off de Batman da HBO Max envia Oz Cobb em uma miss\u00e3o para preencher o vazio no submundo do crime de Gotham City. Oz mentiu, roubou e matou para chegar ao topo e, no final da s\u00e9rie, ele almejava o cargo de prefeito. No entanto, suas aventuras ter\u00e3o que continuar nas telonas, j\u00e1 que, segundo informa\u00e7\u00f5es, o Pinguim n\u00e3o retornar\u00e1 para a segunda temporada.<\/p>","protected":false},"excerpt":{"rendered":"<p>A DC Studios n\u00e3o tem medo de hist\u00f3rias sombrias, tendo j\u00e1 anunciado seu quinto projeto com um vil\u00e3o principal. Claro, os pr\u00f3ximos dois ver\u00f5es ser\u00e3o dedicados aos her\u00f3is do bem. Em breve nos cinemas...<\/p>","protected":false},"author":1,"featured_media":18771,"comment_status":"open","ping_status":"closed","sticky":false,"template":"","format":"standard","meta":{"footnotes":""},"categories":[6],"tags":[],"class_list":["post-18770","post","type-post","status-publish","format-standard","has-post-thumbnail","hentry","category-kinoindustriya","hvn-theme-has-thumbnail"],"_links":{"self":[{"href":"https:\/\/imgist.ru\/pt\/wp-json\/wp\/v2\/posts\/18770","targetHints":{"allow":["GET"]}}],"collection":[{"href":"https:\/\/imgist.ru\/pt\/wp-json\/wp\/v2\/posts"}],"about":[{"href":"https:\/\/imgist.ru\/pt\/wp-json\/wp\/v2\/types\/post"}],"author":[{"embeddable":true,"href":"https:\/\/imgist.ru\/pt\/wp-json\/wp\/v2\/users\/1"}],"replies":[{"embeddable":true,"href":"https:\/\/imgist.ru\/pt\/wp-json\/wp\/v2\/comments?post=18770"}],"version-history":[{"count":6,"href":"https:\/\/imgist.ru\/pt\/wp-json\/wp\/v2\/posts\/18770\/revisions"}],"predecessor-version":[{"id":139845,"href":"https:\/\/imgist.ru\/pt\/wp-json\/wp\/v2\/posts\/18770\/revisions\/139845"}],"wp:featuredmedia":[{"embeddable":true,"href":"https:\/\/imgist.ru\/pt\/wp-json\/wp\/v2\/media\/18771"}],"wp:attachment":[{"href":"https:\/\/imgist.ru\/pt\/wp-json\/wp\/v2\/media?parent=18770"}],"wp:term":[{"taxonomy":"category","embeddable":true,"href":"https:\/\/imgist.ru\/pt\/wp-json\/wp\/v2\/categories?post=18770"},{"taxonomy":"post_tag","embeddable":true,"href":"https:\/\/imgist.ru\/pt\/wp-json\/wp\/v2\/tags?post=18770"}],"curies":[{"name":"wp","href":"https:\/\/api.w.org\/{rel}","templated":true}]}}