{"id":18782,"date":"2026-06-18T22:34:16","date_gmt":"2026-06-18T19:34:16","guid":{"rendered":"https:\/\/imgist.ru\/v-2026-godu-dc-comics-predstavit-11-novyh-zlodeev-podtverzhdeno\/"},"modified":"2026-08-24T13:59:00","modified_gmt":"2026-08-24T10:59:00","slug":"a-dc-comics-confirmou-que-apresentara-11-novos-viloes-em-2026","status":"publish","type":"post","link":"https:\/\/imgist.ru\/pt\/v-2026-godu-dc-comics-predstavit-11-novyh-zlodeev-podtverzhdeno\/","title":{"rendered":"A DC Comics vai apresentar 11 novos vil\u00f5es em 2026 (Confirmado)."},"content":{"rendered":"<p>At\u00e9 o final de 2026, o Universo DC de James Gunn contar\u00e1 com uma s\u00e9rie de novos vil\u00f5es. Tendo iniciado a produ\u00e7\u00e3o do primeiro filme, &quot;Deuses e Monstros&quot;, em dezembro de 2024, os co-CEOs da DC Studios, James Gunn e Peter Safran, continuam a expandir a franquia, explorando novos cantos do Universo DC. Embora os her\u00f3is sejam, sem d\u00favida, o foco da hist\u00f3ria, uma s\u00e9rie de novos vil\u00f5es adicionar\u00e1 sua pr\u00f3pria din\u00e2mica.<\/p>\n<p> Em 2026, a DC Studios apresentar\u00e1 11 vil\u00f5es do Universo Estendido DC. Embora o primeiro filme abranja a trama principal da DC Studios, diversos outros universos e antagonistas tamb\u00e9m ter\u00e3o a oportunidade de brilhar em seis projetos diferentes, que ser\u00e3o lan\u00e7ados nos cinemas e na HBO Max.<\/p>\n<h2> Todos os principais vil\u00f5es da DC Studios que chegar\u00e3o em 2026.<\/h2>\n<h3> Creme - Supergirl<\/h3>\n<figure><figcaption> DC Studios<\/figcaption><\/figure>\n<p> A DC Studios dar\u00e1 in\u00edcio ao ano nos cinemas com Supergirl, que estreia em 26 de junho. A principal vil\u00e3 ser\u00e1 Cream of the Yellow Hills, interpretada por Matthias Schoenaerts. Esta ser\u00e1 a primeira apari\u00e7\u00e3o de Cream em um filme live-action da DC.<\/p>\n<p> Conhecido como o principal vil\u00e3o da hist\u00f3ria em quadrinhos &quot;Woman of Tomorrow&quot; da DC Comics (na qual o filme \u00e9 baseado), Cream \u00e9 um assassino e criminoso implac\u00e1vel que mata o pai de Ruthie Marie Knoll e arma um plano de vingan\u00e7a para ela. Ele tamb\u00e9m fere gravemente Krypto, o Superc\u00e3o, tornando-se inimigo de Kara Zor-El.<\/p>\n<h3> Lobo - Supergirl<\/h3>\n<figure><figcaption> DC Studios<\/figcaption><\/figure>\n<p> Al\u00e9m de Cream of the Yellow Hills, Jason Momoa retorna ao Universo DC como Lobo, ap\u00f3s sete anos como Aquaman no antigo Universo Estendido da DC.<\/p>\n<p> Espera-se que Lobo apare\u00e7a por volta do epis\u00f3dio 15% de Supergirl, onde o ca\u00e7ador de recompensas czarniano encontrar\u00e1 Kara Zor-El pela primeira vez. Embora seu papel na hist\u00f3ria ainda seja desconhecido, Momoa trar\u00e1 sua paix\u00e3o e entusiasmo para o personagem, que ele descreveu como o papel dos seus sonhos em uma s\u00e9rie da DC.<\/p>\n<h3> Ciborgue Superman - Minhas Aventuras com o Superman, Temporada 3<\/h3>\n<figure><figcaption> Distribui\u00e7\u00e3o de Televis\u00e3o Warner Bros.<\/figcaption><\/figure>\n<p> Na terceira temporada de Minhas Aventuras com o Superman, Clark Kent, interpretado por Jack Quaid, enfrentar\u00e1 uma horda de novos vil\u00f5es, incluindo uma vers\u00e3o cibern\u00e9tica do her\u00f3i titular.<\/p>\n<p> Ap\u00f3s o avi\u00e3o de Hank Henshaw ser abatido na segunda temporada, ele retorna, aprimorado com tecnologia, tornando-se o Ciborgue Superman. Nesta temporada, espera-se que ele se torne o principal inimigo do Superman, representando uma s\u00e9ria amea\u00e7a como um duplo mec\u00e2nico.<\/p>\n<h3> \u00ab&quot;O Lutador&quot; - Minhas Aventuras com o Superman, 3\u00aa Temporada.<\/h3>\n<figure><figcaption> DC Comics<\/figcaption><\/figure>\n<p> Esta temporada adaptar\u00e1 o arco narrativo &quot;Reinado dos Super-Homens&quot;, que apresentar\u00e1 outra vers\u00e3o do Superman: o Erradicador.<\/p>\n<p> Na segunda temporada, o Erradicador \u00e9 um perigoso programa kryptoniano de controle mental criado por Kem-L, um dos ancestrais do Superman. Na terceira temporada, esse programa pode se manifestar em uma forma senciente ou assumir o controle de outro kryptoniano, como o General Zod.<\/p>\n<h3> Bizarro - Minhas Aventuras com o Superman, Temporada 3<\/h3>\n<figure><figcaption> Distribui\u00e7\u00e3o de Televis\u00e3o Warner Bros.<\/figcaption><\/figure>\n<p> No in\u00edcio da 3\u00aa temporada de Minhas Aventuras com o Superman, foi apresentada uma vers\u00e3o bizarra do Superman - um clone kryptoniano criado para o Projeto CALIBAN.<\/p>\n<p> Criado por George Otto Binder, ele permaneceu no laborat\u00f3rio da CALIBAN ao lado de seu &quot;C\u00e3o&quot; at\u00e9 ser atacado por um drone da LexCorp. Bizarro possui muitas habilidades semelhantes \u00e0s do Superman, mas pode n\u00e3o se tornar um vil\u00e3o ao longo da temporada.<\/p>\n<h3> Bane - Batman: Knightfall<\/h3>\n<figure><figcaption> DC Comics<\/figcaption><\/figure>\n<p> \u00abBatman: Knightfall, o primeiro de tr\u00eas filmes de anima\u00e7\u00e3o que comp\u00f5em esta hist\u00f3ria, ser\u00e1 o pr\u00f3ximo grande filme do Batman da DC, ap\u00f3s Batman Parte II e Batman: Os Bravos e os Destemidos. Assim como nos quadrinhos, o principal vil\u00e3o do filme ser\u00e1 um dos inimigos mais famosos do Batman, Bane.<\/p>\n<p> Nessa hist\u00f3ria, Bane enfraquece sistematicamente o Batman, chegando a quebrar sua coluna, antes de assumir o controle do submundo do crime de Gotham, for\u00e7ando Bruce Wayne a lutar contra uma horda de fugitivos do Asilo Arkham. Essa trama foi anunciada para o novo filme (de acordo com o IGN) na sinopse oficial, que descreveu como Bane <strong>\u00ab&quot;Libera toda a galeria de vil\u00f5es do Batman.&quot;.<\/strong><\/p>\n<h3> O Chapeleiro Louco \u2014 Batman: O Cavaleiro das Trevas, 2\u00aa Temporada<\/h3>\n<figure><figcaption> Amazon Prime Video<\/figcaption><\/figure>\n<p> No dia 31 de julho, Batman: O Cruzado Encapuzado ser\u00e1 lan\u00e7ado no Prime Video, apresentando uma vers\u00e3o com troca de g\u00eanero de um dos vil\u00f5es cl\u00e1ssicos do Batman, o Chapeleiro Louco.<\/p>\n<p> Em sua nova identidade, a vil\u00e3, chamada Hattie, apresentar\u00e1 um talk show dentro do jogo chamado &quot;O Ch\u00e1 da Hattie&quot;, usando a plataforma para executar seus planos de controle mental. Nos quadrinhos, a personagem \u00e9 obcecada por Alice no Pa\u00eds das Maravilhas, de Lewis Carroll, e usa tecnologia de controle mental atrav\u00e9s de um chap\u00e9u para manipular suas v\u00edtimas e dar vida \u00e0s suas fantasias distorcidas.<\/p>\n<h3> O Charada \u2014 Batman: O Cavaleiro das Trevas, 2\u00aa Temporada<\/h3>\n<figure><figcaption> Amazon Prime Video<\/figcaption><\/figure>\n<p> Ap\u00f3s sua \u00faltima apari\u00e7\u00e3o no filme The Batman de 2022, interpretado por Paul Dano, o Charada retornar\u00e1 aos holofotes na segunda temporada de Batman: O Cruzado Encapuzado.<\/p>\n<p> Mais frequentemente retratado como Edward Nygma, este g\u00eanio do crime \u00e9 conhecido por seu intelecto genial, narcisismo e compuls\u00e3o por deixar pistas e enigmas para o Batman. Seu arco narrativo nesta s\u00e9rie \u00e9 atualmente desconhecido.<\/p>\n<h3> Sinestro - Lanternas<\/h3>\n<figure><figcaption> DC Comics<\/figcaption><\/figure>\n<p> Na s\u00e9rie &quot;Lanterns&quot;, que estreia em 2026, Ulrich Thomsen assumir\u00e1 a desafiadora tarefa de interpretar o vil\u00e3o Sinestro.<\/p>\n<p> Este personagem ser\u00e1 apresentado como o alien\u00edgena que treinou Hal Jordan para se juntar \u00e0 Tropa dos Lanternas Verdes, criando uma intrigante rela\u00e7\u00e3o de mentor e mentor entre Sinestro, Hal e John Stewart. H\u00e1 rumores de que Sinestro aparecer\u00e1 em todos os epis\u00f3dios de Star Lanterns e, embora ele possa n\u00e3o ser o principal vil\u00e3o da primeira temporada, espera-se que ele eventualmente tome um rumo sinistro.<\/p>\n<h3> Antaan - Lanternas<\/h3>\n<figure><figcaption> DC Comics.<\/figcaption><\/figure>\n<p> Juntamente com Sinestro, Star Lanterns tamb\u00e9m apresentar\u00e1 outro grande vil\u00e3o chamado Antaan, que tamb\u00e9m entrar\u00e1 no Universo Estendido da DC (DCEU).<\/p>\n<p> Antaan, interpretado por Paul Ben-Victor, \u00e9 um alien\u00edgena em busca de justi\u00e7a contra os respons\u00e1veis pela morte de seu povo (semelhante a outro personagem dos Lanternas Verdes, Atrocitus). Ele poderia ser um membro da Tropa dos Lanternas Vermelhos, marcando a primeira apari\u00e7\u00e3o do grupo nas telas.<\/p>\n<h3> Cara de Barro - Cara de Barro<\/h3>\n<figure><figcaption> DC Studios<\/figcaption><\/figure>\n<p> Diferentemente de tudo o que a DC Studios lan\u00e7ar\u00e1 este ano, Clayface, que estreia em 23 de outubro, ter\u00e1 um vil\u00e3o como personagem central. Estrelado por Tom Rhys Harris como Matt Hagen, ser\u00e1 o primeiro filme do Universo Estendido DC (DCEU) a se concentrar em um \u00fanico vil\u00e3o desde Monster Commando, de 2024, que teve como foco uma equipe de antagonistas.<\/p>\n<p> Este filme conta a hist\u00f3ria da ascens\u00e3o de Matt Hagen, um aspirante a ator cujo rosto \u00e9 desfigurado por um gangster, levando-o a participar de um experimento que muda sua vida para sempre. Ap\u00f3s o experimento, seu corpo adquire propriedades semelhantes a argila, que ele pode usar para se moldar em quase qualquer coisa neste filme inspirado no terror corporal.<\/p>","protected":false},"excerpt":{"rendered":"<p>O Universo DC de James Gunn ver\u00e1 o surgimento de uma s\u00e9rie de novos vil\u00f5es at\u00e9 o final de 2026. Com o in\u00edcio das filmagens do primeiro filme, &quot;Deuses e Monstros&quot;, previsto para dezembro de 2024,\u2026<\/p>","protected":false},"author":1,"featured_media":18783,"comment_status":"open","ping_status":"closed","sticky":false,"template":"","format":"standard","meta":{"footnotes":""},"categories":[6],"tags":[],"class_list":["post-18782","post","type-post","status-publish","format-standard","has-post-thumbnail","hentry","category-kinoindustriya","hvn-theme-has-thumbnail"],"_links":{"self":[{"href":"https:\/\/imgist.ru\/pt\/wp-json\/wp\/v2\/posts\/18782","targetHints":{"allow":["GET"]}}],"collection":[{"href":"https:\/\/imgist.ru\/pt\/wp-json\/wp\/v2\/posts"}],"about":[{"href":"https:\/\/imgist.ru\/pt\/wp-json\/wp\/v2\/types\/post"}],"author":[{"embeddable":true,"href":"https:\/\/imgist.ru\/pt\/wp-json\/wp\/v2\/users\/1"}],"replies":[{"embeddable":true,"href":"https:\/\/imgist.ru\/pt\/wp-json\/wp\/v2\/comments?post=18782"}],"version-history":[{"count":11,"href":"https:\/\/imgist.ru\/pt\/wp-json\/wp\/v2\/posts\/18782\/revisions"}],"predecessor-version":[{"id":139868,"href":"https:\/\/imgist.ru\/pt\/wp-json\/wp\/v2\/posts\/18782\/revisions\/139868"}],"wp:featuredmedia":[{"embeddable":true,"href":"https:\/\/imgist.ru\/pt\/wp-json\/wp\/v2\/media\/18783"}],"wp:attachment":[{"href":"https:\/\/imgist.ru\/pt\/wp-json\/wp\/v2\/media?parent=18782"}],"wp:term":[{"taxonomy":"category","embeddable":true,"href":"https:\/\/imgist.ru\/pt\/wp-json\/wp\/v2\/categories?post=18782"},{"taxonomy":"post_tag","embeddable":true,"href":"https:\/\/imgist.ru\/pt\/wp-json\/wp\/v2\/tags?post=18782"}],"curies":[{"name":"wp","href":"https:\/\/api.w.org\/{rel}","templated":true}]}}