{"id":18997,"date":"2026-06-21T22:34:40","date_gmt":"2026-06-21T19:34:40","guid":{"rendered":"https:\/\/imgist.ru\/marvel-i-dc-podtverdili-raspisanie-istoricheskih-teleshou-na-leto-2026-goda\/"},"modified":"2026-08-24T13:59:43","modified_gmt":"2026-08-24T10:59:43","slug":"a-marvel-e-a-dc-confirmaram-sua-programacao-historica-de-series-de-televisao-para-o-verao-de-2026","status":"publish","type":"post","link":"https:\/\/imgist.ru\/pt\/marvel-i-dc-podtverdili-raspisanie-istoricheskih-teleshou-na-leto-2026-goda\/","title":{"rendered":"A Marvel e a DC confirmaram suas programa\u00e7\u00f5es hist\u00f3ricas de s\u00e9ries de TV para o ver\u00e3o de 2026."},"content":{"rendered":"<p>A Marvel e a DC fizeram hist\u00f3ria oficialmente com sua programa\u00e7\u00e3o de anima\u00e7\u00f5es para o ver\u00e3o de 2026. Ambos os est\u00fadios est\u00e3o prontos para superar todas as expectativas nesta temporada, e isso tem pouco a ver com a quantidade de lan\u00e7amentos. Muitos filmes de anima\u00e7\u00e3o da Marvel e da DC j\u00e1 foram lan\u00e7ados entre junho e agosto, mas nenhum deles se compara a este.<\/p>\n<p> Pela primeira vez em um \u00fanico ver\u00e3o, tr\u00eas s\u00e9ries animadas da Marvel Studios e da DC Studios ser\u00e3o lan\u00e7adas em plataformas de streaming. Temporadas anteriores tamb\u00e9m contaram com s\u00e9ries animadas da Marvel e da DC, mas elas n\u00e3o foram produzidas pela Marvel Studios ou pela DC Studios e, \u00e0s vezes, eram voltadas para o p\u00fablico pr\u00e9-escolar, em vez do p\u00fablico mais velho visado pelos novos projetos. Este trio est\u00e1 sendo lan\u00e7ado com o apoio total de ambos os est\u00fadios l\u00edderes. Essas s\u00e9ries t\u00eam um p\u00fablico fiel e, gradualmente, se tornaram quase t\u00e3o importantes quanto os filmes live-action da DC e da Marvel Studios.<\/p>\n<h2> <strong>A Marvel e a DC far\u00e3o hist\u00f3ria com uma s\u00e9rie de programas de TV animados programados para o ver\u00e3o de 2026.<\/strong><\/h2>\n<p> A distribui\u00e7\u00e3o de ver\u00e3o j\u00e1 come\u00e7ou. &quot;Minhas Aventuras com o Superman&quot; retornou ao Adult Swim em 13 de junho como parte do bloco noturno Toonami, e cada epis\u00f3dio estreou na HBO Max no dia seguinte.<\/p>\n<figure><figcaption> Distrito de Col\u00fambia<\/figcaption><\/figure>\n<p> A nova temporada \u00e9 baseada em uma das sagas mais ousadas do Superman nos quadrinhos e adapta o arco &quot;Reinado dos Supermen&quot;, que se desenrolou ap\u00f3s a morte e ressurrei\u00e7\u00e3o do her\u00f3i nos quadrinhos. Jack Quaid retorna como a voz de Clark Kent, e o primeiro p\u00f4ster da temporada apresenta o Ciborgue Superman, cujo s\u00edmbolo no peito faz refer\u00eancia direta a Lex Luthor e a um tom mais sombrio do que as vibrantes primeiras temporadas da s\u00e9rie.<\/p>\n<p> A pr\u00f3xima novidade \u00e9 X-Men &#039;97. A Marvel Animation definiu a data de lan\u00e7amento da segunda temporada da s\u00e9rie mutante revivida para 1\u00ba de julho no Disney+, com nove epis\u00f3dios a serem exibidos ap\u00f3s a estreia mundial no Festival de Cinema de Tribeca. A primeira temporada terminou com a equipe sendo lan\u00e7ada atrav\u00e9s de toda a linha do tempo, e a segunda temporada explorar\u00e1 essas aventuras de viagem no tempo com mais detalhes.<\/p>\n<figure><figcaption> Anima\u00e7\u00e3o da Marvel<\/figcaption><\/figure>\n<p> Enquanto alguns mutantes se encontram presos no Egito Antigo, outros em um futuro distante ou nos dias atuais, eles enfrentam seu maior desafio at\u00e9 ent\u00e3o: confrontar seu maior vil\u00e3o, Apocalipse. As cr\u00edticas iniciais foram extremamente positivas, tornando a s\u00e9rie um dos projetos de maior sucesso da Marvel Studios em qualquer formato.<\/p>\n<p> \u00ab&quot;Batman: O Cavaleiro das Trevas&quot; encerrar\u00e1 um ver\u00e3o repleto de s\u00e9ries animadas. O Prime Video lan\u00e7ar\u00e1 todos os 10 epis\u00f3dios da segunda temporada da s\u00e9rie noir simultaneamente em 31 de julho, mergulhando o Cavaleiro das Trevas ainda mais fundo em uma Gotham City da d\u00e9cada de 1940, ainda dominada pelas sombras e pela corrup\u00e7\u00e3o.<\/p>\n<figure><figcaption> Distrito de Col\u00fambia<\/figcaption><\/figure>\n<p> Hamish Linklater retorna como Bruce Wayne, e a nova temporada expande a galeria de vil\u00f5es, apresentando o Charada, Carrie Kelly e Roxy Rocket em novos pap\u00e9is. Bruce Timm, J.J. Abrams e Matt Reeves continuam como produtores executivos \u2014 a mesma equipe criativa que garantiu \u00e0 primeira temporada uma classifica\u00e7\u00e3o &quot;Certified Fresh&quot;.<\/p>\n<p> Alguns ainda podem estar se perguntando como a leva de lan\u00e7amentos deste ver\u00e3o far\u00e1 hist\u00f3ria. Para explicar melhor, o motivo pelo qual o lan\u00e7amento dessas tr\u00eas s\u00e9ries no mesmo ano \u00e9 um evento t\u00e3o significativo reside nos nomes dos est\u00fadios. X-Men &#039;97 \u00e9 produzido pela Marvel Studios Animation, o mesmo est\u00fadio que tamb\u00e9m produz os outros filmes de anima\u00e7\u00e3o da empresa. J\u00e1 no caso da DC, tanto Minhas Aventuras com o Superman quanto Batman: O Cruzado Encapuzado agora exibem o nome da DC Studios em seus cr\u00e9ditos. Essa mudan\u00e7a come\u00e7ou com este lote de temporadas, ap\u00f3s as temporadas anteriores terem sido produzidas exclusivamente sob a \u00e9gide da DC Entertainment e da Warner Bros. Animation. James Gunn e Peter Safran, que dirigem a DC Studios, est\u00e3o entre os produtores executivos da s\u00e9rie do Superman.<\/p>\n<p> Essa diferen\u00e7a explica por que as temporadas de ver\u00e3o no in\u00edcio do ano n\u00e3o bateram recordes. A Marvel e a DC j\u00e1 lan\u00e7aram s\u00e9ries animadas em junho, julho e agosto; no entanto, muitas delas foram produzidas por empresas terceirizadas, como a Marvel Television, ou eram spin-offs da Warner Bros., e n\u00e3o produ\u00e7\u00f5es do est\u00fadio. Outras, como a s\u00e9rie Homem-Aranha e Seus Incr\u00edveis Amigos, s\u00e3o voltadas para crian\u00e7as em idade pr\u00e9-escolar e destinadas a um p\u00fablico completamente diferente.<\/p>\n<h2> Os projetos de anima\u00e7\u00e3o da Marvel e da DC tornar\u00e3o o ver\u00e3o de 2026 ainda mais emocionante.<\/h2>\n<p> Enquanto os universos cinematogr\u00e1ficos com atores reais enfrentam seus pr\u00f3prios desafios, a anima\u00e7\u00e3o continua a entregar hist\u00f3rias em quadrinhos completas e fi\u00e9is, sem atrasos. Alguns dos her\u00f3is mais ic\u00f4nicos da DC n\u00e3o retornar\u00e3o \u00e0s telas t\u00e3o cedo: Batman 2 foi adiado para outubro de 2027, enquanto Homem do Amanh\u00e3, de James Gunn, est\u00e1 previsto para o mesmo ano. Os filmes animados do Batman e do Superman n\u00e3o enfrentar\u00e3o tais atrasos. Batman: O Cruzado Encapuzado oferecer\u00e1 aos f\u00e3s uma saga completa e independente de Gotham neste ver\u00e3o, enquanto Minhas Aventuras com o Superman adaptar\u00e1 uma hist\u00f3ria \u00e9pica de morte e ressurrei\u00e7\u00e3o que nenhum filme conseguiria condensar em duas horas.<\/p>\n<p> Os mutantes desempenhar\u00e3o um papel semelhante no Universo Cinematogr\u00e1fico Marvel. Um filme live-action dos X-Men dentro do Universo Marvel compartilhado ainda est\u00e1 longe de acontecer; a equipe est\u00e1 apenas agora fazendo a transi\u00e7\u00e3o para o MCU expandido antes de Vingadores: O Julgamento Final. X-Men &#039;97 n\u00e3o precisa esperar. A s\u00e9rie j\u00e1 apresenta uma hist\u00f3ria abrangente envolvendo um vasto elenco de personagens ca\u00e7ados por Apocalipse \u2014 um evento gigantesco que exigiria uma trilogia e um or\u00e7amento milion\u00e1rio para ser realizado em um filme live-action. X-Men &#039;97 est\u00e1 pronto para contar uma hist\u00f3ria ambiciosa e dar aos f\u00e3s dos X-Men o conte\u00fado mutante que eles esperam h\u00e1 anos.<\/p>\n<p> Outro ponto positivo \u00e9 que essas s\u00e9ries n\u00e3o exigem um estudo tedioso do universo Marvel. Cada uma \u00e9 independente e encanta os novatos, ao mesmo tempo que recompensa os f\u00e3s de longa data com refer\u00eancias profundas. Se voc\u00ea quer ver hist\u00f3rias de super-her\u00f3is criadas para f\u00e3s adultos, n\u00e3o para crian\u00e7as, e se prefere assistir a qualquer coisa relacionada ao Batman, Superman ou X-Men agora em vez de esperar at\u00e9 2027 ou depois, ent\u00e3o esta lista hist\u00f3rica de s\u00e9ries animadas da DC e da Marvel Studios \u00e9 para voc\u00ea.<\/p>","protected":false},"excerpt":{"rendered":"<p>A Marvel e a DC fizeram hist\u00f3ria oficialmente com suas anima\u00e7\u00f5es previstas para o ver\u00e3o de 2026. Ambos os est\u00fadios est\u00e3o determinados a superar as expectativas nesta temporada, e isso se deve a\u2026<\/p>","protected":false},"author":1,"featured_media":18998,"comment_status":"open","ping_status":"closed","sticky":false,"template":"","format":"standard","meta":{"footnotes":""},"categories":[6],"tags":[],"class_list":["post-18997","post","type-post","status-publish","format-standard","has-post-thumbnail","hentry","category-kinoindustriya","hvn-theme-has-thumbnail"],"_links":{"self":[{"href":"https:\/\/imgist.ru\/pt\/wp-json\/wp\/v2\/posts\/18997","targetHints":{"allow":["GET"]}}],"collection":[{"href":"https:\/\/imgist.ru\/pt\/wp-json\/wp\/v2\/posts"}],"about":[{"href":"https:\/\/imgist.ru\/pt\/wp-json\/wp\/v2\/types\/post"}],"author":[{"embeddable":true,"href":"https:\/\/imgist.ru\/pt\/wp-json\/wp\/v2\/users\/1"}],"replies":[{"embeddable":true,"href":"https:\/\/imgist.ru\/pt\/wp-json\/wp\/v2\/comments?post=18997"}],"version-history":[{"count":3,"href":"https:\/\/imgist.ru\/pt\/wp-json\/wp\/v2\/posts\/18997\/revisions"}],"predecessor-version":[{"id":140039,"href":"https:\/\/imgist.ru\/pt\/wp-json\/wp\/v2\/posts\/18997\/revisions\/140039"}],"wp:featuredmedia":[{"embeddable":true,"href":"https:\/\/imgist.ru\/pt\/wp-json\/wp\/v2\/media\/18998"}],"wp:attachment":[{"href":"https:\/\/imgist.ru\/pt\/wp-json\/wp\/v2\/media?parent=18997"}],"wp:term":[{"taxonomy":"category","embeddable":true,"href":"https:\/\/imgist.ru\/pt\/wp-json\/wp\/v2\/categories?post=18997"},{"taxonomy":"post_tag","embeddable":true,"href":"https:\/\/imgist.ru\/pt\/wp-json\/wp\/v2\/tags?post=18997"}],"curies":[{"name":"wp","href":"https:\/\/api.w.org\/{rel}","templated":true}]}}