{"id":19125,"date":"2026-06-23T22:34:51","date_gmt":"2026-06-23T19:34:51","guid":{"rendered":"https:\/\/imgist.ru\/studiya-marvel-vypustila-vtoroj-v-istorii-trejler-filma-cziklop\/"},"modified":"2026-08-24T13:59:56","modified_gmt":"2026-08-24T10:59:56","slug":"a-marvel-studios-lancou-o-segundo-trailer-do-filme-ciclope","status":"publish","type":"post","link":"https:\/\/imgist.ru\/pt\/studiya-marvel-vypustila-vtoroj-v-istorii-trejler-filma-cziklop\/","title":{"rendered":"A Marvel Studios lan\u00e7ou o segundo trailer do filme &quot;Ciclope&quot;."},"content":{"rendered":"<p>A Marvel Studios concentrou-se inteiramente no Ciclope, e sua presen\u00e7a marcante no cativante segundo trailer da s\u00e9rie capturou a aten\u00e7\u00e3o de todos. A campanha promocional de X-Men &#039;97 est\u00e1 explorando ao m\u00e1ximo mutantes favoritos dos f\u00e3s, como o Ciclope (dublado por Ray Chase), para gerar expectativa para o retorno da s\u00e9rie ao Disney+. A Marvel Animation est\u00e1 dando destaque a Scott em teasers e p\u00f4steres, mostrando suas habilidades de lideran\u00e7a, seus poderosos raios \u00f3pticos e sua rela\u00e7\u00e3o crucial com Jean Grey. Essa estrat\u00e9gia se baseia diretamente no sucesso da primeira temporada de X-Men &#039;97, na qual Ciclope finalmente conquistou o respeito que merecia como comandante de campo na aus\u00eancia de Charles Xavier.<\/p>\n<p> A Marvel Studios lan\u00e7ou oficialmente o segundo trailer do filme do Ciclope, que estar\u00e1 presente na segunda temporada de X-Men &#039;97. O trailer apresenta um estilo retr\u00f4 nost\u00e1lgico, destacando os olhos de Scott Summers e seu novo visual nos pr\u00f3ximos epis\u00f3dios. Este \u00e9 o segundo trailer do filme do Ciclope, ap\u00f3s o primeiro, lan\u00e7ado pela Marvel Studios em maio de 2024 como parte da campanha promocional da primeira temporada de X-Men &#039;97.<\/p>\n<p> O trailer de 24 segundos come\u00e7a com Ciclope vestido com seu cl\u00e1ssico traje azul e amarelo dos X-Men, antes de passar para uma cena de a\u00e7\u00e3o onde ele dispara seu raio \u00f3ptico contra inimigos do futuro.<\/p>\n<figure><figcaption> Anima\u00e7\u00e3o da Marvel<\/figcaption><\/figure>\n<p> No futuro, Ciclope parece estar lutando contra as for\u00e7as de Apokolips, trabalhando ao lado de Jean Grey para proteger seus aliados.<\/p>\n<figure><figcaption> Anima\u00e7\u00e3o da Marvel<\/figcaption><\/figure>\n<p> O trailer tamb\u00e9m mostrou uma cena de Ciclope protegendo Nathan Summers (tamb\u00e9m conhecido como Cable), indicando que o Cable do futuro est\u00e1 em grave perigo neste ponto da hist\u00f3ria.<\/p>\n<figure><figcaption> Anima\u00e7\u00e3o da Marvel<\/figcaption><\/figure>\n<p> Um reencontro emocionante entre a fam\u00edlia de Ciclope, Jean Grey e Nathan Summers tamb\u00e9m foi mostrado, indicando que a verdade sobre a origem de Nathan pode ser revelada a ele por seus verdadeiros pais nesta linha do tempo futura.<\/p>\n<figure><figcaption> Anima\u00e7\u00e3o da Marvel<\/figcaption><\/figure>\n<p> Curiosamente, uma cena dos X-Men reunidos, onde Ciclope se junta a Fera (que j\u00e1 havia sido confirmado como membro da equipe), sugere que o grupo se reunir\u00e1 em algum momento da segunda temporada.<\/p>\n<figure><figcaption> Anima\u00e7\u00e3o da Marvel<\/figcaption><\/figure>\n<p> Abaixo voc\u00ea pode assistir ao trailer oficial da segunda temporada de X-Men &#039;97, com Ciclope:<\/p>\n<figure><\/figure>\n<p> A segunda temporada de X-Men &#039;97 estreia no Disney+ na quarta-feira, 1\u00ba de julho.<\/p>\n<h2> Por que a Marvel Studios est\u00e1 tomando a decis\u00e3o certa ao dar mais aten\u00e7\u00e3o ao Ciclope?<\/h2>\n<figure><figcaption> Anima\u00e7\u00e3o da Marvel<\/figcaption><\/figure>\n<p> A Marvel Studios est\u00e1 tomando a decis\u00e3o certa ao dar ao Ciclope o destaque que ele tanto precisa, especialmente depois de anos em que ele foi deixado de lado e relegado ao papel de rival do Wolverine nos filmes.<\/p>\n<p> A primeira temporada de X-Men, em 1997, mostrou claramente um renovado amor e respeito por Ciclope, retratado como um l\u00edder t\u00e1tico trilhando seu novo caminho como homem de fam\u00edlia, destacando-se no caos. Isso foi ainda mais refor\u00e7ado pelo uso criativo do raio \u00f3ptico de Ciclope, demonstrado em sua \u00e9pica cena de pouso no primeiro epis\u00f3dio da primeira temporada.<\/p>\n<p> A julgar pela campanha promocional da segunda temporada de X-Men &#039;97, Ciclope provavelmente atuar\u00e1 como um pilar emocional na hist\u00f3ria de viagem no tempo nos pr\u00f3ximos epis\u00f3dios, com suas qualidades protetoras sendo destacadas enquanto defende seu filho Nathan e Jean Grey na luta cont\u00ednua contra Apokolips.<\/p>\n<p> Em X-Men (1997), ficou claro que Ciclope se destacava como um l\u00edder e her\u00f3i \u00edntegro, fornecendo aos X-Men uma base moral s\u00f3lida e preparando-os para o caos multiversal em larga escala que o Universo Cinematogr\u00e1fico Marvel almeja. Isso serve como a prepara\u00e7\u00e3o perfeita para o retorno subsequente de Ciclope aos filmes em Vingadores: O Ju\u00edzo Final, posicionando-o como o cora\u00e7\u00e3o estrat\u00e9gico dos X-Men na iminente batalha contra o Doutor Destino.<\/p>","protected":false},"excerpt":{"rendered":"<p>A Marvel Studios focou-se inteiramente no Ciclope, e a sua presen\u00e7a marcante no cativante segundo trailer da s\u00e9rie roubou a cena. A campanha de X-Men de 1997\u2026<\/p>","protected":false},"author":1,"featured_media":19126,"comment_status":"open","ping_status":"closed","sticky":false,"template":"","format":"standard","meta":{"footnotes":""},"categories":[6],"tags":[],"class_list":["post-19125","post","type-post","status-publish","format-standard","has-post-thumbnail","hentry","category-kinoindustriya","hvn-theme-has-thumbnail"],"_links":{"self":[{"href":"https:\/\/imgist.ru\/pt\/wp-json\/wp\/v2\/posts\/19125","targetHints":{"allow":["GET"]}}],"collection":[{"href":"https:\/\/imgist.ru\/pt\/wp-json\/wp\/v2\/posts"}],"about":[{"href":"https:\/\/imgist.ru\/pt\/wp-json\/wp\/v2\/types\/post"}],"author":[{"embeddable":true,"href":"https:\/\/imgist.ru\/pt\/wp-json\/wp\/v2\/users\/1"}],"replies":[{"embeddable":true,"href":"https:\/\/imgist.ru\/pt\/wp-json\/wp\/v2\/comments?post=19125"}],"version-history":[{"count":6,"href":"https:\/\/imgist.ru\/pt\/wp-json\/wp\/v2\/posts\/19125\/revisions"}],"predecessor-version":[{"id":140114,"href":"https:\/\/imgist.ru\/pt\/wp-json\/wp\/v2\/posts\/19125\/revisions\/140114"}],"wp:featuredmedia":[{"embeddable":true,"href":"https:\/\/imgist.ru\/pt\/wp-json\/wp\/v2\/media\/19126"}],"wp:attachment":[{"href":"https:\/\/imgist.ru\/pt\/wp-json\/wp\/v2\/media?parent=19125"}],"wp:term":[{"taxonomy":"category","embeddable":true,"href":"https:\/\/imgist.ru\/pt\/wp-json\/wp\/v2\/categories?post=19125"},{"taxonomy":"post_tag","embeddable":true,"href":"https:\/\/imgist.ru\/pt\/wp-json\/wp\/v2\/tags?post=19125"}],"curies":[{"name":"wp","href":"https:\/\/api.w.org\/{rel}","templated":true}]}}