{"id":19270,"date":"2026-06-25T15:12:24","date_gmt":"2026-06-25T12:12:24","guid":{"rendered":"https:\/\/imgist.ru\/tan-frans-utverzhdaet-chto-zvezda-shou-queer-eye-nazval-ego-predatelem-po-etoj-prichine\/"},"modified":"2026-06-25T15:12:24","modified_gmt":"2026-06-25T12:12:24","slug":"tan-frans-afirma-chto-zvezda-shou-queer-eye-nazval-ego-tredatel-po-etoj-prichine","status":"publish","type":"post","link":"https:\/\/imgist.ru\/pt\/tan-frans-utverzhdaet-chto-zvezda-shou-queer-eye-nazval-ego-predatelem-po-etoj-prichine\/","title":{"rendered":"Tan France afirma que a estrela de Queer Eye o chamou de &quot;traidor&quot; por esse motivo."},"content":{"rendered":"<p>No set de filmagem <strong>\u00abQueer Eye\u00bb<\/strong> Sem d\u00favida, houve tens\u00e3o ao longo dos anos. <strong>Tan Fran\u00e7a<\/strong> , o guru de moda do grupo, relatou uma conversa tensa que teve com um de seus colegas de elenco na \u00e9poca. Ele n\u00e3o revelou o nome do colega, mas disse que ele estava muito insatisfeito com ele naquele momento, chegando a cham\u00e1-lo de &quot;traidor&quot;.<\/p>\n<h2> A estrela da Netflix falou abertamente sobre a &quot;discuss\u00e3o acalorada&quot;.<\/h2>\n<figure><\/figure>\n<p> Tan participou de um epis\u00f3dio do podcast de Jesse Tyler Ferguson, &quot;Dinner on Me&quot;, onde conversou com o ex-participante do &quot;Queer Eye&quot;. Enquanto saboreavam molho de tomate picante, eles discutiram sua experi\u00eancia no programa, problemas com a imagem corporal e muito mais.<\/p>\n<p> Quando Jesse lhe perguntou sobre o programa &quot;Queer Eye&quot;, Tan relembrou uma discuss\u00e3o que teve com um colega de elenco no in\u00edcio da produ\u00e7\u00e3o. A discuss\u00e3o surgiu de sua experi\u00eancia pessoal ao se assumir gay.<\/p>\n<p> \u00ab&quot;Nunca falei sobre isso antes e n\u00e3o vou citar nomes, mas durante as filmagens da primeira temporada, algu\u00e9m do elenco ficou muito chateado ao descobrir que eu n\u00e3o tinha contado para minha fam\u00edlia sobre minha sexualidade&quot;, compartilhou Tan (aos 20:18). Ele j\u00e1 havia revelado que se assumiu para sua fam\u00edlia alguns dias antes da estreia de Queer Eye na Netflix em 2018.<\/p>\n<p> Ele acrescentou que seu colega de elenco basicamente disse que ele era &quot;uma esp\u00e9cie de traidor para n\u00f3s no programa se n\u00e3o se assumisse&quot;. Tan entendeu isso. Mas ele tamb\u00e9m sentiu que sua experi\u00eancia como mu\u00e7ulmano paquistan\u00eas era diferente.<\/p>\n<p> \u00abEntramos numa discuss\u00e3o acalorada, e eu disse: \u201eVoc\u00ea n\u00e3o tem ideia da minha experi\u00eancia como l\u00e9sbica mu\u00e7ulmana, como pessoa negra, como l\u00e9sbica imigrante\u201c\u201e, explicou Tan. \u201c\u00bb\u00c9 muito f\u00e1cil para voc\u00ea dizer isso. Mas voc\u00ea nunca vai entender o que \u00e9 ser uma pessoa negra tentando se assumir quando ningu\u00e9m na sua comunidade jamais disse essas palavras antes.\u2019\u201d.<\/p>\n<p> Felizmente, Tan disse que sua fam\u00edlia aceitou e compreendeu a situa\u00e7\u00e3o. Desde ent\u00e3o, eles se tornaram uma parte importante de sua vida, assim como da vida de seu marido e filhos.<\/p>\n<p> Parece que o drama nos bastidores do reboot de &quot;Fab Five&quot; come\u00e7ou na primeira temporada. Os f\u00e3s sabem que Bobby Berk acabou deixando o programa por conta de compromissos de trabalho. Ele tamb\u00e9m admitiu ter se desentendido com Tan. E na \u00faltima temporada, Karamo Brown tamb\u00e9m admitiu um ambiente de trabalho t\u00f3xico e desentendimentos com outros membros do elenco.<\/p>\n<p> O programa Queer Eye est\u00e1 dispon\u00edvel para assistir na Netflix.<\/p>\n<p> <strong>CONTE-NOS \u2013 O QUE VOC\u00ca ACHA DA EXPERI\u00caNCIA DE TAN? COM QUEM VOC\u00ca ACHA QUE ELE DISCUTIU?<\/strong><\/p>","protected":false},"excerpt":{"rendered":"<p>Definitivamente, houve tens\u00e3o nos bastidores de &quot;Queer Eye&quot; ao longo dos anos. Tan France, o guru da moda do grupo, relatou uma conversa tensa que teve\u2026<\/p>","protected":false},"author":1,"featured_media":19271,"comment_status":"open","ping_status":"closed","sticky":false,"template":"","format":"standard","meta":{"footnotes":""},"categories":[5],"tags":[],"class_list":["post-19270","post","type-post","status-publish","format-standard","has-post-thumbnail","hentry","category-selebriti","hvn-theme-has-thumbnail"],"_links":{"self":[{"href":"https:\/\/imgist.ru\/pt\/wp-json\/wp\/v2\/posts\/19270","targetHints":{"allow":["GET"]}}],"collection":[{"href":"https:\/\/imgist.ru\/pt\/wp-json\/wp\/v2\/posts"}],"about":[{"href":"https:\/\/imgist.ru\/pt\/wp-json\/wp\/v2\/types\/post"}],"author":[{"embeddable":true,"href":"https:\/\/imgist.ru\/pt\/wp-json\/wp\/v2\/users\/1"}],"replies":[{"embeddable":true,"href":"https:\/\/imgist.ru\/pt\/wp-json\/wp\/v2\/comments?post=19270"}],"version-history":[{"count":0,"href":"https:\/\/imgist.ru\/pt\/wp-json\/wp\/v2\/posts\/19270\/revisions"}],"wp:featuredmedia":[{"embeddable":true,"href":"https:\/\/imgist.ru\/pt\/wp-json\/wp\/v2\/media\/19271"}],"wp:attachment":[{"href":"https:\/\/imgist.ru\/pt\/wp-json\/wp\/v2\/media?parent=19270"}],"wp:term":[{"taxonomy":"category","embeddable":true,"href":"https:\/\/imgist.ru\/pt\/wp-json\/wp\/v2\/categories?post=19270"},{"taxonomy":"post_tag","embeddable":true,"href":"https:\/\/imgist.ru\/pt\/wp-json\/wp\/v2\/tags?post=19270"}],"curies":[{"name":"wp","href":"https:\/\/api.w.org\/{rel}","templated":true}]}}