{"id":19354,"date":"2026-06-26T14:43:18","date_gmt":"2026-06-26T11:43:18","guid":{"rendered":"https:\/\/imgist.ru\/larri-devid-raskritikoval-meropriyatie-ufc-v-belom-dome-organizovannoe-donaldom-trampom-nazvav-ego-bezobraziem\/"},"modified":"2026-08-25T12:08:35","modified_gmt":"2026-08-25T09:08:35","slug":"larry-david-criticou-o-evento-do-ufc-na-casa-branca-organizado-por-donald-trump-chamando-o-de-uma-vergonha","status":"publish","type":"post","link":"https:\/\/imgist.ru\/pt\/larri-devid-raskritikoval-meropriyatie-ufc-v-belom-dome-organizovannoe-donaldom-trampom-nazvav-ego-bezobraziem\/","title":{"rendered":"Larry David criticou o evento do UFC realizado por Donald Trump na Casa Branca, chamando-o de &quot;uma vergonha&quot;."},"content":{"rendered":"<p><strong>Larry David<\/strong> N\u00e3o era muito f\u00e3 da t\u00e3o badalada luta do UFC que aconteceu nos jardins da Casa Branca por iniciativa de <strong>Donald Trump<\/strong> .<\/p>\n<p> Ele declarou publicamente que as controversas competi\u00e7\u00f5es de artes marciais mistas o deixaram profundamente desconfort\u00e1vel com sua pr\u00f3pria identidade nacional.<\/p>\n<p> Notavelmente, suas duras cr\u00edticas se juntam a uma onda de indigna\u00e7\u00e3o p\u00fablica ap\u00f3s o esc\u00e2ndalo, com o apresentador de TV Jimmy Kimmel criticando de forma semelhante Trump por gastar uma enorme quantia de dinheiro em sua organiza\u00e7\u00e3o.<\/p>\n<p> Larry David condenou a luta de exibi\u00e7\u00e3o de artes marciais mistas do UFC realizada na Casa Branca. <\/p>\n<figure><figcaption> ZUMAPRESS.com \/ MEGA<\/figcaption><\/figure>\n<p> Em uma breve entrevista \u00e0 Variety, David expressou recentemente sua extrema insatisfa\u00e7\u00e3o com a realiza\u00e7\u00e3o de um torneio de artes marciais mistas nas depend\u00eancias da resid\u00eancia presidencial.<\/p>\n<p> O produtor de televis\u00e3o classificou a competi\u00e7\u00e3o de boxe como um completo fracasso e expressou profunda insatisfa\u00e7\u00e3o pessoal com todo o espet\u00e1culo, observando que, ap\u00f3s assisti-lo, sentiu-se completamente desprovido de orgulho de sua heran\u00e7a nacional.<\/p>\n<p> \u00ab&quot;Foi uma vergonha, sim, o que mais se pode dizer sobre isso?&quot;, disse David ao entrevistador, como pode ser visto em um v\u00eddeo postado no X.<\/p>\n<p> \u00ab&quot;Foi constrangedor, eu me senti constrangido por ser americano&quot;, acrescentou.<\/p>\n<p> Sua dura rea\u00e7\u00e3o foi motivada por um evento esportivo muito comentado chamado UFC Freedom 250, que os organizadores realizaram no gramado sul da Casa Branca. De acordo com a Entertainment Weekly, o evento coincidiu com um marco na hist\u00f3ria do pa\u00eds e com o anivers\u00e1rio de Trump.<\/p>\n<h2> Larry David j\u00e1 havia afirmado que Donald Trump era mentalmente inst\u00e1vel devido \u00e0 sua rea\u00e7\u00e3o \u00e0 elei\u00e7\u00e3o.<\/h2>\n<figure>\n<blockquote>\n<p> #LarryDavid diz que a luta do presidente Donald Trump no UFC na Casa Branca o fez &quot;ter vergonha de ser americano&quot;. pic.twitter.com\/zFlCfeOwyG<\/p>\n<p> \u2014 Variety (@Variety) 24 de junho de 2026.<\/p><\/blockquote>\n<\/figure>\n<p> A intensa indigna\u00e7\u00e3o de David com o evento do UFC coincide com sua longa oposi\u00e7\u00e3o p\u00fablica a Trump. H\u00e1 quase dois anos, o apresentador de televis\u00e3o expressou profunda decep\u00e7\u00e3o com a recusa de Trump em aceitar os resultados da elei\u00e7\u00e3o presidencial de 2020.<\/p>\n<p> Ele afirmou que esse pol\u00edtico, sozinho, prejudicou tradi\u00e7\u00f5es democr\u00e1ticas estabelecidas h\u00e1 s\u00e9culos simplesmente porque n\u00e3o conseguiu aceitar a derrota.<\/p>\n<p> Segundo o The Blast, o escritor ficou visivelmente perturbado, elevando a voz e admitindo que as a\u00e7\u00f5es do governo o assombram todos os dias.<\/p>\n<p> \u00ab&quot;\u00c9 uma loucura, ele \u00e9 um sociopata, um completo desequilibrado, simplesmente n\u00e3o conseguiu admitir a derrota&quot;, disse David.<\/p>\n<h2> Jimmy Kimmel tamb\u00e9m criticou Donald Trump por sediar o controverso evento do UFC na Casa Branca.<\/h2>\n<figure><figcaption> Xavier Collin\/Image Press Agency\/MEGA<\/figcaption><\/figure>\n<p> David n\u00e3o \u00e9 a \u00fanica celebridade a criticar publicamente o presidente por causa do evento do UFC. At\u00e9 mesmo apresentadores de programas de entrevistas noturnos est\u00e3o criticando diretamente o controverso evento esportivo ao ar livre.<\/p>\n<p> Em seu mon\u00f3logo noturno, Kimmel zombou duramente da enorme escala financeira e da natureza ca\u00f3tica do evento esportivo.<\/p>\n<p> O comediante zombou abertamente da aglomera\u00e7\u00e3o na resid\u00eancia presidencial, tra\u00e7ando um paralelo claro entre a multid\u00e3o barulhenta no gramado em um evento esportivo e os infames tumultos no Capit\u00f3lio em 6 de janeiro de 2021, segundo o The Blast.<\/p>\n<p> O apresentador de TV tamb\u00e9m questionou por que dezenas de milh\u00f5es de d\u00f3lares foram destinados \u00e0 constru\u00e7\u00e3o de uma enorme arena de lutas na grama, apontando uma clara inconsist\u00eancia na l\u00f3gica dos gastos.<\/p>\n<h2> Donald Trump enfrentou uma rea\u00e7\u00e3o p\u00fablica negativa por insultar Michelle Obama.<\/h2>\n<figure><figcaption> ZUMAPRESS.com \/ MEGA<\/figcaption><\/figure>\n<p> A luta de exibi\u00e7\u00e3o do UFC atraiu muita aten\u00e7\u00e3o n\u00e3o s\u00f3 pelo local incomum, mas tamb\u00e9m por uma declara\u00e7\u00e3o extremamente ofensiva feita por um dos lutadores durante uma entrevista p\u00f3s-luta.<\/p>\n<p> Ap\u00f3s sua vit\u00f3ria, o atleta Josh Hokitt aproveitou seu tempo ao microfone para elogiar o governo por organizar as lutas e, em seguida, fez um coment\u00e1rio grosseiro e depreciativo sobre a ex-primeira-dama Michelle Obama, chamando-a de &quot;homem&quot;.<\/p>\n<p> Segundo relatos da m\u00eddia, Trump, que estava na primeira fila, esbo\u00e7ou um &quot;meio sorriso&quot; momentos depois de o participante da discuss\u00e3o ter proferido a palavra ofensiva, informa o The Blast.<\/p>\n<p> Embora o coment\u00e1rio grosseiro tenha provocado rea\u00e7\u00f5es diversas entre os presentes, a comunidade online respondeu com grande indigna\u00e7\u00e3o, criticando duramente tanto o atleta quanto o l\u00edder pol\u00edtico por tolerarem tal comportamento.<\/p>\n<p> Usu\u00e1rios das redes sociais inundaram as plataformas digitais com condena\u00e7\u00f5es \u00e0 falta de dec\u00eancia b\u00e1sica, classificando o comportamento como totalmente indelicado e inadequado para um evento realizado no gabinete do executivo.<\/p>\n<h2> <strong>Robert De Niro expressou publicamente sua opini\u00e3o sobre Donald Trump.<\/strong><\/h2>\n<figure><figcaption> ZUMAPRESS.com \/ MEGA<\/figcaption><\/figure>\n<p> Recentemente, Trump tamb\u00e9m foi alvo de cr\u00edticas de Robert De Niro, que n\u00e3o teve receio de expressar sua opini\u00e3o sobre a atual situa\u00e7\u00e3o pol\u00edtica do pa\u00eds.<\/p>\n<p> Em um evento p\u00fablico, De Niro explicou que o pa\u00eds se tornou incrivelmente dif\u00edcil para receber pessoas, dadas as a\u00e7\u00f5es atuais de sua lideran\u00e7a. Dirigindo-se aos participantes do evento, intitulado &quot;Levante-se e Cante!&quot;, o vencedor do Oscar disse:<\/p>\n<p> \u00ab&quot;N\u00e3o consigo amar um pa\u00eds liderado por Donald Trump. E um Congresso bajulador&quot;, relata o The Blast.<\/p>\n<p> O renomado ator, que h\u00e1 d\u00e9cadas utiliza sua plataforma p\u00fablica para participar de debates pol\u00edticos, afirmou categoricamente que o pa\u00eds n\u00e3o \u00e9 &quot;digno de amor&quot; por tudo o que aconteceu durante o governo Trump.<\/p>\n<p> <strong>Leia tamb\u00e9m:<\/strong> O conflito entre Donald Trump e Meloni sobre as fotos da c\u00fapula do G7 se intensificou.<\/p>","protected":false},"excerpt":{"rendered":"<p>Larry David n\u00e3o era um grande f\u00e3 da t\u00e3o badalada luta do UFC realizada nos jardins da Casa Branca por instiga\u00e7\u00e3o de Donald Trump. Ele declarou publicamente que a controversa\u2026<\/p>","protected":false},"author":1,"featured_media":19355,"comment_status":"open","ping_status":"closed","sticky":false,"template":"","format":"standard","meta":{"footnotes":""},"categories":[5],"tags":[],"class_list":["post-19354","post","type-post","status-publish","format-standard","has-post-thumbnail","hentry","category-selebriti","hvn-theme-has-thumbnail"],"_links":{"self":[{"href":"https:\/\/imgist.ru\/pt\/wp-json\/wp\/v2\/posts\/19354","targetHints":{"allow":["GET"]}}],"collection":[{"href":"https:\/\/imgist.ru\/pt\/wp-json\/wp\/v2\/posts"}],"about":[{"href":"https:\/\/imgist.ru\/pt\/wp-json\/wp\/v2\/types\/post"}],"author":[{"embeddable":true,"href":"https:\/\/imgist.ru\/pt\/wp-json\/wp\/v2\/users\/1"}],"replies":[{"embeddable":true,"href":"https:\/\/imgist.ru\/pt\/wp-json\/wp\/v2\/comments?post=19354"}],"version-history":[{"count":4,"href":"https:\/\/imgist.ru\/pt\/wp-json\/wp\/v2\/posts\/19354\/revisions"}],"predecessor-version":[{"id":143101,"href":"https:\/\/imgist.ru\/pt\/wp-json\/wp\/v2\/posts\/19354\/revisions\/143101"}],"wp:featuredmedia":[{"embeddable":true,"href":"https:\/\/imgist.ru\/pt\/wp-json\/wp\/v2\/media\/19355"}],"wp:attachment":[{"href":"https:\/\/imgist.ru\/pt\/wp-json\/wp\/v2\/media?parent=19354"}],"wp:term":[{"taxonomy":"category","embeddable":true,"href":"https:\/\/imgist.ru\/pt\/wp-json\/wp\/v2\/categories?post=19354"},{"taxonomy":"post_tag","embeddable":true,"href":"https:\/\/imgist.ru\/pt\/wp-json\/wp\/v2\/tags?post=19354"}],"curies":[{"name":"wp","href":"https:\/\/api.w.org\/{rel}","templated":true}]}}