{"id":19523,"date":"2026-06-28T22:33:57","date_gmt":"2026-06-28T19:33:57","guid":{"rendered":"https:\/\/imgist.ru\/reklamnyj-rolik-dc-studios-predstavil-pervyj-vzglyad-na-10-animaczionnyh-serialov\/"},"modified":"2026-08-24T14:00:57","modified_gmt":"2026-08-24T11:00:57","slug":"um-video-promocional-da-dc-studios-oferece-uma-previa-de-10-series-animadas","status":"publish","type":"post","link":"https:\/\/imgist.ru\/pt\/reklamnyj-rolik-dc-studios-predstavil-pervyj-vzglyad-na-10-animaczionnyh-serialov\/","title":{"rendered":"Um teaser trailer da DC Studios oferece uma primeira olhada em 10 s\u00e9ries animadas."},"content":{"rendered":"<p>A DC Studios revelou novas imagens de v\u00e1rias s\u00e9ries animadas com previs\u00e3o de lan\u00e7amento nos pr\u00f3ximos anos. A DC est\u00e1 desenvolvendo diversas hist\u00f3rias e subtramas independentes dentro de sua franquia de quadrinhos, incluindo o Universo DC principal, sob a lideran\u00e7a dos co-CEOs da DC, James Gunn e Peter Safran. Embora muitos desses projetos sejam filmes e s\u00e9ries de televis\u00e3o, a anima\u00e7\u00e3o tamb\u00e9m desempenha um papel significativo no universo DC.<\/p>\n<p> A Warner Bros. (WB) Animation e a DC Studios revelaram um enorme banner no Festival Internacional de Cinema de Anima\u00e7\u00e3o de Annecy de 2026, que est\u00e1 acontecendo na Fran\u00e7a. O banner apresenta 10 projetos de anima\u00e7\u00e3o em desenvolvimento pelos dois grandes est\u00fadios.<\/p>\n<h2> Todas as s\u00e9ries e programas da DC Studios\/WB Animation no Festival de Cinema de Annecy de 2026<\/h2>\n<h3> Senhor Milagre<\/h3>\n<figure><figcaption> Anima\u00e7\u00e3o da DC<\/figcaption><\/figure>\n<p> No in\u00edcio de 2026, James Gunn confirmou o lan\u00e7amento de uma terceira s\u00e9rie animada no Universo DC, intitulada Senhor Milagre. Ambientada no mundo dos Novos Deuses da DC, a s\u00e9rie gira em torno do super-her\u00f3i escapista Scott Free, que \u00e9 chamado de volta ao seu planeta natal ap\u00f3s um conflito entre ele e o lar de Big Barda, seu \u00fanico e verdadeiro amor e esposa.<\/p>\n<p> Embora os detalhes da trama e as datas de lan\u00e7amento ainda estejam sendo mantidos em segredo, a s\u00e9rie contar\u00e1 com a primeira apari\u00e7\u00e3o da vers\u00e3o do ic\u00f4nico vil\u00e3o Darkseid no Universo DC.<\/p>\n<h3> Minhas aventuras com o Super-Homem<\/h3>\n<figure><figcaption><\/figcaption><\/figure>\n<p> \u00abMinhas Aventuras com o Superman \u00e9 uma das s\u00e9ries animadas da DC mais populares dos \u00faltimos anos, com estreia prevista para julho de 2023 no Adult Swim e na HBO Max. A s\u00e9rie \u00e9 estrelada por Jack Quaid, de The Boys, como a voz do Superman, e narra sua ascens\u00e3o como her\u00f3i e o in\u00edcio de seus relacionamentos com Lois Lane e Jimmy Olsen.<\/p>\n<p> A terceira temporada come\u00e7ou a ser exibida em meados de junho, apresentando uma s\u00e9rie de novas e empolgantes variantes do Superman com as quais Clark interage ao longo da temporada.<\/p>\n<h3> Comandos Criatura<\/h3>\n<figure><figcaption> Anima\u00e7\u00e3o da DC<\/figcaption><\/figure>\n<p> O p\u00f4ster de Annecy tamb\u00e9m apresenta tr\u00eas personagens principais de Creature Commando, da DC Studios, o primeiro lan\u00e7amento oficial de James Gunn no Universo DC. A s\u00e9rie foi renovada para uma segunda temporada, que contar\u00e1 com uma nova vers\u00e3o da For\u00e7a-Tarefa M, liderando Amanda Waller e Rick Flag em uma miss\u00e3o ainda n\u00e3o revelada.<\/p>\n<p> O p\u00f4ster apresenta personagens da s\u00e9rie: o soldado rob\u00f4 Sean Gunn, a noiva de Indira Varma e o Frankenstein de David Harbour. A primeira temporada est\u00e1 dispon\u00edvel na HBO Max e uma segunda temporada est\u00e1 em desenvolvimento, mas sua data de lan\u00e7amento ainda n\u00e3o foi definida.<\/p>\n<h3> Pegue Giro (n\u00e3o DC)<\/h3>\n<figure><figcaption> Anima\u00e7\u00e3o da DC<\/figcaption><\/figure>\n<p> Em meio ao an\u00fancio de v\u00e1rias s\u00e9ries da DC, a Warner Bros. tamb\u00e9m revelou um projeto fora do universo DC: uma nova s\u00e9rie para o Adult Swim chamada Get Jiro! Esta adapta\u00e7\u00e3o animada da graphic novel dist\u00f3pica do falecido Anthony Bourdain e Joel Rose se passa em uma Los Angeles num futuro pr\u00f3ximo, com chefs famosos interpretando o papel de senhores da guerra brutais.<\/p>\n<p> A s\u00e9rie ser\u00e1 estrelada por Brian Tee, de &quot;Chicago Med&quot;, e tamb\u00e9m contar\u00e1 com Titus Welliver, Alison Pill e Justin Kirk. A estreia est\u00e1 prevista para o final deste ano.<\/p>\n<h3> Fam\u00edlia do morcego<\/h3>\n<figure><figcaption> Anima\u00e7\u00e3o da DC<\/figcaption><\/figure>\n<p> A s\u00e9rie Bat-Family, um spin-off do filme Fun Little Batman de 2023, que estreou no Prime Video em novembro de 2025, apresenta uma vers\u00e3o do her\u00f3i voltada para a fam\u00edlia e sua cl\u00e1ssica equipe de personagens coadjuvantes. A s\u00e9rie explora o funcionamento da fam\u00edlia Batman, focando principalmente em Bruce Wayne, Damian Wayne e Alfred Pennyworth enquanto protegem Gotham e fortalecem seus la\u00e7os familiares.<\/p>\n<p> At\u00e9 o momento da publica\u00e7\u00e3o deste texto, n\u00e3o h\u00e1 informa\u00e7\u00f5es sobre a renova\u00e7\u00e3o da s\u00e9rie para uma segunda temporada.<\/p>\n<h3> Minhas aventuras com o Lanterna Verde<\/h3>\n<figure><figcaption> Anima\u00e7\u00e3o da DC<\/figcaption><\/figure>\n<p> Na mesma linha de Minhas Aventuras com o Superman (agora em sua terceira temporada), a DC Animation adotar\u00e1 uma abordagem semelhante para o personagem Lanterna Verde em Minhas Aventuras com o Lanterna Verde. Apresentada no epis\u00f3dio 3 da segunda temporada de Minhas Aventuras com o Superman, esta s\u00e9rie derivada acompanha os anos de ensino m\u00e9dio de Jessica Cruz, enquanto ela \u00e9 escolhida pelo Anel do Poder como sua campe\u00e3 para combater tem\u00edveis inimigos alien\u00edgenas.<\/p>\n<p> Foi confirmado que Auli&#039;i Cravalho, estrela de Moana, dar\u00e1 voz \u00e0 personagem principal.<\/p>\n<h3> Batman: O Cavaleiro das Trevas<\/h3>\n<figure><figcaption> Anima\u00e7\u00e3o da DC<\/figcaption><\/figure>\n<p> Ap\u00f3s uma longa espera de dois anos, Batman: O Cruzado Encapuzado retorna para sua segunda temporada, com estreia marcada para 31 de julho. Antes do lan\u00e7amento no Amazon Prime Video, o Festival de Annecy observou que a s\u00e9rie apresenta Batman (interpretado por Hamish Linklater) nas d\u00e9cadas de 1940 e 1960, e que a hist\u00f3ria se passa na d\u00e9cada de 1960.<\/p>\n<p> As primeiras imagens da segunda temporada de &quot;The Fugitive Crusader&quot; surgiram em junho, confirmando que os novos epis\u00f3dios apresentariam um personagem com g\u00eanero invertido interpretando o vil\u00e3o Chapeleiro Maluco.<\/p>\n<h3> Estelar!<\/h3>\n<figure><figcaption> Anima\u00e7\u00e3o da DC<\/figcaption><\/figure>\n<p> A hero\u00edna alien\u00edgena Estelar, que j\u00e1 apareceu em diversas s\u00e9ries derivadas dos Jovens Tit\u00e3s, ganhar\u00e1 sua pr\u00f3pria s\u00e9rie animada solo, Estelar!, criada por James Gunn. A s\u00e9rie \u00e9 concebida como uma hist\u00f3ria de origem familiar sobre uma princesa que descobre uma antiga nave espacial em Tamaran e a usa para explorar o espa\u00e7o e escapar de seu planeta natal.<\/p>\n<p> Nessa hist\u00f3ria, Estelar encontrar\u00e1 Crash (um motoqueiro espacial), Fern, uma amante de plantas, e a Princesa Ametista do Mundo das Gemas, conhecendo novas criaturas intergal\u00e1cticas e enfrentando novos desafios.<\/p>\n<h3> Superpoderes da DC<\/h3>\n<figure><figcaption> Anima\u00e7\u00e3o da DC<\/figcaption><\/figure>\n<p> Tr\u00eas imagens sugerem novas vers\u00f5es de her\u00f3is cl\u00e1ssicos da DC na pr\u00f3xima s\u00e9rie animada DC Super Powers. A s\u00e9rie se passa na Alliance School for Heroes, onde um grupo de jovens estudantes, reimaginados como her\u00f3is cl\u00e1ssicos da DC, treinam sob a tutela do diretor da escola, o Ca\u00e7ador de Marte.<\/p>\n<figure><figcaption> Anima\u00e7\u00e3o da DC<\/figcaption><\/figure>\n<p> A s\u00e9rie dever\u00e1 apresentar personagens como Rel\u00e2mpago McQueen, Flash, Homem-Borracha, Aquagirl, Lanterna Verde, Terra e muitos outros.<\/p>\n<figure><figcaption> Anima\u00e7\u00e3o da DC<\/figcaption><\/figure>\n<p> O banner lan\u00e7ado em Annecy apresentava estes tr\u00eas her\u00f3is: Rel\u00e2mpago McQueen, Homem-Borracha e Flash.<\/p>\n<h3> Um projeto de criptomoedas sem nome<\/h3>\n<figure><figcaption> Anima\u00e7\u00e3o da DC<\/figcaption><\/figure>\n<p> Uma nova vers\u00e3o do cl\u00e1ssico companheiro canino do Superman, Krypto, o Superc\u00e3o, apareceu em um p\u00f4ster em Annecy. Dado que seu design difere da vers\u00e3o de Krypto apresentada nos curtas da HBO Max &quot;Krypto Salva o Dia!&quot;, \u00e9 prov\u00e1vel que seja um personagem de uma nova s\u00e9rie do Krypto, ainda sem t\u00edtulo, cujos detalhes s\u00e3o escassos no momento.<\/p>\n<p> Alguns especulam que este possa ser um novo projeto do animador C.H. Greenblatt, conhecido por criar a s\u00e9rie animada Chowder para o Cartoon Network.<\/p>","protected":false},"excerpt":{"rendered":"<p>A DC Studios divulgou novas cenas de v\u00e1rias s\u00e9ries animadas com lan\u00e7amento previsto para os pr\u00f3ximos anos. A DC est\u00e1 desenvolvendo diversas hist\u00f3rias e subtramas independentes dentro do universo maior\u2026<\/p>","protected":false},"author":1,"featured_media":19524,"comment_status":"open","ping_status":"closed","sticky":false,"template":"","format":"standard","meta":{"footnotes":""},"categories":[6],"tags":[],"class_list":["post-19523","post","type-post","status-publish","format-standard","has-post-thumbnail","hentry","category-kinoindustriya","hvn-theme-has-thumbnail"],"_links":{"self":[{"href":"https:\/\/imgist.ru\/pt\/wp-json\/wp\/v2\/posts\/19523","targetHints":{"allow":["GET"]}}],"collection":[{"href":"https:\/\/imgist.ru\/pt\/wp-json\/wp\/v2\/posts"}],"about":[{"href":"https:\/\/imgist.ru\/pt\/wp-json\/wp\/v2\/types\/post"}],"author":[{"embeddable":true,"href":"https:\/\/imgist.ru\/pt\/wp-json\/wp\/v2\/users\/1"}],"replies":[{"embeddable":true,"href":"https:\/\/imgist.ru\/pt\/wp-json\/wp\/v2\/comments?post=19523"}],"version-history":[{"count":12,"href":"https:\/\/imgist.ru\/pt\/wp-json\/wp\/v2\/posts\/19523\/revisions"}],"predecessor-version":[{"id":140397,"href":"https:\/\/imgist.ru\/pt\/wp-json\/wp\/v2\/posts\/19523\/revisions\/140397"}],"wp:featuredmedia":[{"embeddable":true,"href":"https:\/\/imgist.ru\/pt\/wp-json\/wp\/v2\/media\/19524"}],"wp:attachment":[{"href":"https:\/\/imgist.ru\/pt\/wp-json\/wp\/v2\/media?parent=19523"}],"wp:term":[{"taxonomy":"category","embeddable":true,"href":"https:\/\/imgist.ru\/pt\/wp-json\/wp\/v2\/categories?post=19523"},{"taxonomy":"post_tag","embeddable":true,"href":"https:\/\/imgist.ru\/pt\/wp-json\/wp\/v2\/tags?post=19523"}],"curies":[{"name":"wp","href":"https:\/\/api.w.org\/{rel}","templated":true}]}}