{"id":19535,"date":"2026-06-28T22:35:08","date_gmt":"2026-06-28T19:35:08","guid":{"rendered":"https:\/\/imgist.ru\/studiya-marvel-podtverdila-znachitelnyj-skachok-vo-vremeni-v-6-j-faze\/"},"modified":"2026-08-24T14:01:11","modified_gmt":"2026-08-24T11:01:11","slug":"a-marvel-studios-confirmou-um-salto-temporal-significativo-na-fase-6","status":"publish","type":"post","link":"https:\/\/imgist.ru\/pt\/studiya-marvel-podtverdila-znachitelnyj-skachok-vo-vremeni-v-6-j-faze\/","title":{"rendered":"A Marvel Studios confirmou um grande salto temporal na Fase 6."},"content":{"rendered":"<p>No pr\u00f3ximo ano, uma s\u00e9rie do Disney+ marcar\u00e1 oficialmente o in\u00edcio da Fase 6 do Universo Cinematogr\u00e1fico Marvel. A cronologia da Fase 6 foi, no m\u00ednimo, complexa, come\u00e7ando na d\u00e9cada de 1960 na Terra-828 e retornando \u00e0 Terra-616 para um salto hist\u00f3rico no passado em &quot;Eyes of Wakanda&quot;. Em seguida, o pr\u00f3ximo grande projeto do MCU foi a s\u00e9rie do Disney+ &quot;Wonder Man&quot;, ambientada em Hollywood em 2026 e 2027, apenas dois meses antes do lan\u00e7amento de &quot;Demolidor: Renascimento&quot;, que retratou a queda do prefeito Wilson Fisk (Vincent D&#039;Onofrio) em outubro de 2027.<\/p>\n<p> Brad Winderbaum, chefe da Marvel Television, confirmou ao ScreenRant que a terceira temporada de Daredevil: Rebirth ser\u00e1 adiada. <strong>\u00ab&quot;por cerca de um ano&quot;\u00bb<\/strong> Antes da segunda temporada. Como a temporada anterior terminou em outubro de 2027, a terceira temporada estrear\u00e1 no outono de 2028 e ser\u00e1 uma das \u00faltimas s\u00e9ries do Disney+ na Fase 6 do Universo Cinematogr\u00e1fico Marvel.<\/p>\n<blockquote>\n<p> \u00ab&quot;Haver\u00e1 um pequeno salto temporal, mas n\u00e3o ser\u00e1 muito significativo. N\u00e3o significa que avan\u00e7aremos cinco anos ou algo do tipo. Provavelmente avan\u00e7aremos cerca de um ano, aproximadamente a mesma dist\u00e2ncia entre as esta\u00e7\u00f5es do ano na vida real.&quot;.<\/p>\n<\/blockquote>\n<figure><figcaption> Televis\u00e3o Marvel<\/figcaption><\/figure>\n<p> O salto temporal naturalmente tem implica\u00e7\u00f5es para a 3\u00aa temporada, j\u00e1 que significa que Matt Murdock, interpretado por Charlie Cox, passar\u00e1 um ano inteiro atr\u00e1s das grades. S\u00f3 o tempo dir\u00e1 como isso afetar\u00e1 o crime em Hell&#039;s Kitchen, especialmente com o Rei do Crime exilado no exterior, mas h\u00e1 motivos para acreditar que outro Demolidor assumiu o manto.<\/p>\n<p> Assim, embora a terceira temporada de Daredevil: Rebirth estreie no Disney+ em 2027, entre Avengers: Doomsday e Secret Wars, ela ignora completamente o caos multiversal, situando-se no outono de 2028. Essa saga urbana provavelmente se passar\u00e1 logo ap\u00f3s Spider-Man: New Day, mas antes de Daredevil.<\/p>\n<p> Neste ponto do Universo Cinematogr\u00e1fico da Marvel, o Demolidor de Charlie Cox teve uma das carreiras mais longas entre os super-her\u00f3is: sua s\u00e9rie na Netflix come\u00e7ou em 2014, ele permaneceu ativo durante o Estalo e ainda \u00e9 um personagem fundamental 14 anos depois (dentro do universo).<\/p>\n<h2> Lista cronol\u00f3gica de todos os filmes e s\u00e9ries de TV restantes da Fase 6 do Universo Cinematogr\u00e1fico Marvel.<\/h2>\n<h3> VisionQuest - Outono de 2024<\/h3>\n<figure><figcaption> Marvel Studios<\/figcaption><\/figure>\n<p> Surpreendentemente, Paul Bettany, estrela de VisionQuest, revelou ao Rotten Tomatoes na Comic-Con de Nova York que a s\u00e9rie do Disney+ est\u00e1 come\u00e7ando <strong>\u00ab&quot;Daqui a cerca de um ano&quot;\u00bb<\/strong> Ap\u00f3s WandaVision, que terminou com o vigilante sint\u00e9tico desaparecendo no ar, esse salto temporal parece indicar que a estreia da pr\u00f3xima s\u00e9rie (ou pelo menos seu in\u00edcio) ocorrer\u00e1 no outono de 2024.<\/p>\n<p> Como &quot;Agatha Always There&quot; se passa em Westview tr\u00eas anos ap\u00f3s &quot;WandaVision&quot;, &quot;VisionQuest&quot; \u00e9 tecnicamente a parte central da trilogia. No entanto, com os rumores circulando sobre a apari\u00e7\u00e3o de Wiccan, interpretado por Joe Locke, h\u00e1 motivos para acreditar que alguns eventos da s\u00e9rie podem ocorrer depois de &quot;Agatha Always There&quot;, sugerindo um salto temporal na narrativa.<\/p>\n<h3> Homem-Aranha: Um Novo Dia 2028<\/h3>\n<figure><figcaption> Marvel Studios<\/figcaption><\/figure>\n<p> A sinopse de Homem-Aranha: Um Novo Dia confirmou anteriormente que a pr\u00f3xima aventura de Peter Parker se passaria quatro anos ap\u00f3s os eventos de Sem Volta para Casa, em 2028, antes de Vingadores: O Ju\u00edzo Final. Oficialmente, no entanto, Um Novo Dia contar\u00e1 com v\u00e1rios saltos temporais, come\u00e7ando apenas alguns meses ap\u00f3s os eventos do filme anterior.<\/p>\n<p> A est\u00e9tica nova-iorquina vibrante e ensolarada presente em muitos dos trailers de Brand New Day pode sugerir uma temporada de primavera\/ver\u00e3o, mas nada est\u00e1 confirmado ainda.<\/p>\n<h3> Vingadores: Apocalipse \u2013 2028\/2029<\/h3>\n<figure><figcaption> Marvel Studios<\/figcaption><\/figure>\n<p> Ap\u00f3s a apresenta\u00e7\u00e3o dos Novos Vingadores ao mundo em Thunderbolts*, a cena p\u00f3s-cr\u00e9ditos avan\u00e7ou 14 meses no tempo, para o in\u00edcio de Vingadores: O Julgamento Final. Como Thunderbolts* se passa por volta do outono de 2027, esse salto temporal de 14 meses situa O Julgamento Final por volta do final de 2028\/in\u00edcio de 2029.<\/p>\n<p> Vale ressaltar, no entanto, que a trama de Vingadores 5 ir\u00e1 alternar entre m\u00faltiplas Terras e, consequentemente, diferentes eras. Enquanto os eventos na Terra-616 se passam em um futuro pr\u00f3ximo, Quarteto Fant\u00e1stico: Primeiros Passos termina por volta de 1969 na Terra-828, e ningu\u00e9m sabe em que ano os X-Men da Fox est\u00e3o vivendo atualmente.<\/p>\n<h3> Vingadores: Guerras Secretas - ???<\/h3>\n<figure><figcaption> Marvel Studios<\/figcaption><\/figure>\n<p> Acredita-se que Vingadores: Ju\u00edzo Final terminar\u00e1 com um final em aberto, semelhante ao estalo de Thanos em Vingadores: Guerra Infinita, com o Multiverso chegando ao fim e o Doutor Destino triunfando, criando o Mundo B\u00e9lico a partir de seus \u00faltimos remanescentes.<\/p>\n<p> Nesse caso, \u00e9 f\u00e1cil imaginar que Vingadores: Guerras Secretas ter\u00e1 algum tipo de salto temporal semelhante ao de Doomsday para deixar claro que os her\u00f3is est\u00e3o vivendo em Battleworld h\u00e1 muito tempo sob o dom\u00ednio tir\u00e2nico do Doutor Destino, que nos quadrinhos de 2015 foi de oito anos, e talvez o MCU fa\u00e7a o mesmo.<\/p>\n<p> No entanto, se o Mundo B\u00e9lico do Universo Cinematogr\u00e1fico Marvel for semelhante aos quadrinhos, \u00e9 dif\u00edcil situ\u00e1-lo em um ano espec\u00edfico, j\u00e1 que seus dom\u00ednios prov\u00eam de m\u00faltiplas realidades e eras sobreviventes; pode-se argumentar que o calend\u00e1rio simplesmente reinicia em 0 d.C. (p\u00f3s-Doom).<\/p>","protected":false},"excerpt":{"rendered":"<p>No pr\u00f3ximo ano, uma s\u00e9rie do Disney+ apresentar\u00e1 um salto temporal oficial para a Fase 6 do Universo Cinematogr\u00e1fico Marvel. A cronologia da Fase 6 tem sido complexa, para dizer o m\u00ednimo\u2026<\/p>","protected":false},"author":1,"featured_media":19536,"comment_status":"open","ping_status":"closed","sticky":false,"template":"","format":"standard","meta":{"footnotes":""},"categories":[6],"tags":[],"class_list":["post-19535","post","type-post","status-publish","format-standard","has-post-thumbnail","hentry","category-kinoindustriya","hvn-theme-has-thumbnail"],"_links":{"self":[{"href":"https:\/\/imgist.ru\/pt\/wp-json\/wp\/v2\/posts\/19535","targetHints":{"allow":["GET"]}}],"collection":[{"href":"https:\/\/imgist.ru\/pt\/wp-json\/wp\/v2\/posts"}],"about":[{"href":"https:\/\/imgist.ru\/pt\/wp-json\/wp\/v2\/types\/post"}],"author":[{"embeddable":true,"href":"https:\/\/imgist.ru\/pt\/wp-json\/wp\/v2\/users\/1"}],"replies":[{"embeddable":true,"href":"https:\/\/imgist.ru\/pt\/wp-json\/wp\/v2\/comments?post=19535"}],"version-history":[{"count":5,"href":"https:\/\/imgist.ru\/pt\/wp-json\/wp\/v2\/posts\/19535\/revisions"}],"predecessor-version":[{"id":140439,"href":"https:\/\/imgist.ru\/pt\/wp-json\/wp\/v2\/posts\/19535\/revisions\/140439"}],"wp:featuredmedia":[{"embeddable":true,"href":"https:\/\/imgist.ru\/pt\/wp-json\/wp\/v2\/media\/19536"}],"wp:attachment":[{"href":"https:\/\/imgist.ru\/pt\/wp-json\/wp\/v2\/media?parent=19535"}],"wp:term":[{"taxonomy":"category","embeddable":true,"href":"https:\/\/imgist.ru\/pt\/wp-json\/wp\/v2\/categories?post=19535"},{"taxonomy":"post_tag","embeddable":true,"href":"https:\/\/imgist.ru\/pt\/wp-json\/wp\/v2\/tags?post=19535"}],"curies":[{"name":"wp","href":"https:\/\/api.w.org\/{rel}","templated":true}]}}