{"id":19976,"date":"2026-07-28T22:10:37","date_gmt":"2026-07-28T19:10:37","guid":{"rendered":"https:\/\/imgist.ru\/princz-garri-ostavil-sotrudnikov-dvorcza-s-chuvstvom-glubokogo-predatelstva-i-obidy-istochnik\/"},"modified":"2026-07-28T22:10:37","modified_gmt":"2026-07-28T19:10:37","slug":"o-principe-harry-deixou-os-funcionarios-do-palacio-com-um-profundo-sentimento-de-traicao-e-ressentimento","status":"publish","type":"post","link":"https:\/\/imgist.ru\/pt\/princz-garri-ostavil-sotrudnikov-dvorcza-s-chuvstvom-glubokogo-predatelstva-i-obidy-istochnik\/","title":{"rendered":"O pr\u00edncipe Harry deixou os funcion\u00e1rios do pal\u00e1cio se sentindo &quot;profundamente tra\u00eddos&quot; e &quot;magoados&quot; \u2014 Fonte"},"content":{"rendered":"<p>retorno esperado <strong>Pr\u00edncipe Harry<\/strong> O retorno do Duque de Sussex ao Reino Unido pode reabrir feridas antigas, muito anteriores \u00e0 sua chegada ao Pal\u00e1cio de Buckingham. Novas alega\u00e7\u00f5es sugerem que funcion\u00e1rios do pal\u00e1cio ainda nutrem profundo ressentimento por suas cr\u00edticas p\u00fablicas. <strong>fam\u00edlia real.<\/strong><\/p>\n<p> Segundo relatos, o Rei Charles deseja receber seu filho mais novo. Os funcion\u00e1rios do pal\u00e1cio podem ter uma opini\u00e3o diferente.<\/p>\n<h2> O retorno do Pr\u00edncipe Harry ao Reino Unido &#039;seria incrivelmente desconfort\u00e1vel&#039;.<\/h2>\n<p> Segundo Rob Shooter, do blog Naughty But Nice no Substack, o Pr\u00edncipe Harry retornar\u00e1 ao Reino Unido em setembro para participar da cerim\u00f4nia anual de entrega dos pr\u00eamios WellChild. Ele apoia a institui\u00e7\u00e3o de caridade infantil h\u00e1 quase 20 anos.<\/p>\n<p> O relat\u00f3rio afirma que o Rei Charles continua disposto a oferecer a Harry um quarto no Pal\u00e1cio de Buckingham durante sua visita. No entanto, fontes internas dizem que tal gesto j\u00e1 causou tens\u00e3o nos bastidores do pal\u00e1cio.<\/p>\n<p> Uma fonte do pal\u00e1cio disse \u00e0 publica\u00e7\u00e3o: &quot;Nada mudou. O Rei pode querer Harry sob o seu teto, mas muitos dos que trabalham l\u00e1 n\u00e3o querem.&quot; A fonte afirmou que muitos funcion\u00e1rios se sentiram &quot;profundamente tra\u00eddos&quot; depois que Harry lan\u00e7ou a m\u00fasica &quot;Spare&quot; e concedeu v\u00e1rias entrevistas de grande repercuss\u00e3o.<\/p>\n<p> \u00ab&quot;Eles se sentiram profundamente tra\u00eddos por tudo o que se seguiu a Speir e \u00e0 entrevista, e essa m\u00e1goa ainda \u00e9 muito real&quot;, acrescentou a fonte.<\/p>\n<p> O relat\u00f3rio tamb\u00e9m alegou que funcion\u00e1rios do pal\u00e1cio haviam se oposto anteriormente ao plano de alojar Harry no Pal\u00e1cio de Buckingham. Segundo Shuter, os funcion\u00e1rios do pal\u00e1cio retiraram a proposta depois que a equipe expressou sua oposi\u00e7\u00e3o.<\/p>\n<p> Agora, com outra visita supostamente se aproximando, fontes internas esperam que preocupa\u00e7\u00f5es semelhantes ressurgam.<\/p>\n<p> \u00ab&quot;O clima ser\u00e1 extremamente desconfort\u00e1vel&quot;, disse outra fonte. &quot;As pessoas manter\u00e3o o profissionalismo porque esse \u00e9 o trabalho delas, mas profissionalismo n\u00e3o deve ser confundido com perd\u00e3o. S\u00e3o duas coisas completamente diferentes.&quot;.<\/p>\n<p> O relat\u00f3rio afirma que o Rei Charles ainda deseja reconstruir seu relacionamento com Harry. Uma fonte sugeriu que restaurar os la\u00e7os familiares envolve mais do que apenas uma rela\u00e7\u00e3o de pai e filho.<\/p>\n<p> \u00ab&quot;A reconcilia\u00e7\u00e3o n\u00e3o se resume apenas a reparar a rela\u00e7\u00e3o entre pai e filho&quot;, disse a fonte. &quot;Harry tamb\u00e9m precisa reconquistar a boa vontade das pessoas que fazem a monarquia funcionar no dia a dia, e essa pode ser a tarefa mais dif\u00edcil de todas.&quot;.<\/p>\n<p> Uma fonte pr\u00f3xima \u00e0 situa\u00e7\u00e3o concluiu com uma previs\u00e3o final: &quot;N\u00e3o se surpreendam se um n\u00famero excepcionalmente alto de funcion\u00e1rios tirar licen\u00e7a m\u00e9dica na semana em que ele chegar.&quot; Nem o Pal\u00e1cio de Buckingham nem o Pr\u00edncipe Harry comentaram publicamente essas \u00faltimas declara\u00e7\u00f5es.<\/p>\n<p> <strong>CONTE-NOS \u2013 VOC\u00ca ACHA QUE O RETORNO DO PR\u00cdNCIPE HARRY AO REINO UNIDO PODE AJUDAR A RESTAURAR AS RELA\u00c7\u00d5ES DENTRO DA FAM\u00cdLIA REAL?<\/strong><\/p>\n<p> <em>Reportagem<\/em> Vanshiki Vasundhara Singh <em>do site<\/em> <em>Ch\u00e1 da Realidade<\/em> <em>.<\/em><\/p>\n<p> O artigo &quot;Pr\u00edncipe Harry deixou funcion\u00e1rios do pal\u00e1cio com um profundo sentimento de trai\u00e7\u00e3o e ressentimento - Fonte&quot; foi publicado originalmente no site Mandatory.<\/p>","protected":false},"excerpt":{"rendered":"<p>O esperado retorno do Pr\u00edncipe Harry ao Reino Unido pode reabrir antigas feridas muito antes de sua chegada ao Pal\u00e1cio de Buckingham. Novas alega\u00e7\u00f5es sugerem que funcion\u00e1rios\u2026<\/p>","protected":false},"author":1,"featured_media":19977,"comment_status":"open","ping_status":"closed","sticky":false,"template":"","format":"standard","meta":{"footnotes":""},"categories":[5],"tags":[],"class_list":["post-19976","post","type-post","status-publish","format-standard","has-post-thumbnail","hentry","category-selebriti","hvn-theme-has-thumbnail"],"_links":{"self":[{"href":"https:\/\/imgist.ru\/pt\/wp-json\/wp\/v2\/posts\/19976","targetHints":{"allow":["GET"]}}],"collection":[{"href":"https:\/\/imgist.ru\/pt\/wp-json\/wp\/v2\/posts"}],"about":[{"href":"https:\/\/imgist.ru\/pt\/wp-json\/wp\/v2\/types\/post"}],"author":[{"embeddable":true,"href":"https:\/\/imgist.ru\/pt\/wp-json\/wp\/v2\/users\/1"}],"replies":[{"embeddable":true,"href":"https:\/\/imgist.ru\/pt\/wp-json\/wp\/v2\/comments?post=19976"}],"version-history":[{"count":0,"href":"https:\/\/imgist.ru\/pt\/wp-json\/wp\/v2\/posts\/19976\/revisions"}],"wp:featuredmedia":[{"embeddable":true,"href":"https:\/\/imgist.ru\/pt\/wp-json\/wp\/v2\/media\/19977"}],"wp:attachment":[{"href":"https:\/\/imgist.ru\/pt\/wp-json\/wp\/v2\/media?parent=19976"}],"wp:term":[{"taxonomy":"category","embeddable":true,"href":"https:\/\/imgist.ru\/pt\/wp-json\/wp\/v2\/categories?post=19976"},{"taxonomy":"post_tag","embeddable":true,"href":"https:\/\/imgist.ru\/pt\/wp-json\/wp\/v2\/tags?post=19976"}],"curies":[{"name":"wp","href":"https:\/\/api.w.org\/{rel}","templated":true}]}}