{"id":19995,"date":"2026-07-30T06:42:30","date_gmt":"2026-07-30T03:42:30","guid":{"rendered":"https:\/\/imgist.ru\/po-prognozam-k-2050-godu-vybrosy-parnikovyh-gazov-utroyatsya-iz-za-usileniya-anomalnoj-zhary\/"},"modified":"2026-07-30T06:42:30","modified_gmt":"2026-07-30T03:42:30","slug":"segundo-as-previsoes-ate-2050-as-emissoes-de-gases-de-efeito-estufa-triplicarao-devido-ao-aumento-do-calor-anormal","status":"publish","type":"post","link":"https:\/\/imgist.ru\/pt\/po-prognozam-k-2050-godu-vybrosy-parnikovyh-gazov-utroyatsya-iz-za-usileniya-anomalnoj-zhary\/","title":{"rendered":"Prev\u00ea-se que as emiss\u00f5es de gases com efeito de estufa tripliquem at\u00e9 2050 devido ao aumento das ondas de calor."},"content":{"rendered":"<p>O uso de ar condicionado tornou-se uma quest\u00e3o geopol\u00edtica urgente, \u00e0 medida que o aumento das temperaturas cria condi\u00e7\u00f5es perigosas em todo o mundo. Os aparelhos de ar condicionado s\u00e3o cada vez mais vistos como &quot;infraestrutura essencial&quot;, visto que as ondas de calor do ver\u00e3o se tornam mortais e cada vez mais comuns. Mas, embora o ar condicionado, sem d\u00favida, salve vidas, a curto prazo, ele contribui simultaneamente para o aquecimento global e desvia a aten\u00e7\u00e3o de outras abordagens mais importantes para a gest\u00e3o das emiss\u00f5es de gases de efeito estufa e a mitiga\u00e7\u00e3o das mudan\u00e7as clim\u00e1ticas.<\/p>\n<p> \u00ab&quot;De todos os eventos clim\u00e1ticos extremos, as altas temperaturas s\u00e3o as mais mortais&quot;, segundo um relat\u00f3rio recente da revista The Economist. De fato, um estudo publicado na revista The Lancet constatou que, entre 2000 e 2019, as ondas de calor mataram quase meio milh\u00e3o de pessoas em todo o mundo a cada ano, a maioria idosos e, portanto, mais vulner\u00e1veis \u00e0s altas temperaturas. Diante desse perigo iminente, o ar-condicionado surge como uma solu\u00e7\u00e3o l\u00f3gica e que salva vidas, prevenindo cerca de 190 mil mortes anualmente.<\/p>\n<p> Contudo, embora o ar condicionado proporcione al\u00edvio vital a curto prazo, contribui significativamente para o aquecimento global. A refrigera\u00e7\u00e3o e o ar condicionado s\u00e3o atualmente respons\u00e1veis por impressionantes 7% das emiss\u00f5es globais de gases de efeito estufa, e prev\u00ea-se que essas emiss\u00f5es dupliquem at\u00e9 2030 e tripliquem at\u00e9 2050.<\/p>\n<p> \u00ab&quot;O ar condicionado salva vidas e continuar\u00e1 sendo crucial em climas extremamente quentes&quot;, disse Mat Santamuris, professor de arquitetura de alto desempenho da Universidade de Nova Gales do Sul, em Sydney, em um comunicado divulgado no in\u00edcio deste m\u00eas. &quot;Mas n\u00e3o podemos resolver as mudan\u00e7as clim\u00e1ticas com ar condicionado. Se todos os edif\u00edcios dependerem exclusivamente de refrigera\u00e7\u00e3o mec\u00e2nica, sobrecarregaremos enormemente os sistemas de eletricidade, ao mesmo tempo que aqueceremos ainda mais nossas cidades&quot;, continuou.<\/p>\n<p> Al\u00e9m disso, o acesso e o impacto do ar condicionado s\u00e3o extremamente desiguais. A maioria dos pa\u00edses mais pobres do mundo est\u00e1 localizada em regi\u00f5es com climas quentes, mas esses pa\u00edses enfrentam s\u00e9rias limita\u00e7\u00f5es na ado\u00e7\u00e3o do ar condicionado e s\u00e3o particularmente vulner\u00e1veis ao aumento das temperaturas, criando um dilema para suas popula\u00e7\u00f5es. Os pa\u00edses pobres muitas vezes n\u00e3o t\u00eam capital para modernizar suas redes el\u00e9tricas e expandir a capacidade de produ\u00e7\u00e3o de energia para suportar a ado\u00e7\u00e3o generalizada do ar condicionado, enquanto suas popula\u00e7\u00f5es muitas vezes n\u00e3o t\u00eam condi\u00e7\u00f5es de comprar aparelhos de ar condicionado.<\/p>\n<p> \u00ab&quot;Embora mais de 801 mil e trinta trilh\u00f5es da popula\u00e7\u00e3o mundial experimentem regularmente n\u00edveis de calor que exigem refrigera\u00e7\u00e3o, apenas 401 mil e trinta trilh\u00f5es delas t\u00eam acesso a ar-condicionado&quot;, relata a revista The Economist. &quot;A disparidade \u00e9 maior nos pa\u00edses mais pobres e mais quentes&quot;, continua o relat\u00f3rio.<\/p>\n<p> Al\u00e9m disso, os aparelhos de ar condicionado baratos instalados pelas pessoas mais pobres nos pa\u00edses mais pobres s\u00e3o particularmente ineficientes, sobrecarregando ainda mais as redes el\u00e9tricas j\u00e1 saturadas. Esses aparelhos tamb\u00e9m s\u00e3o muito caros para os consumidores de baixa renda. Segundo a revista The Economist, as fam\u00edlias mais pobres gastam at\u00e9 8% de sua renda com refrigera\u00e7\u00e3o, em compara\u00e7\u00e3o com uma m\u00e9dia global de 0,2% a 2,5% para fam\u00edlias mais ricas. &quot;As fam\u00edlias pobres tamb\u00e9m enfrentam um problema de dupla efici\u00eancia&quot;, afirma o relat\u00f3rio. &quot;Os aparelhos mais baratos consomem mais eletricidade e s\u00e3o usados nas casas com mais infiltra\u00e7\u00f5es e isolamento prec\u00e1rio.&quot;.<\/p>\n<p> Como resultado, o ar condicionado n\u00e3o s\u00f3 contribui para o aquecimento global, como tamb\u00e9m contribui significativamente para a injusti\u00e7a clim\u00e1tica, criando uma situa\u00e7\u00e3o cr\u00edtica e potencialmente fatal. O ar condicionado n\u00e3o pode ser completamente eliminado, pois se tornou vital para o bem-estar humano em um clima em constante mudan\u00e7a. No entanto, precisamos mudar nossa abordagem em rela\u00e7\u00e3o ao uso dessa tecnologia. Especialistas argumentam que ela deve ser o \u00faltimo recurso e que existem muitas outras tecnologias que devem ser priorizadas.<\/p>\n<p> Um novo estudo publicado na prestigiada revista cient\u00edfica Nature Reviews Clean Energy descobriu que as tecnologias de resfriamento passivo podem reduzir a necessidade de ar condicionado em at\u00e9 80% e diminuir a temperatura ambiente em mais de 4\u00b0C. Muitas dessas tecnologias, como o resfriamento por ventiladores e o gerenciamento da radia\u00e7\u00e3o solar, j\u00e1 est\u00e3o em um est\u00e1gio avan\u00e7ado de desenvolvimento tecnol\u00f3gico e podem ser ampliadas de forma r\u00e1pida e relativamente f\u00e1cil. Os autores argumentam que pol\u00edticas voltadas para a promo\u00e7\u00e3o do desenvolvimento e da ado\u00e7\u00e3o de tecnologias de resfriamento passivo s\u00e3o urgentemente necess\u00e1rias para reduzir a depend\u00eancia do ar condicionado e, ao mesmo tempo, salvar vidas.<\/p>\n<p> Hayley Zaremba, Oilprice.com<\/p>\n<p> <strong>Mais artigos de destaque em Oilprice.com<\/strong><\/p>\n<ul>\n<li>\n<p> <strong>O Ir\u00e3 rejeitou a proposta de Om\u00e3 de compartilhar igualmente o controle do Estreito de Ormuz.<\/strong><\/p>\n<\/li>\n<li>\n<p> <strong>O \u00f3rg\u00e3o regulador do Reino Unido est\u00e1 reprimindo as tentativas de apropria\u00e7\u00e3o de terrenos na rede el\u00e9trica para a constru\u00e7\u00e3o de centros de dados.<\/strong><\/p>\n<\/li>\n<li>\n<p> <strong>Associa\u00e7\u00e3o Mundial de Energia Nuclear: S\u00e3o necess\u00e1rios US$ 6 trilh\u00f5es para atingir as metas de expans\u00e3o da capacidade at\u00e9 2050.<\/strong><\/p>\n<\/li>\n<\/ul>\n<p> O Oilprice Intelligence fornece sinais antes que se tornem not\u00edcias importantes. Esta \u00e9 a mesma an\u00e1lise especializada em que traders experientes e consultores pol\u00edticos confiam. Receba gratuitamente duas vezes por semana e saiba sempre por que o mercado est\u00e1 se movimentando antes de qualquer outra pessoa.<\/p>\n<p> Obtenha informa\u00e7\u00f5es geopol\u00edticas, dados ocultos sobre estoques e rumores de mercado que impactam bilh\u00f5es \u2014 e enviaremos a voc\u00ea an\u00e1lises premium de energia no valor de US$ 389 apenas por se inscrever. Junte-se a mais de 400.000 leitores hoje mesmo. Obtenha acesso instant\u00e2neo clicando aqui.<\/p>","protected":false},"excerpt":{"rendered":"<p>O uso de ar condicionado tornou-se uma quest\u00e3o geopol\u00edtica premente, \u00e0 medida que o aumento das temperaturas cria condi\u00e7\u00f5es perigosas em todo o mundo. Os aparelhos de ar condicionado s\u00e3o cada vez mais vistos como &quot;infraestrutura essencial&quot; com a chegada do ver\u00e3o\u2026<\/p>","protected":false},"author":1,"featured_media":19996,"comment_status":"open","ping_status":"closed","sticky":false,"template":"","format":"standard","meta":{"footnotes":""},"categories":[2],"tags":[],"class_list":["post-19995","post","type-post","status-publish","format-standard","has-post-thumbnail","hentry","category-news","hvn-theme-has-thumbnail"],"_links":{"self":[{"href":"https:\/\/imgist.ru\/pt\/wp-json\/wp\/v2\/posts\/19995","targetHints":{"allow":["GET"]}}],"collection":[{"href":"https:\/\/imgist.ru\/pt\/wp-json\/wp\/v2\/posts"}],"about":[{"href":"https:\/\/imgist.ru\/pt\/wp-json\/wp\/v2\/types\/post"}],"author":[{"embeddable":true,"href":"https:\/\/imgist.ru\/pt\/wp-json\/wp\/v2\/users\/1"}],"replies":[{"embeddable":true,"href":"https:\/\/imgist.ru\/pt\/wp-json\/wp\/v2\/comments?post=19995"}],"version-history":[{"count":0,"href":"https:\/\/imgist.ru\/pt\/wp-json\/wp\/v2\/posts\/19995\/revisions"}],"wp:featuredmedia":[{"embeddable":true,"href":"https:\/\/imgist.ru\/pt\/wp-json\/wp\/v2\/media\/19996"}],"wp:attachment":[{"href":"https:\/\/imgist.ru\/pt\/wp-json\/wp\/v2\/media?parent=19995"}],"wp:term":[{"taxonomy":"category","embeddable":true,"href":"https:\/\/imgist.ru\/pt\/wp-json\/wp\/v2\/categories?post=19995"},{"taxonomy":"post_tag","embeddable":true,"href":"https:\/\/imgist.ru\/pt\/wp-json\/wp\/v2\/tags?post=19995"}],"curies":[{"name":"wp","href":"https:\/\/api.w.org\/{rel}","templated":true}]}}