{"id":20022,"date":"2026-07-31T22:07:41","date_gmt":"2026-07-31T19:07:41","guid":{"rendered":"https:\/\/imgist.ru\/stassi-shreder-priznalas-chto-oni-s-muzhem-zamalchivayut-problemy-v-to-vremya-kak-on-nazyvaet-ih-sosedyami-po-komnate\/"},"modified":"2026-08-29T12:21:12","modified_gmt":"2026-08-29T09:21:12","slug":"stassi-schroeder-admitiu-que-ela-e-o-marido-mantem-seus-problemas-em-segredo-enquanto-ele-os-chama-de-colegas-de-quarto","status":"publish","type":"post","link":"https:\/\/imgist.ru\/pt\/stassi-shreder-priznalas-chto-oni-s-muzhem-zamalchivayut-problemy-v-to-vremya-kak-on-nazyvaet-ih-sosedyami-po-komnate\/","title":{"rendered":"Stassi Schroeder admitiu que ela e o marido mant\u00eam seus problemas em segredo, enquanto ele os chama de &quot;colegas de quarto&quot;."},"content":{"rendered":"<p><strong>Stassi Schroeder<\/strong> Compartilha novos detalhes sobre seu casamento com <strong>Bo Clark<\/strong> .<\/p>\n<p> No epis\u00f3dio do podcast <em>Desculpe, somos Cyrus.<\/em> , que foi ao ar na quinta-feira, 30 de julho, o apresentador <strong>Tish Cyrus<\/strong> Perguntaram \u00e0 estrela de reality show como foi filmar seu novo programa. <em>Casa de Stassi<\/em> afetou o casamento deles.<\/p>\n<p> \u00ab&quot;\u00c9 desafiador e gratificante ao mesmo tempo&quot;, admitiu a ex-estrela de reality show de 38 anos.\u00bb <em>&quot;Regras de Vanderpump&quot;\u00bb<\/em> . &quot;Isso gera tens\u00e3o, mas ao mesmo tempo \u00e9 gratificante porque os reality shows refletem todos os aspectos da sua vida \u2014 voc\u00ea, seus relacionamentos, se h\u00e1 problemas e assim por diante.&quot;.<\/p>\n<p> \u00ab&quot;Normalmente, quando Bo e eu estamos vivendo nossas vidas, tendemos a ficar quietos sobre coisas que nos irritam porque n\u00e3o h\u00e1 tempo para discuti-las, e qual seria o sentido, afinal?&quot;, admitiu a m\u00e3e de dois filhos.<\/p>\n<p> \u00ab&quot;Temos filhos e tudo mais. Ent\u00e3o, se algo nos irrita, simplesmente dizemos: &#039;Ah, qual \u00e9&#039;, e deixamos para l\u00e1. Quando voc\u00ea est\u00e1 filmando um reality show, n\u00e3o tem essa oportunidade&quot;, continuou ela. &quot;Voc\u00ea precisa falar sobre seus sentimentos, express\u00e1-los, discuti-los, entend\u00ea-los, resolv\u00ea-los. Foi quase como ir a um terapeuta.&quot;.<\/p>\n<figure><figcaption>\n<p> Rio \/ MEGA<\/p>\n<\/figcaption><\/figure>\n<p> Conforme relatado anteriormente <em>Estrela<\/em> , no primeiro epis\u00f3dio do programa \u00bb <em>Casa de Stassi\u00bb<\/em> Clark falou abertamente sobre como sua vida familiar disfuncional o afetou.<\/p>\n<p> Um casal que tem filhos <strong>Hartford<\/strong> , 5 anos, e <strong>Senhor<\/strong> , 2 anos, casaram-se em 2020 ap\u00f3s se conhecerem em <em>Programa VPR<\/em> Canal Bravo em 2017. Durante uma conversa com <strong>Taylor Strecker<\/strong> , um amigo pr\u00f3ximo de Schroeder e co-apresentador do podcast <em>STASSI com Tay<\/em> , Clarke, de 46 anos, admitiu: &quot;Eu me distanciei tanto dela que somos como colegas de quarto.&quot;.<\/p>\n<p> \u00ab&quot;N\u00e3o me sinto digno&quot;, acrescentou.<\/p>\n<p> Em uma recente participa\u00e7\u00e3o em um podcast, Schroeder explicou: &quot;Tivemos que ser brutalmente honestos sobre nosso casamento, nosso relacionamento, nossas necessidades e tudo mais. N\u00e3o foi f\u00e1cil, \u00e9 claro, mas nos ensinou muito mais um sobre o outro, e agora conversamos sobre tudo isso.&quot;.<\/p>\n<p> Quanto a saber se Clark gostou de participar do reality show, Schroeder respondeu: &quot;Ele n\u00e3o teve escolha. Ele se casou comigo.&quot;.<\/p>\n<p> Leia mais em Star<\/p>\n<ul>\n<li>\n<p> Kevin McHale desmentiu a teoria de que a s\u00e9rie &quot;Glee&quot; era amaldi\u00e7oada ap\u00f3s a morte de tr\u00eas atores.<\/p>\n<\/li>\n<li>\n<p> O rei Charles est\u00e1 pronto para &quot;aconselhar&quot; o pr\u00edncipe Harry sobre os problemas em seu casamento com Meghan Markle: &quot;Ele est\u00e1 pronto para ouvir&quot;.<\/p>\n<\/li>\n<li>\n<p> Sadie Robertson, estrela do programa Duck Dynasty, explicou por que ela e o marido esperaram at\u00e9 o casamento: &quot;O plano de Deus \u00e9 a pureza.&quot;.<\/p>\n<\/li>\n<\/ul>\n<p> Este artigo, no qual Stassi Schroeder admite que ela e o marido &quot;silenciam&quot; seus problemas chamando-os de &quot;colegas de quarto&quot;, foi publicado originalmente em <em>no site Star<\/em> . Inscreva-se em <strong>Estrela<\/strong> \u0432 <strong>Yahoo<\/strong> , para n\u00e3o perder as pr\u00f3ximas publica\u00e7\u00f5es.<\/p>","protected":false},"excerpt":{"rendered":"<p>Stassi Schroeder compartilha novos detalhes sobre seu casamento com Beau Clark. No epis\u00f3dio de quinta-feira, 30 de julho, do podcast Sorry We&#039;re Cyrus, a apresentadora\u2026<\/p>","protected":false},"author":1,"featured_media":20023,"comment_status":"open","ping_status":"closed","sticky":false,"template":"","format":"standard","meta":{"footnotes":""},"categories":[5],"tags":[],"class_list":["post-20022","post","type-post","status-publish","format-standard","has-post-thumbnail","hentry","category-selebriti","hvn-theme-has-thumbnail"],"_links":{"self":[{"href":"https:\/\/imgist.ru\/pt\/wp-json\/wp\/v2\/posts\/20022","targetHints":{"allow":["GET"]}}],"collection":[{"href":"https:\/\/imgist.ru\/pt\/wp-json\/wp\/v2\/posts"}],"about":[{"href":"https:\/\/imgist.ru\/pt\/wp-json\/wp\/v2\/types\/post"}],"author":[{"embeddable":true,"href":"https:\/\/imgist.ru\/pt\/wp-json\/wp\/v2\/users\/1"}],"replies":[{"embeddable":true,"href":"https:\/\/imgist.ru\/pt\/wp-json\/wp\/v2\/comments?post=20022"}],"version-history":[{"count":1,"href":"https:\/\/imgist.ru\/pt\/wp-json\/wp\/v2\/posts\/20022\/revisions"}],"predecessor-version":[{"id":161549,"href":"https:\/\/imgist.ru\/pt\/wp-json\/wp\/v2\/posts\/20022\/revisions\/161549"}],"wp:featuredmedia":[{"embeddable":true,"href":"https:\/\/imgist.ru\/pt\/wp-json\/wp\/v2\/media\/20023"}],"wp:attachment":[{"href":"https:\/\/imgist.ru\/pt\/wp-json\/wp\/v2\/media?parent=20022"}],"wp:term":[{"taxonomy":"category","embeddable":true,"href":"https:\/\/imgist.ru\/pt\/wp-json\/wp\/v2\/categories?post=20022"},{"taxonomy":"post_tag","embeddable":true,"href":"https:\/\/imgist.ru\/pt\/wp-json\/wp\/v2\/tags?post=20022"}],"curies":[{"name":"wp","href":"https:\/\/api.w.org\/{rel}","templated":true}]}}