{"id":20226,"date":"2026-08-06T22:08:10","date_gmt":"2026-08-06T19:08:10","guid":{"rendered":"https:\/\/imgist.ru\/princz-garri-i-megan-markl-rassmatrivayut-vozmozhnost-priznat-chto-oni-prichinili-ogromnuyu-bol-monarhii\/"},"modified":"2026-08-29T12:21:40","modified_gmt":"2026-08-29T09:21:40","slug":"o-principe-harry-e-meghan-markle-estao-considerando-admitir-que-causaram-enorme-sofrimento-a-monarquia","status":"publish","type":"post","link":"https:\/\/imgist.ru\/pt\/princz-garri-i-megan-markl-rassmatrivayut-vozmozhnost-priznat-chto-oni-prichinili-ogromnuyu-bol-monarhii\/","title":{"rendered":"O pr\u00edncipe Harry e Meghan Markle est\u00e3o considerando admitir que &quot;causaram enorme sofrimento&quot; \u00e0 monarquia."},"content":{"rendered":"<p>Quanto aos relacionamentos <strong>Pr\u00edncipe Harry<\/strong> \u0438 <strong>Meghan Markle<\/strong> Se o casal estiver envolvido com a fam\u00edlia real, ent\u00e3o em breve poder\u00e1 ter algo a dizer.<\/p>\n<p> Diversas fontes disseram isso ao jornalista. <strong>Para Rob Shooter<\/strong> em sua postagem no Substack na quinta-feira, 6 de agosto. <em>intitulado Travesso, mas Legal<\/em> , que o Duque e a Duquesa de Sussex est\u00e3o considerando um pedido p\u00fablico de desculpas a <strong>Rei Carlos III<\/strong> .<\/p>\n<p> \u00ab&quot;Todos concordam que a confian\u00e7a precisa ser reconstru\u00edda&quot;, disse uma fonte ao Shooter. &quot;O desafio \u00e9 encontrar as palavras certas para permitir que o Rei demonstre o respeito que deseja sem for\u00e7ar Harry e Meghan a retratarem todas as suas entrevistas, document\u00e1rios e p\u00e1ginas de livros.&quot; <em>\u00abPoupar<\/em> \u00bb\u00bb.<\/p>\n<p> Charles, 77, e 79- <strong>Rainha do Ver\u00e3o Camilla<\/strong> Recentemente, receberam os Sussex em 10 de julho na Highgrove House em Gloucestershire, Inglaterra.<\/p>\n<p> Antes disso, muitos anos haviam se passado desde que Harry e Meghan tiveram um filho de sete anos. <strong>Pr\u00edncipe Archie<\/strong> e uma filha de cinco anos <strong>Princesa Lilibet<\/strong> \u2014 conheci meu av\u00f4 pessoalmente.<\/p>\n<p> Harry, de 41 anos, e Meghan, de 45, afastaram-se publicamente de seus deveres mon\u00e1rquicos e responsabilidades reais em 2020, mudando-se para a Calif\u00f3rnia. Desde ent\u00e3o, seu relacionamento com a maior parte da fam\u00edlia real parece estar abalado.<\/p>\n<figure><figcaption>\n<p> MEGA<\/p>\n<\/figcaption><\/figure>\n<p> Embora as fontes de Shooter afirmem que a declara\u00e7\u00e3o de Meghan e Harry foi discutida, uma fonte do pal\u00e1cio observou: &quot;Um pedido de desculpas n\u00e3o significa necessariamente capitula\u00e7\u00e3o.&quot;.<\/p>\n<p> \u00ab&quot;Isto \u00e9 uma admiss\u00e3o de que esta disputa familiar foi longe demais&quot;, acrescentou uma fonte do pal\u00e1cio. &quot;Charles quer paz, mas tamb\u00e9m quer respeito. Este pode ser o primeiro passo concreto para alcan\u00e7ar ambos os objetivos.&quot;.<\/p>\n<p> Embora Harry tenha retornado ao Reino Unido, parece que ele n\u00e3o manteve contato com seu irm\u00e3o, com quem estava afastado., <strong>Pr\u00edncipe William<\/strong> , e nora, <strong>Princesa Kate<\/strong> .<\/p>\n<p> N\u00e3o est\u00e1 claro se o poss\u00edvel pedido de desculpas tamb\u00e9m incluiria uma men\u00e7\u00e3o ao Pr\u00edncipe e \u00e0 Princesa de Gales, ambos com 44 anos.<\/p>\n<p> No entanto, uma fonte pr\u00f3xima ao casal disse: &quot;N\u00e3o se trata de Harry e Meghan admitirem que estavam errados em tudo. Trata-se de reconhecerem que os \u00faltimos cinco anos lhes causaram imensa dor.&quot;.<\/p>\n<p> \u00ab&quot;A quest\u00e3o que est\u00e1 sendo discutida atualmente \u00e9 o que deve ser inclu\u00eddo no pedido de desculpas&quot;, acrescentou a fonte, &quot;e, igualmente importante, o que n\u00e3o deve ser inclu\u00eddo.&quot;.<\/p>\n<p> Leia mais na InTouch Weekly.<\/p>\n<ul>\n<li>\n<p> A ex-bab\u00e1 de Kourtney Kardashian esclareceu os rumores de um caso com Travis Barker.<\/p>\n<\/li>\n<li>\n<p> O irm\u00e3o de Angelina Jolie, James Haven, conhecido pelo seu beijo pol\u00eamico no Oscar, se assumiu gay.<\/p>\n<\/li>\n<li>\n<p> A estrela do TikTok, Sydney Toal, faleceu aos 26 anos ap\u00f3s lutar contra uma forma rara de c\u00e2ncer: &#039;Um raio de sol infinito.&#039;.<\/p>\n<\/li>\n<\/ul>\n<p> Este artigo, &quot;Pr\u00edncipe Harry e Meghan Markle consideram admitir que causaram enorme sofrimento \u00e0 monarquia&quot;, foi publicado originalmente no site [nome do site]. <em>InTouch Semanal<\/em> . Inscreva-se em <strong>InTouch Semanal<\/strong> \u0432 <strong>Yahoo<\/strong> , para n\u00e3o perder as pr\u00f3ximas publica\u00e7\u00f5es.<\/p>","protected":false},"excerpt":{"rendered":"<p>Em rela\u00e7\u00e3o ao relacionamento do Pr\u00edncipe Harry e Meghan Markle com a fam\u00edlia real, o casal pode em breve ter algo a dizer. Diversas fontes disseram ao jornalista Rob Shooter\u2026<\/p>","protected":false},"author":1,"featured_media":20227,"comment_status":"open","ping_status":"closed","sticky":false,"template":"","format":"standard","meta":{"footnotes":""},"categories":[5],"tags":[],"class_list":["post-20226","post","type-post","status-publish","format-standard","has-post-thumbnail","hentry","category-selebriti","hvn-theme-has-thumbnail"],"_links":{"self":[{"href":"https:\/\/imgist.ru\/pt\/wp-json\/wp\/v2\/posts\/20226","targetHints":{"allow":["GET"]}}],"collection":[{"href":"https:\/\/imgist.ru\/pt\/wp-json\/wp\/v2\/posts"}],"about":[{"href":"https:\/\/imgist.ru\/pt\/wp-json\/wp\/v2\/types\/post"}],"author":[{"embeddable":true,"href":"https:\/\/imgist.ru\/pt\/wp-json\/wp\/v2\/users\/1"}],"replies":[{"embeddable":true,"href":"https:\/\/imgist.ru\/pt\/wp-json\/wp\/v2\/comments?post=20226"}],"version-history":[{"count":1,"href":"https:\/\/imgist.ru\/pt\/wp-json\/wp\/v2\/posts\/20226\/revisions"}],"predecessor-version":[{"id":161734,"href":"https:\/\/imgist.ru\/pt\/wp-json\/wp\/v2\/posts\/20226\/revisions\/161734"}],"wp:featuredmedia":[{"embeddable":true,"href":"https:\/\/imgist.ru\/pt\/wp-json\/wp\/v2\/media\/20227"}],"wp:attachment":[{"href":"https:\/\/imgist.ru\/pt\/wp-json\/wp\/v2\/media?parent=20226"}],"wp:term":[{"taxonomy":"category","embeddable":true,"href":"https:\/\/imgist.ru\/pt\/wp-json\/wp\/v2\/categories?post=20226"},{"taxonomy":"post_tag","embeddable":true,"href":"https:\/\/imgist.ru\/pt\/wp-json\/wp\/v2\/tags?post=20226"}],"curies":[{"name":"wp","href":"https:\/\/api.w.org\/{rel}","templated":true}]}}