{"id":2031,"date":"2026-05-30T16:18:50","date_gmt":"2026-05-30T13:18:50","guid":{"rendered":"https:\/\/imgist.ru\/bill-maer-razgromil-programmu-konczertov-donalda-trampa-freedom-250\/"},"modified":"2026-05-30T16:18:50","modified_gmt":"2026-05-30T13:18:50","slug":"bill-maher-criticou-duramente-o-programa-do-concerto-freedom-250-de-donald-trump","status":"publish","type":"post","link":"https:\/\/imgist.ru\/pt\/bill-maer-razgromil-programmu-konczertov-donalda-trampa-freedom-250\/","title":{"rendered":"Bill Maher criticou duramente o programa do concerto &quot;Freedom 250&quot; de Donald Trump."},"content":{"rendered":"<p>Bill Maher criticou duramente o programa de concertos Freedom 250 do presidente Donald Trump.<\/p>\n<p> Em seu mon\u00f3logo de abertura no epis\u00f3dio de sexta-feira de &quot;\u00ab <em>Em tempo real com Bill Maher\u00bb<\/em> Em 29 de maio, o apresentador do programa de entrevistas noturno criticou o evento que se aproxima. A Grande Feira Estadual Americana acontecer\u00e1 de 25 de junho a 10 de julho no National Mall, em Washington, D.C.<\/p>\n<p> \u00ab&quot;Vamos dar uma grande festa para comemorar o 250\u00ba anivers\u00e1rio dos Estados Unidos, um show&quot;, observou Maher. &quot;Eles anunciaram a programa\u00e7\u00e3o: Vanilla Ice, Milli Vanilli, Morris Day, Bret Michaels.&quot; . <\/p>\n<p> Maher ent\u00e3o brincou: &quot;Acho isso muito admir\u00e1vel em um presidente; mostra que ele se importa com a situa\u00e7\u00e3o dos desempregados.&quot;.<\/p>\n<p> Ele continuou: &quot;E a\u00ed, depois que anunciaram essa escala\u00e7\u00e3o de estrelas, muitos deles disseram: &#039;N\u00e3o, do que voc\u00eas est\u00e3o falando? N\u00f3s n\u00e3o vamos jogar.&#039; Deve ser muito doloroso n\u00e3o conseguir fechar um contrato com o Milli Vanilli.&quot;. <\/p>\n<p> Embora a s\u00e9rie de concertos seja organizada pela organiza\u00e7\u00e3o sem fins lucrativos Freedom 250, este evento p\u00fablico-privado conta com o apoio de Trump. Essa revela\u00e7\u00e3o levou muitos artistas musicais a desistirem de participar logo ap\u00f3s o an\u00fancio da programa\u00e7\u00e3o. At\u00e9 o momento da publica\u00e7\u00e3o deste texto, entre os artistas que n\u00e3o se apresentar\u00e3o est\u00e3o The Commodores, Young MC, Morris Day (do Morris Day and The Time), Martina McBride e Bret Michaels.<\/p>\n<p> \u00ab&quot;Me ofereceram a oportunidade de falar em um evento apartid\u00e1rio, mas acabou sendo um golpe&quot;, escreveu McBride no Instagram, anunciando sua desist\u00eancia da Great American State Fair. <\/p>\n<p> Enquanto isso, Michaels escreveu em seu Instagram: &quot;Quando minha equipe recebeu essa oportunidade pela primeira vez, foi descrita como uma celebra\u00e7\u00e3o do nosso pa\u00eds atrav\u00e9s da m\u00fasica e uma chance de homenagear nossos veteranos, militares, socorristas, professores e americanos trabalhadores de todas as classes sociais... Infelizmente, o que nos foi apresentado como uma celebra\u00e7\u00e3o do nosso pa\u00eds se transformou em algo muito mais controverso do que aquilo de que eu concordei em participar.&quot;.<\/p>\n<p> No entanto, Fab Morvan, do Milli Vanilli, e Vanilla Ice confirmaram publicamente que se apresentar\u00e3o na s\u00e9rie de concertos Freedom 250.<\/p>\n<p> O que voc\u00ea acha desse evento e do fato de alguns artistas terem se recusado a participar?<\/p>\n<p> <strong><em>Programa &quot;Real Time With Bill Maher&quot;\u00ab<\/em> Exibido \u00e0s sextas-feiras, \u00e0s 22h (hor\u00e1rio do leste dos EUA), na HBO.<\/strong><\/p>\n<p> Leia as \u00faltimas not\u00edcias do mundo do entretenimento no TV Insider. .<\/p>","protected":false},"excerpt":{"rendered":"<p>Bill Maher criticou duramente o programa de concertos Freedom 250 do presidente Donald Trump. Em seu mon\u00f3logo de abertura no epis\u00f3dio de sexta-feira do programa &quot;Real Time With Bill Maher&quot;,...<\/p>","protected":false},"author":1,"featured_media":2032,"comment_status":"open","ping_status":"closed","sticky":false,"template":"","format":"standard","meta":{"footnotes":""},"categories":[6],"tags":[],"class_list":["post-2031","post","type-post","status-publish","format-standard","has-post-thumbnail","hentry","category-kinoindustriya","hvn-theme-has-thumbnail"],"_links":{"self":[{"href":"https:\/\/imgist.ru\/pt\/wp-json\/wp\/v2\/posts\/2031","targetHints":{"allow":["GET"]}}],"collection":[{"href":"https:\/\/imgist.ru\/pt\/wp-json\/wp\/v2\/posts"}],"about":[{"href":"https:\/\/imgist.ru\/pt\/wp-json\/wp\/v2\/types\/post"}],"author":[{"embeddable":true,"href":"https:\/\/imgist.ru\/pt\/wp-json\/wp\/v2\/users\/1"}],"replies":[{"embeddable":true,"href":"https:\/\/imgist.ru\/pt\/wp-json\/wp\/v2\/comments?post=2031"}],"version-history":[{"count":0,"href":"https:\/\/imgist.ru\/pt\/wp-json\/wp\/v2\/posts\/2031\/revisions"}],"wp:featuredmedia":[{"embeddable":true,"href":"https:\/\/imgist.ru\/pt\/wp-json\/wp\/v2\/media\/2032"}],"wp:attachment":[{"href":"https:\/\/imgist.ru\/pt\/wp-json\/wp\/v2\/media?parent=2031"}],"wp:term":[{"taxonomy":"category","embeddable":true,"href":"https:\/\/imgist.ru\/pt\/wp-json\/wp\/v2\/categories?post=2031"},{"taxonomy":"post_tag","embeddable":true,"href":"https:\/\/imgist.ru\/pt\/wp-json\/wp\/v2\/tags?post=2031"}],"curies":[{"name":"wp","href":"https:\/\/api.w.org\/{rel}","templated":true}]}}