{"id":22332,"date":"2022-05-25T09:32:39","date_gmt":"2022-05-25T07:32:39","guid":{"rendered":"http:\/\/aleksawn.bget.ru\/?p=22332"},"modified":"2026-08-24T13:30:13","modified_gmt":"2026-08-24T10:30:13","slug":"10-protestos-estrondosos-que-mudaram-o-mundo","status":"publish","type":"post","link":"https:\/\/imgist.ru\/pt\/10-gromkih-protestov-izmenivshih-mir\/","title":{"rendered":"10 protestos de grande repercuss\u00e3o que mudaram o mundo"},"content":{"rendered":"<p>A hist\u00f3ria est\u00e1 repleta de momentos em que cidad\u00e3os saem \u00e0s ruas para protestar contra algo com que discordam, algo que afeta suas vidas. \u00c9 claro que nem todo protesto \u00e9 poderoso ou coerente, mas alguns t\u00eam o poder de mudar na\u00e7\u00f5es ou at\u00e9 mesmo cri\u00e1-las. Ao longo da civiliza\u00e7\u00e3o, os protestos t\u00eam sido uma forma de dar voz \u00e0s massas, desafiar a autoridade e mudar vidas para melhor.<\/p>\n<p>Alguns protestos catalisam debates que duram d\u00e9cadas, sen\u00e3o s\u00e9culos, enquanto outros provocam mudan\u00e7as em apenas meses ou at\u00e9 mesmo dias. O interessante sobre os protestos \u00e9 que, embora alguns possam n\u00e3o se concretizar, ainda assim podem gerar mudan\u00e7as. Nem todos os protestos conseguem mudar o mundo, mas alguns j\u00e1 conseguiram, e neste artigo, vamos nos concentrar nesses.<\/p>\n<h2>10. Protestos contra a guerra no Iraque<\/h2>\n<p><img loading=\"lazy\" decoding=\"async\" class=\"size-full wp-image-65156 aligncenter\" src=\"https:\/\/imgist.ru\/wp-content\/uploads\/2023\/05\/10-protestov-izmenivshih-mir_64773c9b44337.jpeg\" alt=\"\" width=\"640\" height=\"427\" \/><\/p>\n<p>A decis\u00e3o de invadir o Iraque j\u00e1 vinha sendo discutida h\u00e1 algum tempo dentro do governo Bush. Membros do governo Bush buscavam justificativas para a invas\u00e3o h\u00e1 anos, com o vice-presidente Dick Cheney e o secret\u00e1rio de Defesa Donald Rumsfeld \u00e0 frente dessa quest\u00e3o. Quando o 11 de setembro ocorreu, o governo decidiu us\u00e1-lo para justificar suas decis\u00f5es por meio da &quot;guerra ao terror&quot;.<\/p>\n<p>Os EUA apresentaram muitas raz\u00f5es para antecipar gradualmente a invas\u00e3o iminente, mas a raz\u00e3o que acabou por tomar a decis\u00e3o por eles tornou-se uma mancha na pol\u00edtica externa americana durante d\u00e9cadas.<\/p>\n<p>Em 5 de fevereiro de 2003, o Secret\u00e1rio de Estado Colin Powell discursava na ONU, numa tentativa de ser coerente, explicando as raz\u00f5es para a iminente invas\u00e3o do Iraque. O problema, por\u00e9m, era que muitas das suas afirma\u00e7\u00f5es se baseavam em informa\u00e7\u00f5es de intelig\u00eancia fr\u00e1geis e pouco confi\u00e1veis. A Guerra do Iraque foi constru\u00edda sob a premissa de que Saddam Hussein possu\u00eda ou estava desenvolvendo armas de destrui\u00e7\u00e3o em massa. Tudo era mentira.<\/p>\n<p>Poucas semanas ap\u00f3s o discurso de Powell na ONU e um m\u00eas antes da invas\u00e3o, milh\u00f5es de pessoas em todo o mundo come\u00e7aram a protestar contra a Guerra do Iraque, antes mesmo de seu in\u00edcio. Em Nova York, 200 mil pessoas protestaram, e em algumas cidades europeias, milh\u00f5es a mais. No total, 600 cidades em todo o mundo participaram dos protestos. Infelizmente, o plano j\u00e1 estava em andamento, e as for\u00e7as estavam determinadas a levar a miss\u00e3o at\u00e9 o fim. A Guerra do Iraque come\u00e7ou em 19 de mar\u00e7o de 2003 e durou quase dez anos, terminando em 15 de dezembro de 2011. Nenhuma arma de destrui\u00e7\u00e3o em massa jamais foi encontrada.<\/p>\n<h2>9. Revolu\u00e7\u00e3o Laranja<\/h2>\n<p>Era 2004, quando as elei\u00e7\u00f5es ucranianas deixaram o pa\u00eds de joelhos. Centenas de milhares de cidad\u00e3os ucranianos lotaram a pra\u00e7a principal de Kiev, protestando contra os resultados das elei\u00e7\u00f5es. Ent\u00e3o, como chegamos a isso?<\/p>\n<p>Nas elei\u00e7\u00f5es presidenciais de 2004 na Ucr\u00e2nia, esperava-se que o ent\u00e3o presidente Leonid Kuchma concorresse a um terceiro mandato, uma manobra recentemente aprovada pelo Tribunal Constitucional. No entanto, ele surpreendeu a todos ao apoiar Viktor Yanukovych, que tinha la\u00e7os de amizade e apoio de Vladimir Putin. Durante a campanha, surgiu um desafiante com grandes chances de derrotar Yanukovych: Viktor Yushchenko.<\/p>\n<p>A campanha foi brutal, mas Yushchenko estava se tornando uma pedra no sapato de Yanukovych. Em setembro, algo mudou: Yushchenko adoeceu e, mais tarde, descobriu-se que havia sido envenenado com dioxina. Quando as elei\u00e7\u00f5es se aproximaram, tanto Yanukovych quanto Yushchenko venceram os primeiros turnos, e Yanukovych acabou conquistando a vit\u00f3ria. No entanto, a maioria dos ucranianos n\u00e3o acreditou nos resultados e protestos irromperam.<\/p>\n<p>Os protestos em Kiev duraram 12 dias, at\u00e9 que o Supremo Tribunal invalidou as elei\u00e7\u00f5es de 3 de dezembro e marcou uma nova rodada para 26 de dezembro. Yushchenko venceu a elei\u00e7\u00e3o. Durante seu mandato, sua presid\u00eancia perdeu apoio significativo e obteve menos sucesso do que o esperado. Mesmo assim, a Revolu\u00e7\u00e3o Laranja o levou ao poder, derrotando a corrup\u00e7\u00e3o e garantindo o triunfo da democracia.<\/p>\n<h2>8. Reforma Protestante<\/h2>\n<p><img loading=\"lazy\" decoding=\"async\" class=\"size-full wp-image-83146 aligncenter\" src=\"https:\/\/imgist.ru\/wp-content\/uploads\/2023\/05\/10-protestov-izmenivshih-mir_64773c9c1e98b.png\" alt=\"\" width=\"640\" height=\"427\" \/><\/p>\n<p>No que diz respeito \u00e0 Reforma Protestante, \u00e9 interessante notar que toda essa revolta come\u00e7ou com uma inven\u00e7\u00e3o muito importante: a imprensa. No centro da Reforma Protestante est\u00e1 Gutenberg e sua imprensa.<\/p>\n<p>A Reforma Protestante ocorreu na Europa no s\u00e9culo XVI e levou ao surgimento de um novo ramo do cristianismo conhecido como Protestantismo. O termo Protestantismo se referia a todos os grupos religiosos que se separaram da Igreja Cat\u00f3lica Romana. A principal raz\u00e3o para essa divis\u00e3o foram as diferen\u00e7as doutrin\u00e1rias, e tudo come\u00e7ou em Wittenberg, na Alemanha, quando Martinho Lutero publicou seu documento, &quot;A Ret\u00f3rica da Independ\u00eancia&quot;.\u00ab <i>A disputa sobre o poder das indulg\u00eancias\u00bb<\/i> 31 de outubro de 1517.<\/p>\n<p>O documento de Lutero tamb\u00e9m era conhecido como &quot;\u00ab<i>95 teses<\/i> \u00bb&quot;As 95 ideias do documento sobre o cristianismo desafiaram o que todos sabiam com base nos ensinamentos da Igreja Cat\u00f3lica e abriram caminho para o debate. Como voc\u00ea deve imaginar, a Igreja Cat\u00f3lica n\u00e3o ficou nada satisfeita com essa clara deturpa\u00e7\u00e3o e tentou suprimir o movimento que varria a Europa. No entanto, j\u00e1 era tarde demais; as religi\u00f5es e as autoridades eclesi\u00e1sticas estavam sendo desafiadas de v\u00e1rias maneiras, tudo gra\u00e7as a Martinho Luthor, um monge e professor que questionou a influ\u00eancia da Igreja Cat\u00f3lica.&quot;.<\/p>\n<p>Este protesto come\u00e7ou com o simples ato de pregar um documento em uma porta e, em seguida, distribuir panfletos. A Reforma levaria a mudan\u00e7as significativas no poder da Igreja sobre o Estado, um exemplo sendo a remo\u00e7\u00e3o da influ\u00eancia religiosa na Inglaterra por Henrique VIII, colocando a B\u00edblia nas m\u00e3os do povo, e a dissolu\u00e7\u00e3o dos mosteiros e suas riquezas.<\/p>\n<h2>7. A Marcha do Sal de Gandhi<\/h2>\n<p><img loading=\"lazy\" decoding=\"async\" class=\"size-full wp-image-66712 aligncenter\" src=\"https:\/\/imgist.ru\/wp-content\/uploads\/2023\/05\/10-protestov-izmenivshih-mir_64773c9d4e5e1.jpeg\" alt=\"\" width=\"640\" height=\"435\" \/><\/p>\n<p>A \u00cdndia esteve sob dom\u00ednio brit\u00e2nico de 1858 a 1947, e os brit\u00e2nicos promulgaram uma nova lei conhecida como Lei do Sal de 1882. Essa lei proibia os indianos de coletar e vender sal. Como resultado, os indianos foram for\u00e7ados a comprar sal dos governantes brit\u00e2nicos, que detinham o monop\u00f3lio desse mineral vital e sua venda. Pior ainda, os brit\u00e2nicos impuseram um imposto pesado sobre o sal. Isso levou ao sofrimento de muitos indianos, j\u00e1 que o sal era um alimento b\u00e1sico em sua alimenta\u00e7\u00e3o.<\/p>\n<p>A Marcha do Sal come\u00e7ou em 12 de mar\u00e7o de 1930, mas foi anunciada 10 dias antes, em 2 de mar\u00e7o, por Gandhi, que enviou uma carta ao vice-rei Lord Irwin. O protesto durou 24 dias, come\u00e7ando com Gandhi e dezenas de seguidores viajando para Dandi.<\/p>\n<p>Em 5 de abril, eles chegaram \u00e0 cidade costeira de Dandi com uma multid\u00e3o que agora contava com dezenas de milhares de manifestantes. Logo na manh\u00e3 seguinte, partiram para o Mar Ar\u00e1bico para coletar sal. Os brit\u00e2nicos, j\u00e1 cientes de seus planos gra\u00e7as \u00e0 carta de Gandhi, haviam destru\u00eddo os p\u00e2ntanos de sal na costa. Sem se deixar abalar, Gandhi coletou pequenos peda\u00e7os de sal natural da lama, violando oficialmente a Lei do Sal brit\u00e2nica. Essa pr\u00e1tica se espalhou por cidades e vilarejos costeiros em toda a \u00cdndia.<\/p>\n<p>A Marcha do Sal acabou por levar a um aumento da desobedi\u00eancia civil e a tumultos por toda a \u00cdndia. No final, 60.000 pessoas foram presas, incluindo Gandhi, que foi detido em 5 de maio. No entanto, isso n\u00e3o impediu os protestos.<\/p>\n<p>Este protesto teve um impacto incr\u00edvel na \u00cdndia, pois trouxe reconhecimento mundial \u00e0 pol\u00edtica brit\u00e2nica no pa\u00eds e abriu caminho para a independ\u00eancia indiana, conquistada em 1947. Embora os problemas na \u00cdndia estivessem longe de ser resolvidos, a Marcha do Sal permanece um dos eventos mais importantes na forma\u00e7\u00e3o de uma \u00cdndia independente.<\/p>\n<h2>6. Festa do Ch\u00e1 de Boston<\/h2>\n<p><img loading=\"lazy\" decoding=\"async\" class=\"size-full wp-image-65148 aligncenter\" src=\"https:\/\/imgist.ru\/wp-content\/uploads\/2023\/05\/10-protestov-izmenivshih-mir_64773c9e403a4.jpeg\" alt=\"\" width=\"640\" height=\"426\" \/><\/p>\n<p>O Imp\u00e9rio Brit\u00e2nico estava em extremo decl\u00ednio na d\u00e9cada de 1760 e durante grande parte do s\u00e9culo XVI. Assim, para resolver seus problemas financeiros, voltou-se para suas col\u00f4nias americanas. Os brit\u00e2nicos come\u00e7aram a taxar tudo o que podiam, a come\u00e7ar pela Lei do Selo de 1765. Essa lei taxava todos os tipos de documentos em papel nas col\u00f4nias. Deram um grande passo adiante com as Leis Townshend de 1767, que taxavam bens essenciais como vidro, papel, chumbo, tinta e ch\u00e1.<\/p>\n<p>Os brit\u00e2nicos consideravam os impostos justos, j\u00e1 que a maior parte de seus problemas financeiros decorria das guerras travadas ao lado dos colonos. No entanto, os colonos discordavam e ficaram furiosos por serem tributados sem representa\u00e7\u00e3o. Essas duas leis tribut\u00e1rias desencadearam uma significativa agita\u00e7\u00e3o civil nas treze col\u00f4nias.<\/p>\n<p>O primeiro grande confronto foi um motim sangrento, hoje conhecido como o Massacre de Boston, em 5 de mar\u00e7o de 1770. Esse motim alimentou o sentimento antibrit\u00e2nico. Durante esse conflito, na Gr\u00e3-Bretanha, o primeiro-ministro exigiu a revoga\u00e7\u00e3o das Leis Townshend, que foram revogadas, com exce\u00e7\u00e3o do imposto sobre o ch\u00e1, que gerou algumas das maiores receitas.<\/p>\n<p>A Lei do Ch\u00e1 de 1773 foi criada para auxiliar a Companhia das \u00cdndias Orientais, que enfrentava dificuldades. Ela permitiu que a Companhia, uma for\u00e7a motriz vital na economia brit\u00e2nica, monopolizasse a importa\u00e7\u00e3o e a venda de ch\u00e1 nas col\u00f4nias. Os Filhos da Liberdade, um grupo de comerciantes e negociantes coloniais, se mobilizaram contra a chegada dos navios da Companhia das \u00cdndias Orientais ao Cais de Griffin. Apesar disso, os navios chegaram em 16 de dezembro de 1773. Naquela noite, um grupo de quase 100 homens, disfar\u00e7ados de nativos americanos, embarcou nos navios e, em apenas tr\u00eas horas, descarregou 342 caixas contendo 45 toneladas de ch\u00e1 no Porto de Boston.<\/p>\n<p>\u00c9 claro que esse evento teve consequ\u00eancias para os colonos, mas foi um momento importante na hist\u00f3ria americana e em sua busca pela independ\u00eancia, que eles alcan\u00e7aram posteriormente em 1776 por meio da Revolu\u00e7\u00e3o Americana.<\/p>\n<h2>5. Protestos no Muro de Berlim<\/h2>\n<p><img loading=\"lazy\" decoding=\"async\" class=\"size-full wp-image-80958 aligncenter\" src=\"https:\/\/imgist.ru\/wp-content\/uploads\/2023\/05\/10-protestov-izmenivshih-mir_64773c9f5b9da.jpeg\" alt=\"\" width=\"640\" height=\"427\" \/><\/p>\n<p>A Alemanha do p\u00f3s-guerra estava em desordem. N\u00e3o h\u00e1 s\u00edmbolo melhor disso do que o Muro de Berlim. Como resultado da Segunda Guerra Mundial, o pa\u00eds foi dividido em quatro &quot;zonas de ocupa\u00e7\u00e3o aliadas&quot; e atribu\u00eddas a diferentes aliados da guerra. A Alemanha Oriental foi entregue \u00e0 URSS, enquanto a Ocidental foi dividida entre os Estados Unidos, a Gr\u00e3-Bretanha e a Fran\u00e7a.<\/p>\n<p>As tens\u00f5es entre o Ocidente e a URSS come\u00e7aram a piorar relativamente pouco tempo depois da Segunda Guerra Mundial. A constru\u00e7\u00e3o do Muro de Berlim \u00e9 um dos muitos exemplos da deteriora\u00e7\u00e3o das rela\u00e7\u00f5es entre as diferentes na\u00e7\u00f5es durante a Guerra Fria. Em 12 de agosto de 1961, a fronteira com a Alemanha Oriental foi fechada permanentemente e a constru\u00e7\u00e3o do Muro de Berlim teve in\u00edcio. O muro improvisado foi erguido em duas semanas, tornando a entrada e a sa\u00edda da Alemanha Oriental praticamente imposs\u00edveis.<\/p>\n<p>A principal raz\u00e3o para a constru\u00e7\u00e3o do muro, pelo menos segundo os sovi\u00e9ticos, era impedir a entrada de fascistas ocidentais. No entanto, a verdadeira raz\u00e3o para o Muro de Berlim foi a dura realidade do \u00eaxodo em massa da Alemanha Oriental para a Alemanha Ocidental.<\/p>\n<p>O Muro de Berlim permaneceu de p\u00e9 por quase tr\u00eas d\u00e9cadas. Em 1989, as tens\u00f5es na Alemanha Oriental estavam altas devido a problemas econ\u00f4micos, escassez de alimentos e temores de que o bloco comunista entrasse em colapso ap\u00f3s Chernobyl. Em 4 de novembro, meio milh\u00e3o de alem\u00e3es orientais iniciaram um protesto em massa na Alexanderplatz, em Berlim Oriental.<\/p>\n<p>Em 9 de novembro, G\u00fcnter Schabowski, um alto funcion\u00e1rio do Partido Comunista da Alemanha Oriental, realizou uma coletiva de imprensa. Ele deveria anunciar novas regras para viagens entre a Alemanha Oriental e Ocidental, na esperan\u00e7a de conter os protestos. Mas ele sequer teve tempo de ler as novas regras antes de sair para a coletiva. Ao anunciar o relaxamento das restri\u00e7\u00f5es de fronteira, afirmou que a medida entraria em vigor imediatamente. No entanto, na realidade, ela s\u00f3 entraria em vigor no dia seguinte. Naquele dia, milhares de pessoas cruzaram a fronteira entre a Alemanha Oriental e Ocidental. Multid\u00f5es de alem\u00e3es come\u00e7aram a desmantelar o muro, pondo fim a quase tr\u00eas d\u00e9cadas de separa\u00e7\u00e3o.<\/p>\n<h2>4. Campanha de Desobedi\u00eancia Civil na \u00c1frica do Sul<\/h2>\n<p><img loading=\"lazy\" decoding=\"async\" class=\"size-full wp-image-70574 aligncenter\" src=\"https:\/\/imgist.ru\/wp-content\/uploads\/2023\/05\/10-protestov-izmenivshih-mir_64773ca059669.jpeg\" alt=\"\" width=\"640\" height=\"426\" \/><\/p>\n<p>Em 1948, a \u00c1frica do Sul iniciou uma campanha de opress\u00e3o que durou quase meio s\u00e9culo, conhecida como apartheid. O apartheid foi um meio de regular as rela\u00e7\u00f5es entre a minoria branca e a maioria negra da \u00c1frica do Sul. A lei sancionava a segrega\u00e7\u00e3o, a discrimina\u00e7\u00e3o e a criminaliza\u00e7\u00e3o da popula\u00e7\u00e3o negra.<\/p>\n<p>Quatro anos depois, em 26 de junho de 1952, a Campanha de Desobedi\u00eancia Civil foi lan\u00e7ada por l\u00edderes como o Congresso Nacional Africano (incluindo Nelson Mandela), o Conselho de A\u00e7\u00e3o pela Franquia e o Congresso dos Indianos Sul-Africanos. \u00c9 importante entender que, durante o apartheid, essas fac\u00e7\u00f5es n\u00e3o tinham representa\u00e7\u00e3o pol\u00edtica em nenhuma forma de governo de l\u00edngua afric\u00e2ner. O protesto deveria ser pac\u00edfico, mas a puni\u00e7\u00e3o para tais ofensas era particularmente severa, \u00e0s vezes at\u00e9 fatal.<\/p>\n<p>Durante esse protesto, milhares de sul-africanos negros violaram abertamente leis injustas, entraram em greve e desencadearam uma onda de desobedi\u00eancia civil. Cerca de 8.000 pessoas foram presas nos primeiros anos do protesto. Essa campanha levou a algumas medidas extremas por parte do governo afric\u00e2ner, incluindo a ado\u00e7\u00e3o de novas leis e batidas policiais em escrit\u00f3rios pol\u00edticos. No fim, a campanha n\u00e3o obteve sucesso. Ela alcan\u00e7ou seu objetivo de causar caos, mas n\u00e3o mudou a situa\u00e7\u00e3o. Em vez disso, as leis se tornaram mais r\u00edgidas, as multas mais altas e as penas mais longas. A Campanha de Desobedi\u00eancia Civil foi a primeira grande manifesta\u00e7\u00e3o multicultural contra o apartheid; uma que a \u00c1frica do Sul jamais esquecer\u00e1.<\/p>\n<h2>3. A Tomada da Bastilha<\/h2>\n<p><img loading=\"lazy\" decoding=\"async\" class=\"size-full wp-image-72928 aligncenter\" src=\"https:\/\/imgist.ru\/wp-content\/uploads\/2023\/05\/10-protestov-izmenivshih-mir_64773ca179075.jpeg\" alt=\"\" width=\"640\" height=\"427\" \/><\/p>\n<p>No final do s\u00e9culo XVIII, a Fran\u00e7a estava \u00e0 beira da fal\u00eancia devido ao seu envolvimento na Revolu\u00e7\u00e3o Americana e aos gastos extravagantes do rei Lu\u00eds XVI. Essa situa\u00e7\u00e3o foi agravada por v\u00e1rios anos de colheitas desastrosas, seca, pre\u00e7os exorbitantes do p\u00e3o e doen\u00e7as no gado. Tudo isso levou a uma crescente agita\u00e7\u00e3o civil em todo o pa\u00eds. A Revolu\u00e7\u00e3o Francesa come\u00e7ou extraoficialmente em 1787 contra o rei da Fran\u00e7a e o que hoje chamamos de Antigo Regime, um sistema pol\u00edtico baseado em classes que dividia os cidad\u00e3os em tr\u00eas estados: o clero (Primeiro Estado), a nobreza (Segundo Estado) e todos os demais (Terceiro Estado).<\/p>\n<p>Em resposta \u00e0 agita\u00e7\u00e3o social, as tentativas de mudar moderadamente a Fran\u00e7a come\u00e7aram com a elabora\u00e7\u00e3o de uma constitui\u00e7\u00e3o. No entanto, essas negocia\u00e7\u00f5es fracassaram quando os tr\u00eas estados chegaram a um impasse, levando o Terceiro Estado a se separar da Assembleia Nacional. Os membros rec\u00e9m-formados da Assembleia Nacional prestaram um juramento, agora conhecido como Juramento do Jogo da P\u00e9la, de elaborar uma constitui\u00e7\u00e3o, um poderoso ato de desafio ao rei.<\/p>\n<p>Cresceram os temores de que o rei Lu\u00eds XVI enviasse um ex\u00e9rcito para esmagar a reuni\u00e3o informal da Assembleia Nacional. Como resultado, os cidad\u00e3os franceses sa\u00edram \u00e0s ruas, dirigindo-se ao centro de Paris para defender seus direitos. Em 14 de julho de 1789, uma multid\u00e3o se reuniu ao redor da pris\u00e3o da Bastilha, armada com espadas, mosquetes e outras armas, incluindo armas improvisadas. Os manifestantes invadiram a Bastilha, capturando e matando o governador militar, apreendendo 250 barris de p\u00f3lvora e tomando o controle da pris\u00e3o.<\/p>\n<p>Este momento \u00e9 significativo porque marcou o in\u00edcio oficial da Revolu\u00e7\u00e3o Francesa e deu um impulso incr\u00edvel a uma luta que duraria d\u00e9cadas. Este momento hist\u00f3rico demonstrou o poder do povo e ajudou a moldar as ideias sobre as quais as democracias modernas s\u00e3o constru\u00eddas. A Bastilha simbolizava o regime ditatorial da monarquia e, com sua queda, o Estado de Direito e o poder da monarquia. Em 1792, a monarquia foi oficialmente abolida com as decapita\u00e7\u00f5es de Lu\u00eds XVI e Maria Antonieta.<\/p>\n<h2>2. Pra\u00e7a Tiananmen<\/h2>\n<p>Se observarmos a China, perceberemos que n\u00e3o \u00e9 um pa\u00eds de protestos, e por um bom motivo. H\u00e1 mais de um s\u00e9culo, o Partido Comunista Chin\u00eas (PCC) \u00e9 conhecido por exercer enorme poder e influ\u00eancia sobre seu povo. \u00c9 um pa\u00eds muito complexo, conhecido por muitas coisas, boas e ruins, mas n\u00e3o \u00e9 conhecido por seus protestos ou levantes, pois estes s\u00e3o raros.<\/p>\n<p>Na d\u00e9cada de 1980, a China estava passando por mudan\u00e7as. O PCC tornou-se cada vez mais receptivo a empresas privadas e investimentos estrangeiros e gradualmente come\u00e7ou a se abrir para o mundo, ainda que de forma limitada. Essas mudan\u00e7as foram implementadas por Deng Xiaoping, que serviu como l\u00edder supremo da Rep\u00fablica Popular da China. No entanto, isso gerou alguns problemas.<\/p>\n<p>A agita\u00e7\u00e3o civil na China foi desencadeada por diversos fatores, incluindo restri\u00e7\u00f5es \u00e0 liberdade pol\u00edtica, problemas econ\u00f4micos persistentes, escassez de empregos, aumento da pobreza e educa\u00e7\u00e3o inadequada, que n\u00e3o preparava os estudantes para a economia capitalista de livre mercado da China. Isso levou aos protestos estudantis que come\u00e7aram em 13 de maio de 1989.<\/p>\n<p>Em 20 de maio, foi declarada a lei marcial, 250 mil soldados foram enviados para Pequim e, no final de maio, os protestos j\u00e1 reuniam cerca de um milh\u00e3o de manifestantes. As marchas foram relativamente pac\u00edficas at\u00e9 4 de junho. O PCC esperava que a presen\u00e7a militar fosse suficiente para reprimir os protestos, mas estava enganado. Assim, na madrugada de 4 de junho, soldados e tanques invadiram a pra\u00e7a, disparando muni\u00e7\u00e3o real contra a multid\u00e3o e desencadeando o que ficou conhecido como o Massacre da Pra\u00e7a da Paz Celestial.<\/p>\n<p>O n\u00famero exato de mortos ou presos naquele dia permanece incerto. Jornalistas ocidentais presentes no local estimaram que centenas ou at\u00e9 milhares de pessoas, em sua maioria manifestantes, morreram. Em 5 de junho, eles haviam assegurado a pra\u00e7a e mostrado ao povo chin\u00eas o que uma descida poderia acarretar.<\/p>\n<h2>1. Marcha sobre Washington<\/h2>\n<p><img loading=\"lazy\" decoding=\"async\" class=\"size-full wp-image-81807 aligncenter\" src=\"https:\/\/imgist.ru\/wp-content\/uploads\/2023\/05\/10-protestov-izmenivshih-mir_64773ca27762f.jpeg\" alt=\"\" width=\"640\" height=\"426\" \/><\/p>\n<p>A hist\u00f3ria americana \u00e9 repleta de agita\u00e7\u00e3o civil e protestos. Muitos desses protestos e conflitos t\u00eam a mesma origem: as rela\u00e7\u00f5es raciais. A escravid\u00e3o terminou no s\u00e9culo XIX, especificamente em 1865, mas isso n\u00e3o significava que os Estados Unidos estivessem onde deveriam estar em termos de igualdade. A segrega\u00e7\u00e3o existia de diversas formas em todo o pa\u00eds, como nas leis de Jim Crow. Essas leis foram criadas para separar americanos brancos e negros, discriminando os afro-americanos quanto ao direito de votar, estudar, trabalhar e assim por diante. O descumprimento dessas leis frequentemente resultava em pris\u00e3o, multas, viol\u00eancia e at\u00e9 morte. .<\/p>\n<p>Ao longo da hist\u00f3ria americana, houve muitos casos em que as rela\u00e7\u00f5es raciais foram desafiadas. No entanto, em 28 de agosto de 1963, ocorreu um dos exemplos mais famosos de tal manifesta\u00e7\u00e3o. Liderados pelos renomados l\u00edderes dos direitos civis Martin Luther King Jr., A. Phillip Randolph, Bayard Rustin e John Lewis, mais de 250.000 pessoas de diversas ra\u00e7as se reuniram no Lincoln Memorial, no National Mall, para exigir igualdade de justi\u00e7a para todos os cidad\u00e3os perante a lei dos EUA. .<\/p>\n<p>Em julho de 1963, o presidente Kennedy prop\u00f4s a Lei dos Direitos Civis. Embora tenha hesitado inicialmente em 1961, quando assumiu a presid\u00eancia, os protestos em todo o pa\u00eds, particularmente no Sul, tornaram a quest\u00e3o muito mais dif\u00edcil de ignorar. A Marcha sobre Washington gerou um dos discursos mais famosos do mundo, o de Martin Luther King, &quot;Voc\u00ea quer ser uma mulher?&quot;. <i>Eu tenho um sonho&quot;\u00bb<\/i> .<\/p>\n<p>Como sabemos pela hist\u00f3ria, Kennedy foi assassinado em novembro de 1963, deixando a Lei dos Direitos Civis nas m\u00e3os do rec\u00e9m-empossado Lyndon B. Johnson, e a lei foi sancionada em 1964. A Marcha sobre Washington foi um dos in\u00fameros protestos que ocorreram em todo o pa\u00eds na tentativa de fortalecer a igualdade para todos, uma luta que continua at\u00e9 hoje.<\/p>","protected":false},"excerpt":{"rendered":"<p>A hist\u00f3ria est\u00e1 repleta de momentos em que cidad\u00e3os saem \u00e0s ruas para protestar contra algo com que discordam, algo que afeta suas vidas. Claro, nem todos\u2026<\/p>","protected":false},"author":1,"featured_media":22339,"comment_status":"open","ping_status":"closed","sticky":false,"template":"","format":"standard","meta":{"footnotes":""},"categories":[20],"tags":[],"class_list":["post-22332","post","type-post","status-publish","format-standard","has-post-thumbnail","hentry","category-interesnye-fakty","hvn-theme-has-thumbnail"],"_links":{"self":[{"href":"https:\/\/imgist.ru\/pt\/wp-json\/wp\/v2\/posts\/22332","targetHints":{"allow":["GET"]}}],"collection":[{"href":"https:\/\/imgist.ru\/pt\/wp-json\/wp\/v2\/posts"}],"about":[{"href":"https:\/\/imgist.ru\/pt\/wp-json\/wp\/v2\/types\/post"}],"author":[{"embeddable":true,"href":"https:\/\/imgist.ru\/pt\/wp-json\/wp\/v2\/users\/1"}],"replies":[{"embeddable":true,"href":"https:\/\/imgist.ru\/pt\/wp-json\/wp\/v2\/comments?post=22332"}],"version-history":[{"count":2,"href":"https:\/\/imgist.ru\/pt\/wp-json\/wp\/v2\/posts\/22332\/revisions"}],"predecessor-version":[{"id":138165,"href":"https:\/\/imgist.ru\/pt\/wp-json\/wp\/v2\/posts\/22332\/revisions\/138165"}],"wp:featuredmedia":[{"embeddable":true,"href":"https:\/\/imgist.ru\/pt\/wp-json\/wp\/v2\/media\/22339"}],"wp:attachment":[{"href":"https:\/\/imgist.ru\/pt\/wp-json\/wp\/v2\/media?parent=22332"}],"wp:term":[{"taxonomy":"category","embeddable":true,"href":"https:\/\/imgist.ru\/pt\/wp-json\/wp\/v2\/categories?post=22332"},{"taxonomy":"post_tag","embeddable":true,"href":"https:\/\/imgist.ru\/pt\/wp-json\/wp\/v2\/tags?post=22332"}],"curies":[{"name":"wp","href":"https:\/\/api.w.org\/{rel}","templated":true}]}}