{"id":2381,"date":"2026-05-30T20:30:32","date_gmt":"2026-05-30T17:30:32","guid":{"rendered":"https:\/\/imgist.ru\/94-letnij-klajv-devis-gospitalizirovan-s-infekcziej-verhnih-dyhatelnyh-putej-poslednie-novosti-o-sostoyanii-ego-zdorovya\/"},"modified":"2026-05-30T20:30:32","modified_gmt":"2026-05-30T17:30:32","slug":"clive-davis-de-94-anos-esta-hospitalizado-com-uma-infeccao-do-trato-respiratorio-superior-aqui-estao-as-ultimas-noticias-sobre-seu-estado-de-saude","status":"publish","type":"post","link":"https:\/\/imgist.ru\/pt\/94-letnij-klajv-devis-gospitalizirovan-s-infekcziej-verhnih-dyhatelnyh-putej-poslednie-novosti-o-sostoyanii-ego-zdorovya\/","title":{"rendered":"Clive Davis, de 94 anos, foi hospitalizado com uma infec\u00e7\u00e3o respirat\u00f3ria superior. Ele divulgou as \u00faltimas informa\u00e7\u00f5es sobre seu estado de sa\u00fade."},"content":{"rendered":"<p>Clive Davis, o homem que moldou o som da m\u00fasica americana por mais de seis d\u00e9cadas, est\u00e1 hospitalizado, segundo informa\u00e7\u00f5es do TMZ. .<\/p>\n<p> O magnata da m\u00fasica de 94 anos foi internado em um hospital de Nova York na noite de sexta-feira ap\u00f3s desenvolver uma infec\u00e7\u00e3o respirat\u00f3ria, confirmou seu representante. Os m\u00e9dicos o internaram para tratamento por precau\u00e7\u00e3o. A previs\u00e3o \u00e9 de que ele receba alta em 24 horas.<\/p>\n<h2> As conquistas lend\u00e1rias da carreira de Clive Davis<\/h2>\n<p> Clive Davis possui uma lista impressionante de artistas: ele descobriu Whitney Houston, considerada por muitos a maior vocalista da hist\u00f3ria do pop. Trabalhou com Aretha Franklin, a indiscut\u00edvel rainha do soul. Lan\u00e7ou a carreira de Kelly Clarkson ap\u00f3s sua vit\u00f3ria no American Idol e, no in\u00edcio dos anos 90, cofundou a Bad Boy Records com Sean Combs, ajudando a criar uma das gravadoras mais influentes do hip-hop. <\/p>\n<p> Davis iniciou sua carreira na ind\u00fastria musical no in\u00edcio da d\u00e9cada de 1960 e tornou-se presidente da Columbia Records em 1967, com apenas 35 anos. Em 1974, fundou a Arista Records, onde reuniu um dos elencos de artistas mais impressionantes da hist\u00f3ria da ind\u00fastria.<\/p>\n<p> Sua contribui\u00e7\u00e3o para as artes foi reconhecida em 2000, quando ele foi inclu\u00eddo no Hall da Fama do Rock and Roll como artista n\u00e3o-int\u00e9rprete. O teatro de 200 lugares no Museu Grammy, em Los Angeles, leva seu nome. Seu baile anual de gala do Grammy, realizado na noite anterior \u00e0 cerim\u00f4nia, tornou-se um dos eventos mais cobi\u00e7ados da ind\u00fastria do entretenimento. Em outras palavras, ele \u00e9 uma figura de grande import\u00e2ncia. <\/p>\n<p>&lt;img alt=&#039;\u041d\u042c\u042e-\u0419\u041e\u0420\u041a, \u041d\u042c\u042e-\u0419\u041e\u0420\u041a \u2014 19 \u041c\u0410\u042f: (\u0441\u043b\u0435\u0432\u0430 \u043d\u0430\u043f\u0440\u0430\u0432\u043e) \u041a\u043b\u0430\u0439\u0432 \u0414\u044d\u0432\u0438\u0441, \u0410\u043b\u0438\u0441\u0438\u044f \u041a\u0438\u0437, Chance The Rapper \u0438 Swizz Beatz \u043f\u0440\u0438\u0441\u0443\u0442\u0441\u0442\u0432\u0443\u044e\u0442 \u043d\u0430 \u0442\u043e\u0440\u0436\u0435\u0441\u0442\u0432\u0435\u043d\u043d\u043e\u043c \u0443\u0436\u0438\u043d\u0435 \u0438 \u0430\u0443\u043a\u0446\u0438\u043e\u043d\u0435 \u0424\u043e\u043d\u0434\u0430 \u0413\u043e\u0440\u0434\u043e\u043d\u0430 \u041f\u0430\u0440\u043a\u0441\u0430 2026 \u0433\u043e\u0434\u0430 \u0432 Cipriani 42nd Street 19 \u043c\u0430\u044f 2026 \u0433\u043e\u0434\u0430 \u0432 \u041d\u044c\u044e-\u0419\u043e\u0440\u043a\u0435. (\u0424\u043e\u0442\u043e \u041d\u043e\u0430\u043c\u0430 \u0413\u0430\u043b\u0430\u044f\/Getty Images \u0434\u043b\u044f \u0424\u043e\u043d\u0434\u0430 \u0413\u043e\u0440\u0434\u043e\u043d\u0430 \u041f\u0430\u0440\u043a\u0441\u0430)<\/p>\n<p>Noam Galai \/ Getty Images<\/p>\n<p>\u2018&#039; loading=\u00bblazy\u00bb width=\u00bb960\u2033 height=\u00bb540\u2033 decoding=\u00bbasync\u00bb data-nimg=\u00bb1\u2033 class=\u00bbrounded-lg\u00bb style=\u00bbcolor:transparent\u00bb src=\u00bbhttps:\/\/s.yimg.com\/ny\/api\/res\/1.2\/OvMDLR4Nrb28nZYKtfJGJQ\u2014\/YXBwaWQ9aGlnaGxhbmRlcjt3PTk2MDto PTU0MDtjZj13ZWJw\/https:\/\/media.zenfs.com\/en\/men_s_journal_718\/c8817328cf371db628341db4f0cbca5f&quot;&gt; NOVA YORK, NOVA YORK - 19 DE MAIO: (Da esquerda para a direita) Clive Davis, Alicia Keys, Chance The Rapper e Swizz Beatz comparecem Jantar de Gala e Leil\u00e3o da Funda\u00e7\u00e3o Gordon Parks de 2026 no Cipriani 42nd Street em 19 de maio de 2026, na cidade de Nova York. (Foto de Noam Galai\/Getty Images para a Funda\u00e7\u00e3o Gordon Parks)<\/p>\n<p> Noam Galai\/Getty Images<\/p>\n<h2> Hist\u00f3rico m\u00e9dico de Clive Davis<\/h2>\n<p> A hospitaliza\u00e7\u00e3o de sexta-feira n\u00e3o \u00e9 o primeiro problema de sa\u00fade de Davis nos \u00faltimos anos. Em fevereiro de 2021, ele foi diagnosticado com paralisia de Bell \u2014 uma condi\u00e7\u00e3o que causa paralisia tempor\u00e1ria dos m\u00fasculos faciais \u2014 e foi tratado com antibi\u00f3ticos e esteroides. Na \u00e9poca, sua equipe afirmou que ele estava &quot;de bom humor&quot; e esperava se recuperar em seis a oito semanas.<\/p>\n<p> Aos 94 anos, Clive Davis continua sendo uma das figuras mais ativas e respeitadas da ind\u00fastria musical.<\/p>\n<p> Este artigo foi originalmente publicado na Men&#039;s Journal em 30 de maio de 2026, na se\u00e7\u00e3o de Not\u00edcias. Adicione a Men&#039;s Journal \u00e0 sua lista de fontes preferidas clicando aqui.<\/p>","protected":false},"excerpt":{"rendered":"<p>Clive Davis, o homem que moldou o som da m\u00fasica americana por mais de seis d\u00e9cadas, est\u00e1 hospitalizado, segundo o TMZ. O magnata da m\u00fasica de 94 anos\u2026<\/p>","protected":false},"author":1,"featured_media":2382,"comment_status":"open","ping_status":"closed","sticky":false,"template":"","format":"standard","meta":{"footnotes":""},"categories":[7],"tags":[],"class_list":["post-2381","post","type-post","status-publish","format-standard","has-post-thumbnail","hentry","category-muzyka","hvn-theme-has-thumbnail"],"_links":{"self":[{"href":"https:\/\/imgist.ru\/pt\/wp-json\/wp\/v2\/posts\/2381","targetHints":{"allow":["GET"]}}],"collection":[{"href":"https:\/\/imgist.ru\/pt\/wp-json\/wp\/v2\/posts"}],"about":[{"href":"https:\/\/imgist.ru\/pt\/wp-json\/wp\/v2\/types\/post"}],"author":[{"embeddable":true,"href":"https:\/\/imgist.ru\/pt\/wp-json\/wp\/v2\/users\/1"}],"replies":[{"embeddable":true,"href":"https:\/\/imgist.ru\/pt\/wp-json\/wp\/v2\/comments?post=2381"}],"version-history":[{"count":0,"href":"https:\/\/imgist.ru\/pt\/wp-json\/wp\/v2\/posts\/2381\/revisions"}],"wp:featuredmedia":[{"embeddable":true,"href":"https:\/\/imgist.ru\/pt\/wp-json\/wp\/v2\/media\/2382"}],"wp:attachment":[{"href":"https:\/\/imgist.ru\/pt\/wp-json\/wp\/v2\/media?parent=2381"}],"wp:term":[{"taxonomy":"category","embeddable":true,"href":"https:\/\/imgist.ru\/pt\/wp-json\/wp\/v2\/categories?post=2381"},{"taxonomy":"post_tag","embeddable":true,"href":"https:\/\/imgist.ru\/pt\/wp-json\/wp\/v2\/tags?post=2381"}],"curies":[{"name":"wp","href":"https:\/\/api.w.org\/{rel}","templated":true}]}}