{"id":2750,"date":"2026-05-31T04:12:32","date_gmt":"2026-05-31T01:12:32","guid":{"rendered":"http:\/\/imgist.ru\/kamil-kostek-delitsya-svoimi-myslyami-o-brake-na-fone-romana-s-robom-gronkovski\/"},"modified":"2026-05-31T04:12:32","modified_gmt":"2026-05-31T01:12:32","slug":"kamil-kostek-compartilha-suas-opinioes-sobre-freios-no-contexto-de-roman-com-rob-gronkowski","status":"publish","type":"post","link":"https:\/\/imgist.ru\/pt\/kamil-kostek-delitsya-svoimi-myslyami-o-brake-na-fone-romana-s-robom-gronkovski\/","title":{"rendered":"Camille Kostek compartilha suas reflex\u00f5es sobre o casamento em meio ao seu romance com Rob Gronkowski."},"content":{"rendered":"<p><em>Kamil Kostek compartilha suas reflex\u00f5es sobre casamento em meio ao seu romance com Rob Gronkowski. O artigo original foi publicado no The Sporting News. Adicione o The Sporting News \u00e0 sua lista de fontes preferidas clicando aqui. .<\/em><\/p>\n<p> Kamil Kostek olha para o futuro.<\/p>\n<p> A modelo da Sports Illustrated e ex-cheerleader do New England Patriots namora Rob Gronkowski h\u00e1 mais de dez anos. Eles se conheceram em 2013 em um evento beneficente dos Patriots. Ela era cheerleader do time de futebol americano de Gronkowski, onde ele passou a maior parte de sua carreira. Agora que est\u00e3o juntos desde 2015 (tiveram uma breve separa\u00e7\u00e3o em 2017), ela falou sobre como imaginava sua vida ao lado dele. <\/p>\n<p> \u00abQuando eu tinha 21 anos, com certeza achava que j\u00e1 estaria casada e com filhos, e \u00e0s vezes olho para tr\u00e1s e me julgo \u2014 ou at\u00e9 mesmo agora\u00bb, admitiu ela em um epis\u00f3dio de podcast. <em>Mundo Wag<\/em> , como relata a revista People. &quot;Eu penso: &#039;Nossa, estou atrasada.&#039;&quot;.<\/p>\n<p> No entanto, ela refletiu que, embora a vida nem sempre aconte\u00e7a da maneira que imaginamos, olhando para tr\u00e1s em sua trajet\u00f3ria como modelo e l\u00edder de torcida, \u00e9 importante lembrar que n\u00e3o existe uma \u00fanica maneira certa de viver e que a jornada de cada um \u00e9 \u00fanica.<\/p>\n<p> \u00ab&quot;\u00c9 um lembrete para mim e para os outros de que n\u00e3o estamos destinados a trilhar o mesmo caminho&quot;, diz ela. &quot;N\u00e3o existe um livro da vida. N\u00e3o existe um jeito certo ou errado de viver. Simplesmente deixe ir e seja gentil consigo mesmo.&quot;.<\/p>\n<p> Ela acrescenta: &quot;O que me \u00e9 destinado jamais me escapar\u00e1 \u2013 \u00e9 uma sensa\u00e7\u00e3o maravilhosa e uma lembran\u00e7a t\u00e3o preciosa que devo sempre trazer de volta para mim.&quot;. <\/p>\n<p> Kostek tamb\u00e9m falou sobre como lida com a press\u00e3o de estar sob os holofotes e administrar as carreiras de seu marido. Ela acredita que, no fim das contas, o noivado, o casamento e os filhos vir\u00e3o quando ela achar mais apropriado.<\/p>\n<p> \u00abNo geral, acredito que este \u00e9 o caminho que estou destinada a seguir\u00bb, conclui ela, acrescentando: \u00abEu estava no lugar certo na hora certa e mal posso esperar para ver como tudo o mais se desenrolar\u00e1\u00bb.<\/p>\n<p> A modelo apareceu recentemente na edi\u00e7\u00e3o de 2026 da revista Sports Illustrated Swimsuit ao lado de Alix Earl, Livvy Dunn e outras.<\/p>\n<h2> Mais not\u00edcias sobre estilo de vida: <\/h2>\n<ul>\n<li>\n<p> A resposta enigm\u00e1tica de Travis Kelsey \u00e0 mudan\u00e7a de nome de Taylor Swift ap\u00f3s o casamento. <\/p>\n<\/li>\n<li>\n<p> Megan Thee Stallion impressionou com um vestido branco decotado em meio \u00e0 suposta rea\u00e7\u00e3o negativa contra Klay Thompson. <\/p>\n<\/li>\n<li>\n<p> Megan Thee Stallion surpreendeu a todos com seu mai\u00f4 preto e branco ap\u00f3s uma suposta ofensa dirigida a Klay Thompson. <\/p>\n<\/li>\n<li>\n<p> Em sua nova m\u00fasica, Megan Thee Stallion parece estar abordando o t\u00e9rmino de seu relacionamento com Klay Thompson. <\/p>\n<\/li>\n<li>\n<p> Alix Earl compartilhou sua rea\u00e7\u00e3o emocionada ao reencontro de Braxton Berrios.<\/p>\n<\/li>\n<\/ul>","protected":false},"excerpt":{"rendered":"<p>Kamil Kostek compartilha suas reflex\u00f5es sobre casamento em meio ao seu romance com Rob Gronkowski. O artigo original foi publicado no The Sporting News. Adicione o The Sporting\u2026<\/p>","protected":false},"author":1,"featured_media":2751,"comment_status":"open","ping_status":"closed","sticky":false,"template":"","format":"standard","meta":{"footnotes":""},"categories":[5],"tags":[],"class_list":["post-2750","post","type-post","status-publish","format-standard","has-post-thumbnail","hentry","category-selebriti","hvn-theme-has-thumbnail"],"_links":{"self":[{"href":"https:\/\/imgist.ru\/pt\/wp-json\/wp\/v2\/posts\/2750","targetHints":{"allow":["GET"]}}],"collection":[{"href":"https:\/\/imgist.ru\/pt\/wp-json\/wp\/v2\/posts"}],"about":[{"href":"https:\/\/imgist.ru\/pt\/wp-json\/wp\/v2\/types\/post"}],"author":[{"embeddable":true,"href":"https:\/\/imgist.ru\/pt\/wp-json\/wp\/v2\/users\/1"}],"replies":[{"embeddable":true,"href":"https:\/\/imgist.ru\/pt\/wp-json\/wp\/v2\/comments?post=2750"}],"version-history":[{"count":0,"href":"https:\/\/imgist.ru\/pt\/wp-json\/wp\/v2\/posts\/2750\/revisions"}],"wp:featuredmedia":[{"embeddable":true,"href":"https:\/\/imgist.ru\/pt\/wp-json\/wp\/v2\/media\/2751"}],"wp:attachment":[{"href":"https:\/\/imgist.ru\/pt\/wp-json\/wp\/v2\/media?parent=2750"}],"wp:term":[{"taxonomy":"category","embeddable":true,"href":"https:\/\/imgist.ru\/pt\/wp-json\/wp\/v2\/categories?post=2750"},{"taxonomy":"post_tag","embeddable":true,"href":"https:\/\/imgist.ru\/pt\/wp-json\/wp\/v2\/tags?post=2750"}],"curies":[{"name":"wp","href":"https:\/\/api.w.org\/{rel}","templated":true}]}}