{"id":2766,"date":"2026-05-31T04:13:31","date_gmt":"2026-05-31T01:13:31","guid":{"rendered":"http:\/\/imgist.ru\/bella-hadid-nyrnula-v-kroshechnoe-rozovoe-vyazanoe-bikini-vo-vremya-otdyha-na-yahte-v-sen-trope\/"},"modified":"2026-08-29T11:28:27","modified_gmt":"2026-08-29T08:28:27","slug":"bella-hadid-surge-deslumbrante-em-um-minusculo-biquini-rosa-de-alcas-cruzadas-no-pescoco-durante-um-passeio-de-iate-em-saint-tropez","status":"publish","type":"post","link":"https:\/\/imgist.ru\/pt\/bella-hadid-nyrnula-v-kroshechnoe-rozovoe-vyazanoe-bikini-vo-vremya-otdyha-na-yahte-v-sen-trope\/","title":{"rendered":"Bella Hadid vestiu um min\u00fasculo biqu\u00edni rosa de croch\u00ea enquanto passeava de iate em Saint-Tropez."},"content":{"rendered":"<h3>A ess\u00eancia <\/h3>\n<ul>\n<li>\n<p> Bella Hadid usou um min\u00fasculo biqu\u00edni rosa de tric\u00f4 durante um passeio matinal tranquilo de iate em Saint-Tropez. <\/p>\n<\/li>\n<li>\n<p> Em fotos publicadas no Instagram em 30 de maio, Hadid combinou o mai\u00f4 com \u00f3culos de sol pretos e uma camisa de gola larga. <\/p>\n<\/li>\n<li>\n<p> Hadid tamb\u00e9m compartilhou v\u00e1rias outras fotos de biqu\u00edni de suas f\u00e9rias, incluindo um min\u00fasculo biqu\u00edni fio-dental met\u00e1lico.<\/p>\n<\/li>\n<\/ul>\n<p> No s\u00e1bado, Bella Hadid levou seu caf\u00e9 da manh\u00e3 para passear. No dia 30 de maio, Hadid compartilhou fotos de uma viagem recente a Saint-Tropez, onde aproveitou o sol em um superiate com amigos e familiares, incluindo Anwar Hadid e Yolanda Hadid. Com uma x\u00edcara de caf\u00e9 gelado na m\u00e3o, Bella relaxou na \u00e1gua usando um min\u00fasculo biqu\u00edni rosa de tric\u00f4 nas fotos publicadas no Instagram. .<\/p>\n<p> O biqu\u00edni que Bella usou para seu mergulho matinal era quase uma roupa de ficar em casa. Ao observ\u00e1-lo mais de perto, o design de tric\u00f4 apresentava um sutil padr\u00e3o em ziguezague ao longo do c\u00f3s e dos bojos, unidos por um fino fio rosa. Na jun\u00e7\u00e3o dos bojos com as al\u00e7as, o biqu\u00edni era adornado com dois la\u00e7os brancos de tric\u00f4. Para completar o look charmoso, a ousada parte de baixo do biqu\u00edni de Hadid era decorada com dois elementos florais brancos. <\/p>\n<p> Bella Hadid em um biqu\u00edni de tric\u00f4 rosa em um barco em 30 de maio de 2026. Foto: Bella Hadid\/Instagram<\/p>\n<p> Al\u00e9m de fotos dela relaxando ao sol e rindo com amigos, Hadid tamb\u00e9m postou um v\u00eddeo pulando na \u00e1gua e saindo com os cabelos molhados, o que ela exibiu em outra foto. <\/p>\n<p> Em uma foto publicada no Instagram de Fanny Bourdette-Donon, Hadid tamb\u00e9m usava um mai\u00f4 de uma pe\u00e7a sem costas da Emilio Pucci. O mai\u00f4 tinha um decote profundo nas costas e uma barra com babados. Era adornado com uma estampa geom\u00e9trica em v\u00e1rios tons de vermelho, laranja e marrom. Ela complementou o look com \u00f3culos de sol pretos, um anel de diamante rosa da Shay e um sorvete, que compartilhou com Bourdette-Donon. <\/p>\n<p> Bella Hadid em um biqu\u00edni de tric\u00f4 rosa em um barco em 30 de maio de 2026. Foto: Bella Hadid\/Instagram<\/p>\n<p> O guarda-roupa de Hadid para o iate tamb\u00e9m inclu\u00eda um mai\u00f4 azul-a\u00e7o da Miyake Design Studio, um mai\u00f4 preto com decote nas costas e detalhes em azul, al\u00e9m de uma calcinha combinando da Some Bodee e um top cropped branco com babados. Ela complementou o look, no qual aparece sentada, trabalhando em um caderno e tomando caf\u00e9, com joias douradas.<\/p>\n<p> No in\u00edcio desta semana, a modelo tamb\u00e9m impressionou com um biqu\u00edni vermelho vibrante e uma gargantilha de contas combinando, al\u00e9m de um biqu\u00edni met\u00e1lico que deixava a barriga \u00e0 mostra e parecia refletir os raios de sol de todos os \u00e2ngulos. <\/p>\n<p> Bella Hadid em um biqu\u00edni de tric\u00f4 rosa em um barco em 30 de maio de 2026. Foto: Bella Hadid\/Instagram<\/p>\n<p> Leia o artigo original na InStyle.<\/p>","protected":false},"excerpt":{"rendered":"<p>Bella Hadid usou um min\u00fasculo biqu\u00edni rosa de tric\u00f4 durante um passeio matinal de iate em Saint-Tropez. Em fotos postadas no Instagram em 30\u2026<\/p>","protected":false},"author":1,"featured_media":2767,"comment_status":"open","ping_status":"closed","sticky":false,"template":"","format":"standard","meta":{"footnotes":""},"categories":[5],"tags":[],"class_list":["post-2766","post","type-post","status-publish","format-standard","has-post-thumbnail","hentry","category-selebriti","hvn-theme-has-thumbnail"],"_links":{"self":[{"href":"https:\/\/imgist.ru\/pt\/wp-json\/wp\/v2\/posts\/2766","targetHints":{"allow":["GET"]}}],"collection":[{"href":"https:\/\/imgist.ru\/pt\/wp-json\/wp\/v2\/posts"}],"about":[{"href":"https:\/\/imgist.ru\/pt\/wp-json\/wp\/v2\/types\/post"}],"author":[{"embeddable":true,"href":"https:\/\/imgist.ru\/pt\/wp-json\/wp\/v2\/users\/1"}],"replies":[{"embeddable":true,"href":"https:\/\/imgist.ru\/pt\/wp-json\/wp\/v2\/comments?post=2766"}],"version-history":[{"count":4,"href":"https:\/\/imgist.ru\/pt\/wp-json\/wp\/v2\/posts\/2766\/revisions"}],"predecessor-version":[{"id":145722,"href":"https:\/\/imgist.ru\/pt\/wp-json\/wp\/v2\/posts\/2766\/revisions\/145722"}],"wp:featuredmedia":[{"embeddable":true,"href":"https:\/\/imgist.ru\/pt\/wp-json\/wp\/v2\/media\/2767"}],"wp:attachment":[{"href":"https:\/\/imgist.ru\/pt\/wp-json\/wp\/v2\/media?parent=2766"}],"wp:term":[{"taxonomy":"category","embeddable":true,"href":"https:\/\/imgist.ru\/pt\/wp-json\/wp\/v2\/categories?post=2766"},{"taxonomy":"post_tag","embeddable":true,"href":"https:\/\/imgist.ru\/pt\/wp-json\/wp\/v2\/tags?post=2766"}],"curies":[{"name":"wp","href":"https:\/\/api.w.org\/{rel}","templated":true}]}}