{"id":2816,"date":"2026-05-31T04:28:56","date_gmt":"2026-05-31T01:28:56","guid":{"rendered":"https:\/\/imgist.ru\/morgan-uollen-perevernul-pianino-iz-za-tehnicheskoj-nepoladki-vo-vremya-ispolneniya-pesni-sand-in-my-boots-na-konczerte-v-denvere\/"},"modified":"2026-08-24T16:40:26","modified_gmt":"2026-08-24T13:40:26","slug":"morgan-woollen-derrubou-um-piano-devido-a-uma-falha-tecnica-durante-sua-apresentacao-de-sand-in-my-boots-em-um-show-em-denver","status":"publish","type":"post","link":"https:\/\/imgist.ru\/pt\/morgan-uollen-perevernul-pianino-iz-za-tehnicheskoj-nepoladki-vo-vremya-ispolneniya-pesni-sand-in-my-boots-na-konczerte-v-denvere\/","title":{"rendered":"Morgan Wallen virou um piano devido a um problema t\u00e9cnico durante a apresenta\u00e7\u00e3o de &quot;Sand In My Boots&quot; em um show em Denver."},"content":{"rendered":"<p>Morgan Wallen enfrentou dificuldades t\u00e9cnicas durante sua apresenta\u00e7\u00e3o da turn\u00ea Still the Problem em Denver, na noite de sexta-feira (29 de maio).<\/p>\n<p> Ao apresentar &quot;Sand In My Boots&quot; no primeiro de dois shows no Empower Field at Mile High, o cantor country de 33 anos pareceu frustrado ao piano porque aparentemente n\u00e3o conseguia ouvir o instrumento direito.<\/p>\n<p> <strong>Mais not\u00edcias da Billboard<\/strong> <\/p>\n<ul>\n<li>\n<p> Por que a Austin Neal Agency contratou Morgan Wallen, Riley Green e Ella Langley: &quot;Como podemos tornar isso o mais f\u00e1cil poss\u00edvel para eles?&quot;\u00ab <\/p>\n<\/li>\n<li>\n<p> Morgan Wallen sobe ao palco com Caitlin Clarke durante um show no Est\u00e1dio de Indian\u00e1polis. <\/p>\n<\/li>\n<li>\n<p> Morgan Wallen criticou as celebridades que desistiram de um show em Las Vegas no \u00faltimo minuto: &quot;H\u00e1 algumas pessoas pouco confi\u00e1veis nesta cidade.&quot;. <\/p>\n<\/li>\n<\/ul>\n<p> Wallen, vestindo uma camisa do Colorado Rockies com o nome de Todd Helton por cima de uma camiseta preta, shorts combinando e um bon\u00e9 virado para tr\u00e1s, levantou-se repentinamente no meio da apresenta\u00e7\u00e3o enquanto terminava uma m\u00fasica a cappella, voltou e derrubou um piano. &quot;Sand in My Boots&quot; chegou ao topo das paradas. <em>Outdoor<\/em> Execu\u00e7\u00e3o nas r\u00e1dios country em fevereiro de 2022.<\/p>\n<p> Os f\u00e3s pareceram apreciar o momento espont\u00e2neo, com muitos elogiando a performance vocal solo de Wallen na se\u00e7\u00e3o de coment\u00e1rios de uma publica\u00e7\u00e3o no Instagram contendo imagens do incidente gravadas por um f\u00e3.<\/p>\n<p> \u00ab&quot;O piano \u00e9 desnecess\u00e1rio... deixe-o de fora!! Soa melhor sem ele!!&quot;, escreveu uma pessoa. &quot;Imagine ele apresentando esse lindo solo a cappella e tudo o que ele consegue pensar \u00e9 em derrubar aquele maldito piano&quot;, comentou outra. &quot;Esse homem n\u00e3o precisa de m\u00fasica de fundo quando se apresenta sem som. Ele \u00e9 o melhor cantor a cappella&quot;, comentou uma terceira.<\/p>\n<p> Como j\u00e1 se tornou tradi\u00e7\u00e3o na turn\u00ea, a cantora de &quot;Last Night&quot; abriu o show de sexta-feira aparecendo no palco com o lend\u00e1rio quarterback do Denver Broncos, John Elway. <\/p>\n<p> O concerto contou ainda com as atua\u00e7\u00f5es de abertura de Brooks &amp; Dunn, Gavin Adcock e Zach John King.<\/p>\n<p> Wallen retorna ao Empower Field at Mile High em Denver no s\u00e1bado (30 de maio) para um segundo show. Em seguida, ele segue para Pittsburgh para dois shows consecutivos no Acrisure Stadium nos dias 5 e 6 de junho. O cantor tem v\u00e1rios shows em est\u00e1dios agendados por todos os Estados Unidos at\u00e9 agosto.<\/p>\n<p> Wallen est\u00e1 em turn\u00ea para promover seu mais recente \u00e1lbum de est\u00fadio. <em>Eu sou o problema<\/em> , que estreou em primeiro lugar na parada Billboard 200 em maio de 2025. O \u00e1lbum permaneceu no topo da parada por 13 semanas (com interrup\u00e7\u00f5es). <\/p>\n<p> Passe VIP para o outdoor<\/p>\n<p> <strong>Os melhores da Billboard<\/strong> <\/p>\n<ul>\n<li>\n<p> Os maiores sucessos de Janet Jackson na Billboard Hot 100 <\/p>\n<\/li>\n<li>\n<p> An\u00e1lise das paradas musicais: Em 1996, &quot;Baby&quot;, de Mariah Carey, alcan\u00e7ou o primeiro lugar na parada Hot 100. <\/p>\n<\/li>\n<li>\n<p> An\u00e1lise das paradas musicais: Em 1989, o New Kids on the Block alcan\u00e7ou o primeiro lugar nas paradas com &quot;Hangin&#039; Tough&quot;.<\/p>\n<\/li>\n<\/ul>\n<p> Assine a newsletter da Billboard. Para ficar por dentro das \u00faltimas not\u00edcias, siga-nos no Facebook, Twitter e Instagram. .<\/p>","protected":false},"excerpt":{"rendered":"<p>Morgan Wallen enfrentou dificuldades t\u00e9cnicas durante sua apresenta\u00e7\u00e3o em Denver na sexta-feira \u00e0 noite (29 de maio), como parte de sua turn\u00ea Still the Problem. Durante a apresenta\u00e7\u00e3o\u2026<\/p>","protected":false},"author":1,"featured_media":2817,"comment_status":"open","ping_status":"closed","sticky":false,"template":"","format":"standard","meta":{"footnotes":""},"categories":[7],"tags":[],"class_list":["post-2816","post","type-post","status-publish","format-standard","has-post-thumbnail","hentry","category-muzyka","hvn-theme-has-thumbnail"],"_links":{"self":[{"href":"https:\/\/imgist.ru\/pt\/wp-json\/wp\/v2\/posts\/2816","targetHints":{"allow":["GET"]}}],"collection":[{"href":"https:\/\/imgist.ru\/pt\/wp-json\/wp\/v2\/posts"}],"about":[{"href":"https:\/\/imgist.ru\/pt\/wp-json\/wp\/v2\/types\/post"}],"author":[{"embeddable":true,"href":"https:\/\/imgist.ru\/pt\/wp-json\/wp\/v2\/users\/1"}],"replies":[{"embeddable":true,"href":"https:\/\/imgist.ru\/pt\/wp-json\/wp\/v2\/comments?post=2816"}],"version-history":[{"count":1,"href":"https:\/\/imgist.ru\/pt\/wp-json\/wp\/v2\/posts\/2816\/revisions"}],"predecessor-version":[{"id":142298,"href":"https:\/\/imgist.ru\/pt\/wp-json\/wp\/v2\/posts\/2816\/revisions\/142298"}],"wp:featuredmedia":[{"embeddable":true,"href":"https:\/\/imgist.ru\/pt\/wp-json\/wp\/v2\/media\/2817"}],"wp:attachment":[{"href":"https:\/\/imgist.ru\/pt\/wp-json\/wp\/v2\/media?parent=2816"}],"wp:term":[{"taxonomy":"category","embeddable":true,"href":"https:\/\/imgist.ru\/pt\/wp-json\/wp\/v2\/categories?post=2816"},{"taxonomy":"post_tag","embeddable":true,"href":"https:\/\/imgist.ru\/pt\/wp-json\/wp\/v2\/tags?post=2816"}],"curies":[{"name":"wp","href":"https:\/\/api.w.org\/{rel}","templated":true}]}}