{"id":3018,"date":"2026-05-31T10:28:37","date_gmt":"2026-05-31T07:28:37","guid":{"rendered":"https:\/\/imgist.ru\/frenki-valli-zavershil-proshhalnyj-tur-four-seasons-soslavshis-na-problemy-so-zdorovem\/"},"modified":"2026-08-29T11:28:55","modified_gmt":"2026-08-29T08:28:55","slug":"frankie-valli-encerrou-suas-ultimas-quatro-temporadas-alegando-problemas-de-saude","status":"publish","type":"post","link":"https:\/\/imgist.ru\/pt\/frenki-valli-zavershil-proshhalnyj-tur-four-seasons-soslavshis-na-problemy-so-zdorovem\/","title":{"rendered":"Frankie Valli encerrou sua turn\u00ea de despedida do Four Seasons, alegando problemas de sa\u00fade."},"content":{"rendered":"<p>Frankie Valli, cujo falsete lend\u00e1rio definiu o som da banda de rock dos anos 1960, The Four Seasons, cancelou as datas restantes da turn\u00ea da banda em 2026, alegando problemas de sa\u00fade.<\/p>\n<p> \u00ab&quot;Lamento muito desapontar aqueles que compraram ingressos para meus shows, mas decidi fazer uma pausa nas turn\u00eas pelo resto do ano para me concentrar na minha sa\u00fade&quot;, escreveu a cantora de 92 anos nas redes sociais na sexta-feira.<\/p>\n<p> Valli, vocalista e \u00fanico membro original remanescente dos Four Seasons, lan\u00e7ou uma extensa turn\u00ea de despedida, intitulada &quot;The Last Encores&quot;, em outubro de 2023. <\/p>\n<p> Frankie Valli, de 92 anos, cancelou as datas restantes de sua turn\u00ea Four Seasons de 2026 devido a problemas de sa\u00fade.<\/p>\n<p> Os concertos agendados para abril deste ano foram adiados para datas no ver\u00e3o e no outono. <\/p>\n<p> Agora, todos os oito shows restantes de 2026, em cidades que v\u00e3o de Scottsdale, no Arizona, a Detroit, foram cancelados por completo.<\/p>\n<p> Os Four Seasons alcan\u00e7aram a fama na d\u00e9cada de 1960, mas os sucessos do grupo \u2014 de &quot;Sherry&quot; a &quot;December 1963 (Oh What a Night)&quot; \u2014 abrangem v\u00e1rias d\u00e9cadas.<\/p>\n<p> Os Four Seasons venderam 100 milh\u00f5es de discos em todo o mundo e foram inclu\u00eddos no Hall da Fama do Rock and Roll em 1990.<\/p>\n<p> Valli, que tamb\u00e9m construiu uma carreira solo de sucesso, recebeu um pr\u00eamio Grammy por sua contribui\u00e7\u00e3o ao cinema em 2026. <\/p>\n<p> Valli se dirigiu aos seus f\u00e3s nas redes sociais, declarando: &quot;Lamento muito desapontar aqueles que compraram ingressos para os meus shows, mas decidi fazer uma pausa nas turn\u00eas pelo resto do ano para me concentrar na minha sa\u00fade.&quot;.<\/p>\n<p> Valli, conhecido por sua agenda de turn\u00eas agitada apesar da idade, parece ter deixado a porta aberta para futuras apresenta\u00e7\u00f5es.<\/p>\n<p> \u00ab&quot;Espero me recuperar e ver todos voc\u00eas em breve&quot;, concluiu Valli em sua mensagem de sexta-feira.<\/p>","protected":false},"excerpt":{"rendered":"<p>Frankie Valli, cujo falsete lend\u00e1rio definiu o som da banda de rock dos anos 1960, The Four Seasons, cancelou as datas restantes da turn\u00ea de 2026 da banda, citando...<\/p>","protected":false},"author":1,"featured_media":3019,"comment_status":"open","ping_status":"closed","sticky":false,"template":"","format":"standard","meta":{"footnotes":""},"categories":[7],"tags":[],"class_list":["post-3018","post","type-post","status-publish","format-standard","has-post-thumbnail","hentry","category-muzyka","hvn-theme-has-thumbnail"],"_links":{"self":[{"href":"https:\/\/imgist.ru\/pt\/wp-json\/wp\/v2\/posts\/3018","targetHints":{"allow":["GET"]}}],"collection":[{"href":"https:\/\/imgist.ru\/pt\/wp-json\/wp\/v2\/posts"}],"about":[{"href":"https:\/\/imgist.ru\/pt\/wp-json\/wp\/v2\/types\/post"}],"author":[{"embeddable":true,"href":"https:\/\/imgist.ru\/pt\/wp-json\/wp\/v2\/users\/1"}],"replies":[{"embeddable":true,"href":"https:\/\/imgist.ru\/pt\/wp-json\/wp\/v2\/comments?post=3018"}],"version-history":[{"count":2,"href":"https:\/\/imgist.ru\/pt\/wp-json\/wp\/v2\/posts\/3018\/revisions"}],"predecessor-version":[{"id":145940,"href":"https:\/\/imgist.ru\/pt\/wp-json\/wp\/v2\/posts\/3018\/revisions\/145940"}],"wp:featuredmedia":[{"embeddable":true,"href":"https:\/\/imgist.ru\/pt\/wp-json\/wp\/v2\/media\/3019"}],"wp:attachment":[{"href":"https:\/\/imgist.ru\/pt\/wp-json\/wp\/v2\/media?parent=3018"}],"wp:term":[{"taxonomy":"category","embeddable":true,"href":"https:\/\/imgist.ru\/pt\/wp-json\/wp\/v2\/categories?post=3018"},{"taxonomy":"post_tag","embeddable":true,"href":"https:\/\/imgist.ru\/pt\/wp-json\/wp\/v2\/tags?post=3018"}],"curies":[{"name":"wp","href":"https:\/\/api.w.org\/{rel}","templated":true}]}}