{"id":3063,"date":"2026-05-31T11:34:19","date_gmt":"2026-05-31T08:34:19","guid":{"rendered":"https:\/\/imgist.ru\/dzhanaj-norman-podelilas-trogatelnymi-novostyami-iz-svoej-zhizni-posle-vnezapnogo-uhoda-s-telekanala-gma-v-to-vremya-kak-poklonniki-umolyayut-ee-vernutsya\/"},"modified":"2026-08-29T11:29:03","modified_gmt":"2026-08-29T08:29:03","slug":"janaj-norman-compartilhou-noticias-emocionantes-sobre-sua-vida-apos-sua-saida-repentina-da-gma-mesmo-com-os-fas-implorando-por-seu-retorno","status":"publish","type":"post","link":"https:\/\/imgist.ru\/pt\/dzhanaj-norman-podelilas-trogatelnymi-novostyami-iz-svoej-zhizni-posle-vnezapnogo-uhoda-s-telekanala-gma-v-to-vremya-kak-poklonniki-umolyayut-ee-vernutsya\/","title":{"rendered":"Janay Norman compartilhou not\u00edcias emocionantes sobre sua vida ap\u00f3s sua sa\u00edda repentina da GMA, enquanto os f\u00e3s imploram por seu retorno."},"content":{"rendered":"<p>Janay Norman falou abertamente sobre como tem sido sua vida desde sua repentina sa\u00edda de <em>GMA<\/em> Em abril de 2026.<\/p>\n<p>A jornalista tamb\u00e9m destacou sua fam\u00edlia, compartilhando um v\u00eddeo ador\u00e1vel de seus tr\u00eas filhos tocando piano, com a legenda: &quot;H\u00e1 algo de especial nos beb\u00eas&quot;, acompanhada de um emoji de risada.<\/p>\n<p>Seu filho mais novo, Earthside, nasceu em 2023, o do meio em 2020 e o mais velho em 2017, embora a jornalista tenha optado por n\u00e3o divulgar os nomes dos outros filhos. Janai \u00e9 casada com Eli Norman desde 2018.<\/p>\n<p> Janay compartilhou uma foto ador\u00e1vel de seus filhos (no Instagram).<\/p>\n<h2>Rea\u00e7\u00e3o dos f\u00e3s<\/h2>\n<p>Os f\u00e3s adoraram os v\u00eddeos emocionantes e imediatamente inundaram a se\u00e7\u00e3o de coment\u00e1rios com mensagens de apoio \u00e0 fam\u00edlia. Uma pessoa escreveu: &quot;Que fofo! \u00c9 maravilhoso que voc\u00eas possam aproveitar esses pequenos momentos com eles. Espero que todos estejam bem.&quot;.<\/p>\n<p>Janay respondeu: &quot;Estou \u00f3tima. Estou aproveitando cada momento.&quot; Um segundo f\u00e3 acrescentou: &quot;Agora eles ter\u00e3o muito mais tempo para passar com a m\u00e3e&quot;, ao que Janay respondeu: &quot;Muito mais mesmo.&quot;.<\/p>\n<p> Ela tem tr\u00eas filhos (Instagram)<\/p>\n<p>Um seguidor comentou: &quot;N\u00f3s (todos n\u00f3s) SENTIMOS MUITA SAUDADE DE VOC\u00ca! As coisas n\u00e3o s\u00e3o mais as mesmas. Nos avise para onde voc\u00ea vai em seguida. Estaremos l\u00e1.&quot;.<\/p>\n<p>Em seus Stories do Instagram, Janay tamb\u00e9m compartilhou uma foto de seus filhos pequenos se divertindo na \u00e1gua, com a legenda: &quot;Ainda os mais felizes&quot;.<\/p>\n<h3>Voc\u00ea tamb\u00e9m pode gostar<\/h3>\n<ol>\n<li>\n<h3>Janay Norman d\u00e1 a entender o verdadeiro motivo por tr\u00e1s de sua sa\u00edda repentina da GMA.<\/h3>\n<\/li>\n<\/ol>\n<p> Janay \u00e9 casada com o marido desde 2018 (Getty Images).<\/p>\n<h2>Por que Janay saiu da GMA?<\/h2>\n<p>O canal de televis\u00e3o n\u00e3o quis renovar o contrato com a estrela da TV, apesar de ela coapresentar programas de fim de semana no canal ABC desde 2022.<\/p>\n<p>Na \u00e9poca, ela escreveu nas redes sociais: &quot;Eu esperava que tiv\u00e9ssemos mais tempo, e \u00e9 de partir o cora\u00e7\u00e3o que isso tenha sido interrompido t\u00e3o repentinamente. Eu amava meu trabalho. Era uma alegria me conectar com meus colegas e telespectadores, mant\u00ea-los informados, entret\u00ea-los e construir esta comunidade.&quot;.<\/p>\n<p>Janay acrescentou: &quot;Sinto muito por n\u00e3o poder me despedir. Sinto muito mesmo por n\u00e3o poder fazer isso. Teria sido maravilhoso.&quot;.<\/p>\n<p> A estrela se concentra principalmente em seus filhos e fam\u00edlia (Getty Images)<\/p>\n<h2>A mentalidade de Janai<\/h2>\n<p>Apesar dos desafios da sua carreira, Janay planejou aproveitar ao m\u00e1ximo seu tempo livre, concentrando-se nos filhos e criando momentos inesquec\u00edveis com eles.<\/p>\n<p>Janay escreveu online: &quot;Tenho tr\u00eas filhos pequenos e trabalhei nos fins de semana durante toda a vida deles, ent\u00e3o agora eles recebem mais aten\u00e7\u00e3o minha e isso vale tudo.&quot;.<\/p>\n<p>Ela continuou: &quot;Ent\u00e3o, fiquem ligados. Sinto muito. Eu entendo, e agrade\u00e7o a cada um de voc\u00eas que me escreveram palavras t\u00e3o gentis e encorajadoras. Eu realmente precisava disso, e agrade\u00e7o muito.&quot;.<\/p>\n<p>A jornalista legendou o v\u00eddeo: &quot;Li todas as mensagens. E sou profundamente grata pelo carinho. Haver\u00e1 mais quando chegar a hora.&quot;.<\/p>","protected":false},"excerpt":{"rendered":"<p>Janay Norman falou abertamente sobre como tem sido sua vida desde sua sa\u00edda abrupta da GMA em abril de 2026. A jornalista focou em\u2026<\/p>","protected":false},"author":1,"featured_media":3064,"comment_status":"open","ping_status":"open","sticky":false,"template":"","format":"standard","meta":{"footnotes":""},"categories":[6],"tags":[],"class_list":["post-3063","post","type-post","status-publish","format-standard","has-post-thumbnail","hentry","category-kinoindustriya","hvn-theme-has-thumbnail"],"_links":{"self":[{"href":"https:\/\/imgist.ru\/pt\/wp-json\/wp\/v2\/posts\/3063","targetHints":{"allow":["GET"]}}],"collection":[{"href":"https:\/\/imgist.ru\/pt\/wp-json\/wp\/v2\/posts"}],"about":[{"href":"https:\/\/imgist.ru\/pt\/wp-json\/wp\/v2\/types\/post"}],"author":[{"embeddable":true,"href":"https:\/\/imgist.ru\/pt\/wp-json\/wp\/v2\/users\/1"}],"replies":[{"embeddable":true,"href":"https:\/\/imgist.ru\/pt\/wp-json\/wp\/v2\/comments?post=3063"}],"version-history":[{"count":6,"href":"https:\/\/imgist.ru\/pt\/wp-json\/wp\/v2\/posts\/3063\/revisions"}],"predecessor-version":[{"id":145960,"href":"https:\/\/imgist.ru\/pt\/wp-json\/wp\/v2\/posts\/3063\/revisions\/145960"}],"wp:featuredmedia":[{"embeddable":true,"href":"https:\/\/imgist.ru\/pt\/wp-json\/wp\/v2\/media\/3064"}],"wp:attachment":[{"href":"https:\/\/imgist.ru\/pt\/wp-json\/wp\/v2\/media?parent=3063"}],"wp:term":[{"taxonomy":"category","embeddable":true,"href":"https:\/\/imgist.ru\/pt\/wp-json\/wp\/v2\/categories?post=3063"},{"taxonomy":"post_tag","embeddable":true,"href":"https:\/\/imgist.ru\/pt\/wp-json\/wp\/v2\/tags?post=3063"}],"curies":[{"name":"wp","href":"https:\/\/api.w.org\/{rel}","templated":true}]}}